{"id":87148,"date":"2026-09-04T08:50:20","date_gmt":"2026-09-04T06:50:20","guid":{"rendered":"https:\/\/edublog.educastur.es\/ixuxu\/?p=87148"},"modified":"2026-09-03T22:26:39","modified_gmt":"2026-09-03T20:26:39","slug":"87148","status":"publish","type":"post","link":"https:\/\/edublog.educastur.es\/ixuxu\/2026\/09\/87148\/","title":{"rendered":"Avisu mariellu por altes temperatures para ma\u00f1ana vienres"},"content":{"rendered":"<p style=\"text-align: center\"><a href=\"https:\/\/pbs.twimg.com\/media\/HRSJZZwWQAAywzd?format=png&amp;name=4096x4096\"><img loading=\"lazy\" decoding=\"async\" class=\"aligncenter size-large\" src=\"https:\/\/pbs.twimg.com\/media\/HRSJZZwWQAAywzd?format=png&amp;name=4096x4096\" width=\"3840\" height=\"2160\" \/><\/a><\/p>\n<div class=\"css-g5y9jx\">\n<div id=\"id__9iods572mus\" class=\"css-146c3p1 r-bcqeeo r-1ttztb7 r-qvutc0 r-37j5jr r-a023e6 r-rjixqe r-16dba41 r-bnwqim\" dir=\"auto\" lang=\"es\" data-testid=\"tweetText\"><span class=\"css-1jxf684 r-bcqeeo r-1ttztb7 r-qvutc0 r-poiln3\">\u2757\ufe0f\u2757\ufe0f\ud83d\udfe1AVISU POR ALTAS TEMPERATURES NEN SUROCCIDENTE \ud83c\udf21\ufe0f\ud83c\udf1e L&#8217;Axencia de Meteorolox\u00eda tien activ\u00e1u una <strong>avisu mariellu por altes temperatures para ma\u00f1ana vienres<\/strong> nel suroccidente asturianu con m\u00e1ximes previstes de 36 graos. \u2139 <\/span><a class=\"css-1jxf684 r-bcqeeo r-1ttztb7 r-qvutc0 r-poiln3 r-1wvb978 r-1loqt21\" dir=\"ltr\" role=\"link\" href=\"https:\/\/t.co\/Es61f8M7dn\" target=\"_blank\" rel=\"noopener noreferrer nofollow\"><span class=\"css-1jxf684 r-bcqeeo r-1ttztb7 r-qvutc0 r-poiln3 r-qlhcfr r-19qo34d r-qvk6io r-orgf3d r-u8s1d\" aria-hidden=\"true\">https:\/\/<\/span>aemet.es\/es\/eltiempo\/pr<span class=\"css-1jxf684 r-bcqeeo r-1ttztb7 r-qvutc0 r-poiln3 r-qlhcfr r-19qo34d r-qvk6io r-orgf3d r-u8s1d\" aria-hidden=\"true\">ediccion\/avisos?k=ast<\/span><\/a><\/div>\n<\/div>\n<div id=\"id__62wjhl4ofx3\" class=\"css-g5y9jx r-9aw3ui r-1s2bzr4\" aria-labelledby=\"id__wxd3x44tsko id__8eycaw7p149\">\n<div class=\"css-g5y9jx r-9aw3ui\">\n<div class=\"css-g5y9jx\">\n<div class=\"css-g5y9jx\">\n<div class=\"css-g5y9jx r-1kqtdi0 r-1phboty r-rs99b7 r-1867qdf r-1udh08x r-o7ynqc r-6416eg r-1ny4l3l\">\n<div class=\"css-g5y9jx\">\n<div class=\"css-g5y9jx r-16y2uox r-1pi2tsx r-13qz1uu\">\n<div class=\"css-g5y9jx r-1adg3ll r-1udh08x\"><\/div>\n<\/div>\n<\/div>\n<\/div>\n<\/div>\n<\/div>\n<\/div>\n<\/div>\n","protected":false},"excerpt":{"rendered":"<p>\u2757\ufe0f\u2757\ufe0f\ud83d\udfe1AVISU POR ALTAS TEMPERATURES NEN SUROCCIDENTE \ud83c\udf21\ufe0f\ud83c\udf1e L&#8217;Axencia de Meteorolox\u00eda tien activ\u00e1u una avisu mariellu por altes temperatures para ma\u00f1ana vienres nel suroccidente asturianu con m\u00e1ximes previstes de 36 graos. \u2139 https:\/\/aemet.es\/es\/eltiempo\/prediccion\/avisos?k=ast<\/p>\n","protected":false},"author":117,"featured_media":0,"comment_status":"closed","ping_status":"closed","sticky":false,"template":"","format":"standard","meta":{"footnotes":""},"categories":[48],"tags":[],"class_list":["post-87148","post","type-post","status-publish","format-standard","hentry","category-salu"],"_links":{"self":[{"href":"https:\/\/edublog.educastur.es\/ixuxu\/wp-json\/wp\/v2\/posts\/87148","targetHints":{"allow":["GET"]}}],"collection":[{"href":"https:\/\/edublog.educastur.es\/ixuxu\/wp-json\/wp\/v2\/posts"}],"about":[{"href":"https:\/\/edublog.educastur.es\/ixuxu\/wp-json\/wp\/v2\/types\/post"}],"author":[{"embeddable":true,"href":"https:\/\/edublog.educastur.es\/ixuxu\/wp-json\/wp\/v2\/users\/117"}],"replies":[{"embeddable":true,"href":"https:\/\/edublog.educastur.es\/ixuxu\/wp-json\/wp\/v2\/comments?post=87148"}],"version-history":[{"count":3,"href":"https:\/\/edublog.educastur.es\/ixuxu\/wp-json\/wp\/v2\/posts\/87148\/revisions"}],"predecessor-version":[{"id":87151,"href":"https:\/\/edublog.educastur.es\/ixuxu\/wp-json\/wp\/v2\/posts\/87148\/revisions\/87151"}],"wp:attachment":[{"href":"https:\/\/edublog.educastur.es\/ixuxu\/wp-json\/wp\/v2\/media?parent=87148"}],"wp:term":[{"taxonomy":"category","embeddable":true,"href":"https:\/\/edublog.educastur.es\/ixuxu\/wp-json\/wp\/v2\/categories?post=87148"},{"taxonomy":"post_tag","embeddable":true,"href":"https:\/\/edublog.educastur.es\/ixuxu\/wp-json\/wp\/v2\/tags?post=87148"}],"curies":[{"name":"wp","href":"https:\/\/api.w.org\/{rel}","templated":true}]}}