{"id":87152,"date":"2026-09-04T08:30:42","date_gmt":"2026-09-04T06:30:42","guid":{"rendered":"https:\/\/edublog.educastur.es\/ixuxu\/?p=87152"},"modified":"2026-09-03T22:29:07","modified_gmt":"2026-09-03T20:29:07","slug":"el-tiempu-el-comercio-379","status":"publish","type":"post","link":"https:\/\/edublog.educastur.es\/ixuxu\/2026\/09\/el-tiempu-el-comercio-379\/","title":{"rendered":"El tiempu (El Comercio)"},"content":{"rendered":"<p>Va ser un d\u00eda templ\u00e1u na rex\u00f3n, pero previsiblemente solo nel interior. Ente que na mari\u00f1a espera la presencia de nubes baxes que podr\u00eden estendese dende l&#8217;occidente escontra l&#8217;oriente a lo llargo del d\u00eda, nel interior el sol va ser el protagonista con, a lo sumo, dellos intervalos de nubes altes pela tarde. Tocantes a les temperatures, podr\u00eden llegar a los 35 \u00baC nel suroccidente y a los 30 \u00baC nel restu del interior.<\/p>\n<p style=\"text-align: center\"><a href=\"https:\/\/s1.ppllstatics.com\/elcomercio\/www\/multimedia\/local\/2026\/09\/03\/prevision-tiempo-asturias.JPG\"><img loading=\"lazy\" decoding=\"async\" class=\"aligncenter size-large\" src=\"https:\/\/s1.ppllstatics.com\/elcomercio\/www\/multimedia\/local\/2026\/09\/03\/prevision-tiempo-asturias.JPG\" width=\"573\" height=\"405\" \/><\/a><\/p>\n<p><!--more--><\/p>\n<p style=\"text-align: center\"><a href=\"https:\/\/pbs.twimg.com\/media\/HRSCLD0WAAY-7H_?format=jpg&amp;name=medium\"><img loading=\"lazy\" decoding=\"async\" class=\"aligncenter size-large\" src=\"https:\/\/pbs.twimg.com\/media\/HRSCLD0WAAY-7H_?format=jpg&amp;name=medium\" width=\"952\" height=\"581\" \/><\/a><\/p>\n<p style=\"text-align: center\"><a href=\"https:\/\/pbs.twimg.com\/media\/HRTzB1lakAADano?format=jpg&amp;name=medium\"><img loading=\"lazy\" decoding=\"async\" class=\"aligncenter size-large\" src=\"https:\/\/pbs.twimg.com\/media\/HRTzB1lakAADano?format=jpg&amp;name=medium\" width=\"1080\" height=\"404\" \/><\/a><\/p>\n<p>&nbsp;<\/p>\n","protected":false},"excerpt":{"rendered":"<p>Va ser un d\u00eda templ\u00e1u na rex\u00f3n, pero previsiblemente solo nel interior. Ente que na mari\u00f1a espera la presencia de nubes baxes que podr\u00eden estendese dende l&#8217;occidente escontra l&#8217;oriente a lo llargo del d\u00eda, nel interior el sol va ser el protagonista con, a lo sumo, dellos intervalos de nubes altes pela tarde. Tocantes a [&hellip;]<\/p>\n","protected":false},"author":117,"featured_media":0,"comment_status":"closed","ping_status":"closed","sticky":false,"template":"","format":"standard","meta":{"footnotes":""},"categories":[1],"tags":[],"class_list":["post-87152","post","type-post","status-publish","format-standard","hentry","category-sin-categoria"],"_links":{"self":[{"href":"https:\/\/edublog.educastur.es\/ixuxu\/wp-json\/wp\/v2\/posts\/87152","targetHints":{"allow":["GET"]}}],"collection":[{"href":"https:\/\/edublog.educastur.es\/ixuxu\/wp-json\/wp\/v2\/posts"}],"about":[{"href":"https:\/\/edublog.educastur.es\/ixuxu\/wp-json\/wp\/v2\/types\/post"}],"author":[{"embeddable":true,"href":"https:\/\/edublog.educastur.es\/ixuxu\/wp-json\/wp\/v2\/users\/117"}],"replies":[{"embeddable":true,"href":"https:\/\/edublog.educastur.es\/ixuxu\/wp-json\/wp\/v2\/comments?post=87152"}],"version-history":[{"count":3,"href":"https:\/\/edublog.educastur.es\/ixuxu\/wp-json\/wp\/v2\/posts\/87152\/revisions"}],"predecessor-version":[{"id":87155,"href":"https:\/\/edublog.educastur.es\/ixuxu\/wp-json\/wp\/v2\/posts\/87152\/revisions\/87155"}],"wp:attachment":[{"href":"https:\/\/edublog.educastur.es\/ixuxu\/wp-json\/wp\/v2\/media?parent=87152"}],"wp:term":[{"taxonomy":"category","embeddable":true,"href":"https:\/\/edublog.educastur.es\/ixuxu\/wp-json\/wp\/v2\/categories?post=87152"},{"taxonomy":"post_tag","embeddable":true,"href":"https:\/\/edublog.educastur.es\/ixuxu\/wp-json\/wp\/v2\/tags?post=87152"}],"curies":[{"name":"wp","href":"https:\/\/api.w.org\/{rel}","templated":true}]}}