{"id":87163,"date":"2026-09-04T12:51:57","date_gmt":"2026-09-04T10:51:57","guid":{"rendered":"https:\/\/edublog.educastur.es\/ixuxu\/?p=87163"},"modified":"2026-09-04T12:54:43","modified_gmt":"2026-09-04T10:54:43","slug":"el-bramiu-de-l-berrea-vuelve-a-redes","status":"publish","type":"post","link":"https:\/\/edublog.educastur.es\/ixuxu\/2026\/09\/el-bramiu-de-l-berrea-vuelve-a-redes\/","title":{"rendered":"El bram\u00edu de l berrea vuelve a Redes"},"content":{"rendered":"<p>Planes de monte n&#8217;Asturies: Parque Natural de Redes. \u00a0Una esperiencia empuesta por bi\u00f3logos que convida a afayar la berrea del ven\u00e1u ib\u00e9ricu y a entender un fen\u00f3menu fascinante que va muncho m\u00e1s all\u00e1 del so poderosu bram\u00edu. <a href=\"https:\/\/www.elcomercio.es\/rutas-senderismo-por-asturias\/bramido-berrea-vuelve-redes-20260903140609-nt.html\">El Comercio<\/a><\/p>\n<p style=\"text-align: center\"><a href=\"https:\/\/s3.ppllstatics.com\/elcomercio\/www\/multimedia\/rutas-senderismo-por-asturias\/2026\/09\/03\/01-ladera-redes-berrea-Rf5sz3fVMmXsHpe4OfoY8eO-1200x840@El%20Comercio.jpg\"><img loading=\"lazy\" decoding=\"async\" class=\"aligncenter \" src=\"https:\/\/s3.ppllstatics.com\/elcomercio\/www\/multimedia\/rutas-senderismo-por-asturias\/2026\/09\/03\/01-ladera-redes-berrea-Rf5sz3fVMmXsHpe4OfoY8eO-1200x840@El%20Comercio.jpg\" width=\"709\" height=\"496\" \/><\/a><\/p>\n<p>&nbsp;<\/p>\n","protected":false},"excerpt":{"rendered":"<p>Planes de monte n&#8217;Asturies: Parque Natural de Redes. \u00a0Una esperiencia empuesta por bi\u00f3logos que convida a afayar la berrea del ven\u00e1u ib\u00e9ricu y a entender un fen\u00f3menu fascinante que va muncho m\u00e1s all\u00e1 del so poderosu bram\u00edu. El Comercio &nbsp;<\/p>\n","protected":false},"author":117,"featured_media":0,"comment_status":"closed","ping_status":"closed","sticky":false,"template":"","format":"standard","meta":{"footnotes":""},"categories":[311],"tags":[],"class_list":["post-87163","post","type-post","status-publish","format-standard","hentry","category-montes"],"_links":{"self":[{"href":"https:\/\/edublog.educastur.es\/ixuxu\/wp-json\/wp\/v2\/posts\/87163","targetHints":{"allow":["GET"]}}],"collection":[{"href":"https:\/\/edublog.educastur.es\/ixuxu\/wp-json\/wp\/v2\/posts"}],"about":[{"href":"https:\/\/edublog.educastur.es\/ixuxu\/wp-json\/wp\/v2\/types\/post"}],"author":[{"embeddable":true,"href":"https:\/\/edublog.educastur.es\/ixuxu\/wp-json\/wp\/v2\/users\/117"}],"replies":[{"embeddable":true,"href":"https:\/\/edublog.educastur.es\/ixuxu\/wp-json\/wp\/v2\/comments?post=87163"}],"version-history":[{"count":1,"href":"https:\/\/edublog.educastur.es\/ixuxu\/wp-json\/wp\/v2\/posts\/87163\/revisions"}],"predecessor-version":[{"id":87164,"href":"https:\/\/edublog.educastur.es\/ixuxu\/wp-json\/wp\/v2\/posts\/87163\/revisions\/87164"}],"wp:attachment":[{"href":"https:\/\/edublog.educastur.es\/ixuxu\/wp-json\/wp\/v2\/media?parent=87163"}],"wp:term":[{"taxonomy":"category","embeddable":true,"href":"https:\/\/edublog.educastur.es\/ixuxu\/wp-json\/wp\/v2\/categories?post=87163"},{"taxonomy":"post_tag","embeddable":true,"href":"https:\/\/edublog.educastur.es\/ixuxu\/wp-json\/wp\/v2\/tags?post=87163"}],"curies":[{"name":"wp","href":"https:\/\/api.w.org\/{rel}","templated":true}]}}