{"id":87180,"date":"2026-09-04T18:01:37","date_gmt":"2026-09-04T16:01:37","guid":{"rendered":"https:\/\/edublog.educastur.es\/ixuxu\/?p=87180"},"modified":"2026-09-05T18:16:13","modified_gmt":"2026-09-05T16:16:13","slug":"87180","status":"publish","type":"post","link":"https:\/\/edublog.educastur.es\/ixuxu\/2026\/09\/87180\/","title":{"rendered":"La CometCon\u201926 abre les sos puertes en Xix\u00f3n"},"content":{"rendered":"<p style=\"text-align: center\">\n<!-- iframe plugin v.6.0 wordpress.org\/plugins\/iframe\/ -->\n<iframe loading=\"lazy\" src=\"https:\/\/www.facebook.com\/plugins\/video.php?height=476&#038;href=https%3A%2F%2Fwww.facebook.com%2Freel%2F1771178477340141%2F&#038;show_text=false&#038;width=267&#038;t=0\" width=\"267\" height=\"476\" style=\"border:none;overflow:hidden\" scrolling=\"no\" frameborder=\"0\" allowfullscreen=\"true\" allow=\"autoplay; clipboard-write; encrypted-media; picture-in-picture; web-share\" 0=\"\/iframe\" class=\"iframe-class\"><\/iframe>\n<\/p>\n<div class=\"xdj266r x14z9mp xat24cr x1lziwak x1vvkbs x126k92a\">\ud83c\udfaeLa edici\u00f3n m\u00e1s ambiciosa hasta agora. La conseyera de Cultura, Pol\u00edtica Lling\u00fc\u00edstica y Deporte, Vanessa Guti\u00e9rrez, particip\u00f3 na inauguraci\u00f3n y percorri\u00f3 los distintos espacios d\u2019una cita que vuelve axuntar <span style=\"color: #008080\"><strong>videoxuegos, cosplay, c\u00f3mic, lliteratura, tecnolox\u00eda y cultura pop<\/strong><\/span> nel recintu ferial Luis Adaro. La CometCon celebra y\u00e1 la so decimocuarta edici\u00f3n y afit\u00f3se como <strong>una de les grandes cites del ociu mozu y alternativu n\u2019Asturies<\/strong>, con m\u00e1s de 150 actividaes y una programaci\u00f3n pensada pa p\u00fablicos mui diversos. \ud83d\udcc5 Del 4 al 6 de setiembre \ud83d\udccd Recintu Ferial Luis Adaro<\/div>\n<div><\/div>\n<div style=\"text-align: center\"><a href=\"https:\/\/s3.ppllstatics.com\/elcomercio\/www\/multimedia\/local\/2026\/09\/02\/SHOW-Portada%201200x1800-programa-cometcom-k6lH-U301532779161NR-464x696@El%20Comercio.png\"><img loading=\"lazy\" decoding=\"async\" class=\"aligncenter \" src=\"https:\/\/s3.ppllstatics.com\/elcomercio\/www\/multimedia\/local\/2026\/09\/02\/SHOW-Portada%201200x1800-programa-cometcom-k6lH-U301532779161NR-464x696@El%20Comercio.png\" width=\"265\" height=\"398\" \/><\/a><\/div>\n<div><\/div>\n<p><!--more--><\/p>\n<p><a href=\"https:\/\/www.elcomercio.es\/gijon\/cometcon-abre-puertas-gijon-20260904194415-ga.html?utm_campaign=mrf-facebook-elcomerciogijon&amp;utm_source=facebook&amp;utm_medium=social&amp;mrfcid=202609046a97d7815163c67bd72cdb3b&amp;fbclid=IwY2xjawUJHWdwZG9mBWV4dG4DYWVtAjExAHNydGMGYXBwX2lkEDIyMjAzOTE3ODgyMDA4OTIAAR6yIL2lfe3Zq4gnQ-qau5LdoeOyNSmut3GZe-tIg-8QbWVZv8-vlZYaaRhAIQ_aem_Sh9ILsrdpNrfU7HIP9GZaA\">El Comercio<\/a> \/ <a href=\"https:\/\/www.elcomercio.es\/gijon\/cometcon-gijon-fechas-invitados-novedades-programa-20260902111739-nt.html\"><strong>GU\u00cdA<\/strong> <\/a>\/<\/p>\n<p style=\"text-align: center\"><a href=\"https:\/\/s2.ppllstatics.com\/elcomercio\/www\/multimedia\/local\/2026\/09\/02\/SHOW-2-programa-cometcom.png\"><img loading=\"lazy\" decoding=\"async\" class=\"aligncenter \" src=\"https:\/\/s2.ppllstatics.com\/elcomercio\/www\/multimedia\/local\/2026\/09\/02\/SHOW-2-programa-cometcom.png\" width=\"487\" height=\"866\" \/><\/a><\/p>\n<p style=\"text-align: center\"><a href=\"https:\/\/s3.ppllstatics.com\/elcomercio\/www\/multimedia\/local\/2026\/09\/04\/cometcom%20(13)-k2zC-U301577931194A9E-1200x840@El%20Comercio.jpg\"><img loading=\"lazy\" decoding=\"async\" class=\"aligncenter size-large\" src=\"https:\/\/s3.ppllstatics.com\/elcomercio\/www\/multimedia\/local\/2026\/09\/04\/cometcom%20(13)-k2zC-U301577931194A9E-1200x840@El%20Comercio.jpg\" width=\"1200\" height=\"840\" \/><\/a><\/p>\n<p style=\"text-align: center\"><a href=\"https:\/\/s3.ppllstatics.com\/elcomercio\/www\/multimedia\/local\/2026\/09\/02\/SHOW-6-programa-cometcom.png\"><img loading=\"lazy\" decoding=\"async\" class=\"aligncenter \" src=\"https:\/\/s3.ppllstatics.com\/elcomercio\/www\/multimedia\/local\/2026\/09\/02\/SHOW-6-programa-cometcom.png\" width=\"515\" height=\"916\" \/><\/a><\/p>\n<p style=\"text-align: center\"><a href=\"https:\/\/s2.ppllstatics.com\/elcomercio\/www\/multimedia\/local\/2026\/09\/04\/cometcom%20(12).jpg?width=1106\"><img loading=\"lazy\" decoding=\"async\" class=\"aligncenter size-large\" src=\"https:\/\/s2.ppllstatics.com\/elcomercio\/www\/multimedia\/local\/2026\/09\/04\/cometcom%20(12).jpg?width=1106\" width=\"1106\" height=\"737\" \/><\/a><\/p>\n<p style=\"text-align: center\"><a href=\"https:\/\/s1.ppllstatics.com\/elcomercio\/www\/multimedia\/local\/2026\/09\/02\/SHOW-3-programa-cometcom.png\"><img loading=\"lazy\" decoding=\"async\" class=\"aligncenter \" src=\"https:\/\/s1.ppllstatics.com\/elcomercio\/www\/multimedia\/local\/2026\/09\/02\/SHOW-3-programa-cometcom.png\" width=\"509\" height=\"905\" \/><\/a><\/p>\n<p style=\"text-align: center\"><a href=\"https:\/\/s1.ppllstatics.com\/elcomercio\/www\/multimedia\/local\/2026\/09\/04\/cometcom%20(11).jpg?width=1106\"><img loading=\"lazy\" decoding=\"async\" class=\"aligncenter size-large\" src=\"https:\/\/s1.ppllstatics.com\/elcomercio\/www\/multimedia\/local\/2026\/09\/04\/cometcom%20(11).jpg?width=1106\" width=\"1106\" height=\"660\" \/><\/a><\/p>\n<p style=\"text-align: center\"><a href=\"https:\/\/s2.ppllstatics.com\/elcomercio\/www\/multimedia\/local\/2026\/09\/04\/cometcom%20(17).jpg?width=1106\"><img loading=\"lazy\" decoding=\"async\" class=\"aligncenter \" src=\"https:\/\/s2.ppllstatics.com\/elcomercio\/www\/multimedia\/local\/2026\/09\/04\/cometcom%20(17).jpg?width=1106\" width=\"600\" height=\"900\" \/><\/a><\/p>\n<p style=\"text-align: center\"><a href=\"https:\/\/s3.ppllstatics.com\/elcomercio\/www\/multimedia\/local\/2026\/09\/04\/cometcom%20(2).jpg?width=1106\"><img loading=\"lazy\" decoding=\"async\" class=\"aligncenter size-large\" src=\"https:\/\/s3.ppllstatics.com\/elcomercio\/www\/multimedia\/local\/2026\/09\/04\/cometcom%20(2).jpg?width=1106\" width=\"1106\" height=\"737\" \/><\/a><\/p>\n<p style=\"text-align: center\"><a href=\"https:\/\/s3.ppllstatics.com\/elcomercio\/www\/multimedia\/local\/2026\/09\/02\/SHOW-7-programa-cometcom.png\"><img loading=\"lazy\" decoding=\"async\" class=\"aligncenter \" src=\"https:\/\/s3.ppllstatics.com\/elcomercio\/www\/multimedia\/local\/2026\/09\/02\/SHOW-7-programa-cometcom.png\" width=\"595\" height=\"1058\" \/><\/a><\/p>\n<p style=\"text-align: center\"><a href=\"https:\/\/s2.ppllstatics.com\/elcomercio\/www\/multimedia\/local\/2026\/09\/04\/cometcom%20(15).jpg?width=1106\"><img loading=\"lazy\" decoding=\"async\" class=\"aligncenter \" src=\"https:\/\/s2.ppllstatics.com\/elcomercio\/www\/multimedia\/local\/2026\/09\/04\/cometcom%20(15).jpg?width=1106\" width=\"793\" height=\"1189\" \/><\/a><\/p>\n<p style=\"text-align: center\"><a href=\"https:\/\/s2.ppllstatics.com\/elcomercio\/www\/multimedia\/local\/2026\/09\/04\/cometcom%20(6).jpg?width=1106\"><img loading=\"lazy\" decoding=\"async\" class=\"aligncenter size-large\" src=\"https:\/\/s2.ppllstatics.com\/elcomercio\/www\/multimedia\/local\/2026\/09\/04\/cometcom%20(6).jpg?width=1106\" width=\"1106\" height=\"737\" \/><\/a><\/p>\n<p style=\"text-align: center\"><a href=\"https:\/\/s2.ppllstatics.com\/elcomercio\/www\/multimedia\/local\/2026\/09\/02\/SHOW-5-programa-cometcom.png\"><img loading=\"lazy\" decoding=\"async\" class=\"aligncenter \" src=\"https:\/\/s2.ppllstatics.com\/elcomercio\/www\/multimedia\/local\/2026\/09\/02\/SHOW-5-programa-cometcom.png\" width=\"552\" height=\"981\" \/><\/a><\/p>\n<p style=\"text-align: center\"><a href=\"https:\/\/s2.ppllstatics.com\/elcomercio\/www\/multimedia\/local\/2026\/09\/04\/cometcom%20(14).jpg?width=1106\"><img loading=\"lazy\" decoding=\"async\" class=\"aligncenter size-large\" src=\"https:\/\/s2.ppllstatics.com\/elcomercio\/www\/multimedia\/local\/2026\/09\/04\/cometcom%20(14).jpg?width=1106\" width=\"1106\" height=\"737\" \/><\/a><\/p>\n<p style=\"text-align: center\"><a href=\"https:\/\/s1.ppllstatics.com\/elcomercio\/www\/multimedia\/local\/2026\/09\/04\/cometcom%20(9).jpg?width=1106\"><img loading=\"lazy\" decoding=\"async\" class=\"aligncenter size-large\" src=\"https:\/\/s1.ppllstatics.com\/elcomercio\/www\/multimedia\/local\/2026\/09\/04\/cometcom%20(9).jpg?width=1106\" width=\"1106\" height=\"726\" \/><\/a><\/p>\n<p style=\"text-align: center\"><a href=\"https:\/\/s2.ppllstatics.com\/elcomercio\/www\/multimedia\/local\/2026\/09\/04\/cometcom%20(8).jpg?width=1106\"><img loading=\"lazy\" decoding=\"async\" class=\"aligncenter size-large\" src=\"https:\/\/s2.ppllstatics.com\/elcomercio\/www\/multimedia\/local\/2026\/09\/04\/cometcom%20(8).jpg?width=1106\" width=\"1106\" height=\"737\" \/><\/a><\/p>\n","protected":false},"excerpt":{"rendered":"<p>\ud83c\udfaeLa edici\u00f3n m\u00e1s ambiciosa hasta agora. La conseyera de Cultura, Pol\u00edtica Lling\u00fc\u00edstica y Deporte, Vanessa Guti\u00e9rrez, particip\u00f3 na inauguraci\u00f3n y percorri\u00f3 los distintos espacios d\u2019una cita que vuelve axuntar videoxuegos, cosplay, c\u00f3mic, lliteratura, tecnolox\u00eda y cultura pop nel recintu ferial Luis Adaro. La CometCon celebra y\u00e1 la so decimocuarta edici\u00f3n y afit\u00f3se como una de [&hellip;]<\/p>\n","protected":false},"author":117,"featured_media":0,"comment_status":"closed","ping_status":"closed","sticky":false,"template":"","format":"standard","meta":{"footnotes":""},"categories":[204,124,104],"tags":[],"class_list":["post-87180","post","type-post","status-publish","format-standard","hentry","category-festivales","category-videoxuegos","category-xuegos"],"_links":{"self":[{"href":"https:\/\/edublog.educastur.es\/ixuxu\/wp-json\/wp\/v2\/posts\/87180","targetHints":{"allow":["GET"]}}],"collection":[{"href":"https:\/\/edublog.educastur.es\/ixuxu\/wp-json\/wp\/v2\/posts"}],"about":[{"href":"https:\/\/edublog.educastur.es\/ixuxu\/wp-json\/wp\/v2\/types\/post"}],"author":[{"embeddable":true,"href":"https:\/\/edublog.educastur.es\/ixuxu\/wp-json\/wp\/v2\/users\/117"}],"replies":[{"embeddable":true,"href":"https:\/\/edublog.educastur.es\/ixuxu\/wp-json\/wp\/v2\/comments?post=87180"}],"version-history":[{"count":9,"href":"https:\/\/edublog.educastur.es\/ixuxu\/wp-json\/wp\/v2\/posts\/87180\/revisions"}],"predecessor-version":[{"id":87189,"href":"https:\/\/edublog.educastur.es\/ixuxu\/wp-json\/wp\/v2\/posts\/87180\/revisions\/87189"}],"wp:attachment":[{"href":"https:\/\/edublog.educastur.es\/ixuxu\/wp-json\/wp\/v2\/media?parent=87180"}],"wp:term":[{"taxonomy":"category","embeddable":true,"href":"https:\/\/edublog.educastur.es\/ixuxu\/wp-json\/wp\/v2\/categories?post=87180"},{"taxonomy":"post_tag","embeddable":true,"href":"https:\/\/edublog.educastur.es\/ixuxu\/wp-json\/wp\/v2\/tags?post=87180"}],"curies":[{"name":"wp","href":"https:\/\/api.w.org\/{rel}","templated":true}]}}