{"id":87190,"date":"2026-09-05T18:05:52","date_gmt":"2026-09-05T16:05:52","guid":{"rendered":"https:\/\/edublog.educastur.es\/ixuxu\/?p=87190"},"modified":"2026-09-05T19:30:43","modified_gmt":"2026-09-05T17:30:43","slug":"nuevos-usos-para-horros-y-paneres","status":"publish","type":"post","link":"https:\/\/edublog.educastur.es\/ixuxu\/2026\/09\/nuevos-usos-para-horros-y-paneres\/","title":{"rendered":"Nuevos usos para horros y paneres"},"content":{"rendered":"<p>Nuevos usos para horros y paneres, la principal noved\u00e1 de la reforma del Reglamentu Cultural d&#8217;Asturies.\u00a0 El Princip\u00e1u va dexar que les construcciones con menor protecci\u00f3n puedan dedicase a actividaes venceyaes al turismu rural, la hosteler\u00eda o la comercializaci\u00f3n de productos locales. <a href=\"https:\/\/www.rtpa.es\/noticias-asturias\/2026-09-05\/Los-horreos,-paneras-y-cabazos-tendran-nuevos-usos_111788611461.html\">RTPA<\/a> \/<a href=\"https:\/\/www.elcomercio.es\/asturias\/nuevos-usos-horreos-paneras-principal-novedad-reforma-reglamento-cultural-20260905134417-nt.html\"> El Comercio<\/a><\/p>\n<p style=\"text-align: center\"><a href=\"https:\/\/pbs.twimg.com\/media\/HRduDs7acAAGb_E?format=jpg&amp;name=medium\"><img loading=\"lazy\" decoding=\"async\" class=\"aligncenter size-large\" src=\"https:\/\/pbs.twimg.com\/media\/HRduDs7acAAGb_E?format=jpg&amp;name=medium\" width=\"1000\" height=\"750\" \/><\/a><\/p>\n<p><!--more--><\/p>\n<p>El Gobiernu asturianu va dexar nuevos usos para horros, paneres y cabazos coles mires de <strong>\u00abfavorecer el so caltenimientu, evitar el so abandonu y facilitar qu&#8217;estes construcciones tradicionales sigan formando parte activa de la vida econ\u00f3mico y social del mediu rural\u00bb.<\/strong> Esta ye una de les principales novedaes de la reforma del Reglamentu Cultural d&#8217;Asturies, que la Conseyer\u00eda de Cultura, Pol\u00edtica Lling\u00fc\u00edstica y Deporte va someter a informaci\u00f3n p\u00fablica a partir d&#8217;esti llunes.<\/p>\n<p>Esti camb\u00e9u -tr\u00e1tase de la mayor reforma llevada a cabu nel reglamentu dende la so aprobaci\u00f3n en 2015-<strong> incorpora bona parte de les ll\u00ednees estrat\u00e9xiques del Plan del Horru, qu&#8217;identifica la perda de funcionalid\u00e1 econ\u00f3mica de miles d&#8217;horros, paneres y cabazos y alvierte del so progresivu deterioru.<\/strong><\/p>\n<p style=\"text-align: center\"><a href=\"https:\/\/s2.ppllstatics.com\/elcomercio\/www\/multimedia\/local\/2026\/09\/05\/h%c3%b3rreos%20en%20pilo%c3%b1a-kCHD-R0Ko1WumCrTI9PANyZmDNSM-1200x840@El%20Comercio.jpg\"><img loading=\"lazy\" decoding=\"async\" class=\"aligncenter \" src=\"https:\/\/s2.ppllstatics.com\/elcomercio\/www\/multimedia\/local\/2026\/09\/05\/h%c3%b3rreos%20en%20pilo%c3%b1a-kCHD-R0Ko1WumCrTI9PANyZmDNSM-1200x840@El%20Comercio.jpg\" width=\"872\" height=\"610\" \/><\/a><\/p>\n<p>&nbsp;<\/p>\n<p>\u00c9nte esta situaci\u00f3n, la Conseyer\u00eda que lidera Vanessa Guti\u00e9rrez plantega \u00abun camb\u00e9u d&#8217;enfoque\u00bb por que, am\u00e1s de garantizar la so protecci\u00f3n, estes construcciones tan representatives d&#8217;Asturies <strong>puedan tener un usu que contribuya al so caltenimientu<\/strong>: \u00abLa premisa ye clara. Un horru n&#8217;usu tien m\u00e1s posibilidaes de caltenese\u00bb.<\/p>\n<p>Pa ello, la norma estrema ente los bienes con m\u00e1ximos niveles de protecci\u00f3n y aquellos catalogaos con protecci\u00f3n parcial o inferior. De tala forma que los horros, paneres y cabazos declaraos <strong>Bien d&#8217;Inter\u00e9s Cultural (BIC)<\/strong> pol so valor hist\u00f3ricu o etnogr\u00e1ficu, incluy\u00edos nel <a href=\"https:\/\/inventario-patrimonio-cultural.asturias.me\"><strong>Inventariu de Patrimoniu Cultural d&#8217;Asturies (IPCA)<\/strong> <\/a>o protex\u00edos integralmente polos cat\u00e1logos urban\u00edsticos municipales, v<strong>an caltener puramente los usos tradicionales de tenada, despensa o almac\u00e9n.<\/strong> Sicas\u00ed, aquellos con protecci\u00f3n parcial o inferior, van tener per primer vegada un r\u00e9xime d&#8217;usos compatibles y van poder destinase a actividaes complementaries venceyaes al turismu rural, la hosteler\u00eda, la cultura o la comercializaci\u00f3n de productos locales.<\/p>\n<p><strong>Ensin alteriar materiales o elementos caracter\u00edsticos.\u00a0<\/strong><br \/>\nTami\u00e9n van poder funcionar como espacios auxiliares acomu\u00f1aos a viviendes esistentes, puntos d&#8217;informaci\u00f3n tur\u00edstica o cultural, \u00e1rees d&#8217;almacenamientu compatibles col so caltenimientu y pequenos establecimientos venceyaos a la producci\u00f3n agroalimentaria o l&#8217;artesan\u00eda tradicional. La reforma del reglamentu dexa abierta la puerta, am\u00e1s, pa incorporar nuevos usos nel futuru por aciu los correspondientes desenvolvimientos t\u00e9cnicos.<\/p>\n<p>S\u00eda que non, \u00ables nueves actividaes <strong>nun van poder tresformar estes edificaciones en construcciones convencionales nin alteriar la so tipolox\u00eda, materiales o elementos caracter\u00edsticos<\/strong>\u00bb, precisa la Conseyer\u00eda de Vanessa Guti\u00e9rrez. La reforma del reglamentu regula con m\u00e1s detalle&#8217;l tresll\u00e1u d&#8217;horros, establez nuevos criterios de protecci\u00f3n y crea una comisi\u00f3n asesora pa estudiar les construcciones esistentes y empobinar futures actuaciones de caltenimientu.<\/p>\n","protected":false},"excerpt":{"rendered":"<p>Nuevos usos para horros y paneres, la principal noved\u00e1 de la reforma del Reglamentu Cultural d&#8217;Asturies.\u00a0 El Princip\u00e1u va dexar que les construcciones con menor protecci\u00f3n puedan dedicase a actividaes venceyaes al turismu rural, la hosteler\u00eda o la comercializaci\u00f3n de productos locales. RTPA \/ El Comercio<\/p>\n","protected":false},"author":117,"featured_media":0,"comment_status":"closed","ping_status":"closed","sticky":false,"template":"","format":"standard","meta":{"footnotes":""},"categories":[333,116],"tags":[],"class_list":["post-87190","post","type-post","status-publish","format-standard","hentry","category-bic-bien-dinteres-cultural","category-horru"],"_links":{"self":[{"href":"https:\/\/edublog.educastur.es\/ixuxu\/wp-json\/wp\/v2\/posts\/87190","targetHints":{"allow":["GET"]}}],"collection":[{"href":"https:\/\/edublog.educastur.es\/ixuxu\/wp-json\/wp\/v2\/posts"}],"about":[{"href":"https:\/\/edublog.educastur.es\/ixuxu\/wp-json\/wp\/v2\/types\/post"}],"author":[{"embeddable":true,"href":"https:\/\/edublog.educastur.es\/ixuxu\/wp-json\/wp\/v2\/users\/117"}],"replies":[{"embeddable":true,"href":"https:\/\/edublog.educastur.es\/ixuxu\/wp-json\/wp\/v2\/comments?post=87190"}],"version-history":[{"count":4,"href":"https:\/\/edublog.educastur.es\/ixuxu\/wp-json\/wp\/v2\/posts\/87190\/revisions"}],"predecessor-version":[{"id":87242,"href":"https:\/\/edublog.educastur.es\/ixuxu\/wp-json\/wp\/v2\/posts\/87190\/revisions\/87242"}],"wp:attachment":[{"href":"https:\/\/edublog.educastur.es\/ixuxu\/wp-json\/wp\/v2\/media?parent=87190"}],"wp:term":[{"taxonomy":"category","embeddable":true,"href":"https:\/\/edublog.educastur.es\/ixuxu\/wp-json\/wp\/v2\/categories?post=87190"},{"taxonomy":"post_tag","embeddable":true,"href":"https:\/\/edublog.educastur.es\/ixuxu\/wp-json\/wp\/v2\/tags?post=87190"}],"curies":[{"name":"wp","href":"https:\/\/api.w.org\/{rel}","templated":true}]}}