{"id":87192,"date":"2026-09-05T09:10:01","date_gmt":"2026-09-05T07:10:01","guid":{"rendered":"https:\/\/edublog.educastur.es\/ixuxu\/?p=87192"},"modified":"2026-09-05T18:50:33","modified_gmt":"2026-09-05T16:50:33","slug":"programa-deducacion-ambiental-de-rena","status":"publish","type":"post","link":"https:\/\/edublog.educastur.es\/ixuxu\/2026\/09\/programa-deducacion-ambiental-de-rena\/","title":{"rendered":"Programa d&#8217;educaci\u00f3n ambiental de RENA"},"content":{"rendered":"<p>Nel cursu 2026\/2027 La Rede Natural d&#8217;Asturies (RENA) llanza de nuevu, el <strong>programa d&#8217;educaci\u00f3n ambiental<\/strong> que consiste na realizaci\u00f3n d&#8217;actividaes l\u00fadicu-formatives, d&#8217;ociu na naturaleza, fora de l&#8217;aula, dirixida a escolares,\u00a0 para ayudar a sensibilizar y compatibilizar l&#8217;usu p\u00fablicu colos espacios naturales.\u00a0<a href=\"https:\/\/www.educastur.es\/documents\/34868\/38334\/2026-09-actividades-ambiental-RENA.pdf\/51115ec3-127b-c340-462b-32eabb18c4e8?t=1788527677254\" target=\"_blank\" rel=\"noopener\">RENA. Programa de educaci\u00f3n ambiental 2026-2027<\/a> (pdf)\/ <u><a href=\"https:\/\/www.rednaturaldeasturias.es\/\" target=\"_blank\" rel=\"noopener\">Web Red Natural de Asturias<\/a><\/u><\/p>\n<p style=\"text-align: center\"><a href=\"https:\/\/www.educastur.es\/documents\/34868\/37881\/2022-09-act-cen-rena-logo-1060.jpg\/36154f22-0ec4-1d66-003f-afbab8ff1482?t=1663920436872\"><img loading=\"lazy\" decoding=\"async\" class=\"aligncenter \" src=\"https:\/\/www.educastur.es\/documents\/34868\/37881\/2022-09-act-cen-rena-logo-1060.jpg\/36154f22-0ec4-1d66-003f-afbab8ff1482?t=1663920436872\" width=\"668\" height=\"172\" \/><\/a><\/p>\n<p><!--more--><\/p>\n<p><strong>Actividaes educatives.\u00a0<\/strong>La Rede Natural d&#8217;Asturies, ye una rede qu&#8217;integra\u00a0 diversos espacios naturales protex\u00edos d&#8217;el\u00a0 Princip\u00e1u d&#8217;Asturies y tien como oxetivu&#8217;l caltenimientu y xesti\u00f3n sostenible de los espacios naturales protex\u00edos de la rex\u00f3n.<\/p>\n<p>La RENA s&#8217;estructura a lo llargo de too el territoriu d&#8217;Asturies al travi\u00e9s d&#8217;equipamientos\u00a0 d&#8217;usu p\u00fablicu, qu&#8217;incl\u00fain centros de\u00a0 interpretaci\u00f3n, puntos d&#8217;informaci\u00f3n, aules de\u00a0 naturaleza seg\u00fan cola intervenci\u00f3n de gu\u00edes especializaos. Am\u00e1s, incl\u00fai actividaes\u00a0 educatives, itinerarios y talleres afechos a\u00a0 distintos niveles y p\u00fablicos de la socied\u00e1<\/p>\n<ul>\n<li><a href=\"https:\/\/www.educastur.es\/documents\/34868\/38334\/2026-09-actividades-ambiental-RENA.pdf\/51115ec3-127b-c340-462b-32eabb18c4e8?t=1788527677254\" target=\"_blank\" rel=\"noopener\">RENA. Programa de educaci\u00f3n ambiental 2026-2027<\/a> (pdf)<\/li>\n<li><a href=\"https:\/\/www.rednaturaldeasturias.es\/\" target=\"_blank\" rel=\"noopener\">Web Red Natural\u00a0de Asturias<\/a><\/li>\n<li><a href=\"https:\/\/naturalezadeasturias.es\/espacios\/accede\/protegidos\/\" target=\"_blank\" rel=\"noopener\">Espacios Naturales Protegidos<\/a><\/li>\n<li><a href=\"https:\/\/naturalezadeasturias.es\/espacios\/visita\/dias-mundiales\/\" target=\"_blank\" rel=\"noopener\">Celebraci\u00f3n de d\u00edas mundiales relacionados con el medio ambiente<\/a><\/li>\n<\/ul>\n","protected":false},"excerpt":{"rendered":"<p>Nel cursu 2026\/2027 La Rede Natural d&#8217;Asturies (RENA) llanza de nuevu, el programa d&#8217;educaci\u00f3n ambiental que consiste na realizaci\u00f3n d&#8217;actividaes l\u00fadicu-formatives, d&#8217;ociu na naturaleza, fora de l&#8217;aula, dirixida a escolares,\u00a0 para ayudar a sensibilizar y compatibilizar l&#8217;usu p\u00fablicu colos espacios naturales.\u00a0RENA. Programa de educaci\u00f3n ambiental 2026-2027 (pdf)\/ Web Red Natural de Asturias<\/p>\n","protected":false},"author":117,"featured_media":0,"comment_status":"closed","ping_status":"closed","sticky":false,"template":"","format":"standard","meta":{"footnotes":""},"categories":[314],"tags":[],"class_list":["post-87192","post","type-post","status-publish","format-standard","hentry","category-rede-natura-dasturies"],"_links":{"self":[{"href":"https:\/\/edublog.educastur.es\/ixuxu\/wp-json\/wp\/v2\/posts\/87192","targetHints":{"allow":["GET"]}}],"collection":[{"href":"https:\/\/edublog.educastur.es\/ixuxu\/wp-json\/wp\/v2\/posts"}],"about":[{"href":"https:\/\/edublog.educastur.es\/ixuxu\/wp-json\/wp\/v2\/types\/post"}],"author":[{"embeddable":true,"href":"https:\/\/edublog.educastur.es\/ixuxu\/wp-json\/wp\/v2\/users\/117"}],"replies":[{"embeddable":true,"href":"https:\/\/edublog.educastur.es\/ixuxu\/wp-json\/wp\/v2\/comments?post=87192"}],"version-history":[{"count":2,"href":"https:\/\/edublog.educastur.es\/ixuxu\/wp-json\/wp\/v2\/posts\/87192\/revisions"}],"predecessor-version":[{"id":87194,"href":"https:\/\/edublog.educastur.es\/ixuxu\/wp-json\/wp\/v2\/posts\/87192\/revisions\/87194"}],"wp:attachment":[{"href":"https:\/\/edublog.educastur.es\/ixuxu\/wp-json\/wp\/v2\/media?parent=87192"}],"wp:term":[{"taxonomy":"category","embeddable":true,"href":"https:\/\/edublog.educastur.es\/ixuxu\/wp-json\/wp\/v2\/categories?post=87192"},{"taxonomy":"post_tag","embeddable":true,"href":"https:\/\/edublog.educastur.es\/ixuxu\/wp-json\/wp\/v2\/tags?post=87192"}],"curies":[{"name":"wp","href":"https:\/\/api.w.org\/{rel}","templated":true}]}}