{"id":87197,"date":"2026-09-05T09:15:27","date_gmt":"2026-09-05T07:15:27","guid":{"rendered":"https:\/\/edublog.educastur.es\/ixuxu\/?p=87197"},"modified":"2026-09-05T18:52:15","modified_gmt":"2026-09-05T16:52:15","slug":"ultimos-dies-del-parque-de-la-vida-de-l-luarca","status":"publish","type":"post","link":"https:\/\/edublog.educastur.es\/ixuxu\/2026\/09\/ultimos-dies-del-parque-de-la-vida-de-l-luarca\/","title":{"rendered":"\u00bf\u00daltimos d\u00edes del Parque de la Vida de L.luarca?"},"content":{"rendered":"<p>Cierra les sos puertes esti mes y medita el so adi\u00f3s definitivu. Luis Laria, director del complexu de divulgaci\u00f3n cient\u00edfica y abelugu de recuperaci\u00f3n para munchos animales, enconta la decisi\u00f3n nun \u00ababsolutu despreciu alministrativu\u00bb. <a href=\"https:\/\/www.elcomercio.es\/asturias\/occidente\/ultimos-dias-parque-vida-luarca-cierra-puertas-20260905123056-nt.html\">El Comercio<\/a><\/p>\n<p style=\"text-align: center\"><a href=\"https:\/\/s1.ppllstatics.com\/elcomercio\/www\/multimedia\/local\/2026\/09\/05\/parque-vida-luarca%20(1)-kfgH-U301583570629gJI-1200x840@El%20Comercio.jpg\"><img loading=\"lazy\" decoding=\"async\" class=\"aligncenter \" src=\"https:\/\/s1.ppllstatics.com\/elcomercio\/www\/multimedia\/local\/2026\/09\/05\/parque-vida-luarca%20(1)-kfgH-U301583570629gJI-1200x840@El%20Comercio.jpg\" width=\"750\" height=\"525\" \/><\/a><\/p>\n<p>El Parque de la Vida de L.luarca, unu de los referentes en divulgaci\u00f3n cient\u00edfica, medioambiental y turismu de la contorna del occidente asturianu, pausar\u00e1 la so activid\u00e1 a partir del pr\u00f3ximu 27 de setiembre. La decisi\u00f3n, adoptada pol so fundador y director, Luis Laria, abre un periodu de reflex\u00f3n que podr\u00eda desaguar na clausura permanente de les instalaciones.<\/p>\n<p><!--more--><\/p>\n<p>Laria fixo p\u00fablica esta dr\u00e1stica midida al travi\u00e9s d&#8217;un mensaxe nes sos redes sociales, onde enconta la paralizaci\u00f3n nun \u00ababsolutu despreciu alministrativu\u00bb y n&#8217;una \u00abdesconsideranza manifiesta\u00bb per parte de los organismos encargaos de la promoci\u00f3n tur\u00edstico y cultural del espaciu. A esti respectu, el responsable del centru dex\u00f3 claro que la discrepancia nun anicia nel \u00e1mbitu financieru, sorrayando que nun acepta nin solicita subvenciones o ayudes p\u00fabliques.<\/p>\n<p>El cese de l&#8217;activid\u00e1 non solo <strong>pon en xaque la continuid\u00e1 de la ufierta muse\u00edstico y pedag\u00f3xico del parque,<\/strong> sin\u00f3n tami\u00e9n los sos servicios medioambientales. Seg\u00fan diz Laria, esta midida va paralizar los trabayos de recuperaci\u00f3n d&#8217;animales mancaos o desamparaos que&#8217;l centru ven\u00eda desenvolviendo de forma habitual. <a href=\"https:\/\/www.rtpa.es\/noticias-sociedad\/2026-09-04\/El-Parque-de-la-Vida-anuncia-su-cierre-indefinido-desde-el-27-de-septiembre_111788536938.html?fbclid=IwY2xjawUJJ6FwZG9mBWV4dG4DYWVtAjExAHNydGMGYXBwX2lkEDIyMjAzOTE3ODgyMDA4OTIAAR4_EwbXob6gpSy34U4p0jmGYiga1isgDFSxputOsQkDIZVL40AVJPxhZrJ7Gg_aem_8lsy3pIjfkfZqkbNTjxKmw\"><strong>RTPA<\/strong><\/a><\/p>\n<p style=\"text-align: center\"><a href=\"https:\/\/www.rtpa.es\/fotos\/\/24\/10\/20241009132610_RTPA5647250.jpg\"><img loading=\"lazy\" decoding=\"async\" class=\"aligncenter size-large\" src=\"https:\/\/www.rtpa.es\/fotos\/\/24\/10\/20241009132610_RTPA5647250.jpg\" width=\"853\" height=\"480\" \/><\/a><\/p>\n<p>Recuperaci\u00f3n d&#8217;especies Allug\u00e1u na parroquia l.luarquesa d&#8217;El Matu, <strong>el Parque de la Vida nun ye un centru muse\u00edsticu al usu.<\/strong> Con una estensi\u00f3n de casi dos hect\u00e1rees en plena redolada natural, el complexu consolid\u00f3se como un referente did\u00e1cticu y de divulgaci\u00f3n cient\u00edfica nel norte peninsular. Les sos instalaciones alluguen dende pabellones dedicaos a la biolox\u00eda marina, l&#8217;astronom\u00eda y l&#8217;evoluci\u00f3n de les especies \u2014con retruques y f\u00f3siles d&#8217;incalculable valor\u2014 hasta un planetariu y rutes bot\u00e1niques afeches.<\/p>\n<p>Sicas\u00ed, una de les sos facetes m\u00e1s destacaes y sensibles ye&#8217;l so llabor altruista como abelugu y centru d&#8217;asistencia para la fauna montesa. La cortil acueye y recupera de forma habitual a exemplares aut\u00f3ctonos y ex\u00f3ticos mancaos, prindaos o venc\u00edos por particulares que nun pueden ser reintroduc\u00edos de momentu na naturaleza. De nun siguir n&#8217;activu esto non solo amenacia&#8217;l leg\u00e1u pedag\u00f3xicu y el fluxu tur\u00edstico qu&#8217;atrai a munchos visitantes y escolares cada a\u00f1u, sin\u00f3n que dexa nun llimbu cr\u00edticu esti activu llabor de protecci\u00f3n y recuperaci\u00f3n animal.<\/p>\n<p>\u00c9nte la posibilid\u00e1 de que&#8217;l zarru temporal sia definitivu, la direcci\u00f3n y\u00e1 contempla&#8217;l dest\u00edn de los fondos del espaciu. De nun volver a entamar el proyectu, la intenci\u00f3n ye donar, vencer o compartir l&#8217;equipamientu y el fondu muse\u00edsticu \u2014bona parte del cual tien un valor \u00fanicu\u2014 con distintes instituciones cient\u00edfiques y museos d&#8217;\u00e1mbitu nacional ya internacional.<\/p>\n","protected":false},"excerpt":{"rendered":"<p>Cierra les sos puertes esti mes y medita el so adi\u00f3s definitivu. Luis Laria, director del complexu de divulgaci\u00f3n cient\u00edfica y abelugu de recuperaci\u00f3n para munchos animales, enconta la decisi\u00f3n nun \u00ababsolutu despreciu alministrativu\u00bb. El Comercio El Parque de la Vida de L.luarca, unu de los referentes en divulgaci\u00f3n cient\u00edfica, medioambiental y turismu de la [&hellip;]<\/p>\n","protected":false},"author":117,"featured_media":0,"comment_status":"closed","ping_status":"closed","sticky":false,"template":"","format":"standard","meta":{"footnotes":""},"categories":[15,4],"tags":[],"class_list":["post-87197","post","type-post","status-publish","format-standard","hentry","category-museos","category-natura"],"_links":{"self":[{"href":"https:\/\/edublog.educastur.es\/ixuxu\/wp-json\/wp\/v2\/posts\/87197","targetHints":{"allow":["GET"]}}],"collection":[{"href":"https:\/\/edublog.educastur.es\/ixuxu\/wp-json\/wp\/v2\/posts"}],"about":[{"href":"https:\/\/edublog.educastur.es\/ixuxu\/wp-json\/wp\/v2\/types\/post"}],"author":[{"embeddable":true,"href":"https:\/\/edublog.educastur.es\/ixuxu\/wp-json\/wp\/v2\/users\/117"}],"replies":[{"embeddable":true,"href":"https:\/\/edublog.educastur.es\/ixuxu\/wp-json\/wp\/v2\/comments?post=87197"}],"version-history":[{"count":4,"href":"https:\/\/edublog.educastur.es\/ixuxu\/wp-json\/wp\/v2\/posts\/87197\/revisions"}],"predecessor-version":[{"id":87210,"href":"https:\/\/edublog.educastur.es\/ixuxu\/wp-json\/wp\/v2\/posts\/87197\/revisions\/87210"}],"wp:attachment":[{"href":"https:\/\/edublog.educastur.es\/ixuxu\/wp-json\/wp\/v2\/media?parent=87197"}],"wp:term":[{"taxonomy":"category","embeddable":true,"href":"https:\/\/edublog.educastur.es\/ixuxu\/wp-json\/wp\/v2\/categories?post=87197"},{"taxonomy":"post_tag","embeddable":true,"href":"https:\/\/edublog.educastur.es\/ixuxu\/wp-json\/wp\/v2\/tags?post=87197"}],"curies":[{"name":"wp","href":"https:\/\/api.w.org\/{rel}","templated":true}]}}