{"id":87200,"date":"2026-09-05T17:00:43","date_gmt":"2026-09-05T15:00:43","guid":{"rendered":"https:\/\/edublog.educastur.es\/ixuxu\/?p=87200"},"modified":"2026-09-05T18:41:30","modified_gmt":"2026-09-05T16:41:30","slug":"elrow-lluz-color-confeti-y-un-esplegue-visual-ensin-precedentes-nuvieu","status":"publish","type":"post","link":"https:\/\/edublog.educastur.es\/ixuxu\/2026\/09\/elrow-lluz-color-confeti-y-un-esplegue-visual-ensin-precedentes-nuvieu\/","title":{"rendered":"&#8216;Elrow&#8217;: Lluz, color, confeti y un esplegue visual ensin precedentes, n&#8217;Uvi\u00e9u"},"content":{"rendered":"<div class=\"xdj266r x14z9mp xat24cr x1lziwak x1vvkbs x126k92a\">\n<div dir=\"auto\"><span class=\"html-span xexx8yu xyri2b x18d9i69 x1c1uobl x1hl2dhg x16tdsg8 x1vvkbs x3nfvp2 x1j61x8r x1fcty0u xdj266r xat24cr xm2jcoa x1mpyi22 xxymvpz xlup9mm x1kky2od\"><strong>\u00ab&#8217;Elrow&#8217;<\/strong> ye daqu\u00e9 de lo que se va falar mientres d\u00e9cades n&#8217;Uvi\u00e9u\u00bb \/ <a href=\"https:\/\/elrow.com\/es\/events\/upcoming\/city\/oviedo\"><strong>Elrow Uvi\u00e9u<\/strong><\/a> \/ <strong>Lluz, color, confeti y un esplegue visual ensin precedentes<\/strong> llega esti s\u00e1badu a la cortil de La Er\u00eda con \u00abElrow\u00bb. <img loading=\"lazy\" decoding=\"async\" class=\"xz74otr x15mokao x1ga7v0g x16uus16 xbiv7yw\" src=\"https:\/\/static.xx.fbcdn.net\/images\/emoji.php\/v9\/t9e\/1\/16\/27a1.png\" alt=\"\u27a1\ufe0f\" width=\"16\" height=\"16\" \/><\/span> <span class=\"html-span xdj266r x14z9mp xat24cr x1lziwak xexx8yu xyri2b x18d9i69 x1c1uobl x1hl2dhg x16tdsg8 x1vvkbs\"><a class=\"x1i10hfl xjbqb8w x1ejq31n x18oe1m7 x1sy0etr xstzfhl x972fbf x10w94by x1qhh985 x14e42zd x9f619 x1ypdohk xt0psk2 x3ct3a4 xdj266r x14z9mp xat24cr x1lziwak xexx8yu xyri2b x18d9i69 x1c1uobl x16tdsg8 x1hl2dhg xggy1nq x1a2a7pz xkrqix3 x1sur9pj x1fey0fg x1s688f\" role=\"link\" href=\"https:\/\/mrf.lu\/2Ln3n?fbclid=IwcGRvZgVleHRuA2FlbQIxMABzcnRjBmFwcF9pZBAyMjIwMzkxNzg4MjAwODkyAAEeiYUf54IOYdmiWOO9vicV54RWQWKmTkaSlikeZlWzCh-CIISWs6AbeWkhZlU_aem_qWWd_8bZKoEoueUIDx5YIg\" target=\"_blank\" rel=\"nofollow noopener noreferrer\">https:\/\/mrf.lu\/2Ln3n<\/a><\/span><\/div>\n<div dir=\"auto\"><\/div>\n<\/div>\n<div dir=\"auto\" style=\"text-align: center\"><span class=\"x193iq5w xeuugli x13faqbe x1vvkbs x1xmvt09 x1lliihq x1s928wv xhkezso x1gmr53x x1cpjm7i x1fgarty x1943h6x xudqn12 x3x7a5m x1f6kntn xvq8zen xo1l8bm xzsf02u\" dir=\"auto\"><span class=\"x193iq5w xeuugli x13faqbe x1vvkbs xt0psk2 x1i0vuye xvs91rp xo1l8bm x5n08af x10wh9bi xpm28yp x8viiok x1o7cslx x126k92a\"><span class=\"html-span xexx8yu x4uap5 x18d9i69 xkhd6sd x1hl2dhg x16tdsg8 x1vvkbs x3nfvp2 x1j61x8r x1fcty0u xdj266r xat24cr xgzva0m xhhsvwb xxymvpz xlup9mm x1kky2od\">\n<!-- iframe plugin v.6.0 wordpress.org\/plugins\/iframe\/ -->\n<iframe loading=\"lazy\" src=\"https:\/\/www.instagram.com\/p\/Dbn3ghvKd8p\/embed\" width=\"580\" height=\"640\" 0=\"\/iframe\" scrolling=\"yes\" class=\"iframe-class\" frameborder=\"0\"><\/iframe>\n<\/span><\/span><\/span><\/div>\n<div dir=\"auto\"><\/div>\n<div dir=\"auto\"><!--more--><\/div>\n<div dir=\"auto\">\n<p>Uvi\u00e9u ta a puntu de vivir un viaxe a otru mundu\u00bb. La maquinaria de <strong>&#8216;Elrow&#8217;, la marca d&#8217;ociu electr\u00f3nicu m\u00e1s internacional<\/strong>, y\u00e1 ta en marcha para tresformar la cortil de La Er\u00eda, n&#8217;Uvi\u00e9u, n&#8217;una esperiencia que desaf\u00eda la l\u00f3xica. N<strong>un ye solo un festival de m\u00fasica<\/strong>; ye una invasi\u00f3n de criatures fant\u00e1stiques, globos xigantes y tonelaes de confeti que van sirvir como&#8217;l pr\u00f3logu perfectu para les fiestes de San Mateo. <a href=\"https:\/\/www.elcomercio.es\/oviedo\/elrow-hablara-decadas-oviedo-20260904205523-nt.html\">El Comercio<\/a><\/p>\n<\/div>\n<div dir=\"auto\"><\/div>\n<div class=\"xdj266r x14z9mp xat24cr x1lziwak x1vvkbs x126k92a\">\n<div dir=\"auto\" style=\"text-align: center\"><a href=\"https:\/\/s1.ppllstatics.com\/elcomercio\/www\/multimedia\/local\/2026\/09\/04\/elrow-archivo-RAzzif599W88lgOwPogo10L-1200x840@El%20Comercio.jpg\"><img loading=\"lazy\" decoding=\"async\" class=\"aligncenter \" src=\"https:\/\/s1.ppllstatics.com\/elcomercio\/www\/multimedia\/local\/2026\/09\/04\/elrow-archivo-RAzzif599W88lgOwPogo10L-1200x840@El%20Comercio.jpg\" width=\"733\" height=\"513\" \/><\/a><\/div>\n<div dir=\"auto\"><\/div>\n<\/div>\n<div class=\"x14z9mp xat24cr x1lziwak x1vvkbs xtlvy1s x126k92a\">\n<div dir=\"auto\">\n<p>So la tem\u00e1tica <strong>&#8216;Delusionville 2.0&#8217;<\/strong>, los asistentes van somorguiase nun <strong>universu inspir\u00e1u nel pop art y el street art<\/strong>. Una suerte d&#8217;antroxu urbanu onde la realid\u00e1 aburuyase ente colores vibrantes, personaxes con est\u00e9tica &#8216;cartoon&#8217; y una atm\u00f3sfera de llibert\u00e1 absoluta. En &#8216;Elrow&#8217;, la barrera ente l&#8217;escenariu y el p\u00fablicu sume: equ\u00ed, <strong>l&#8217;espectador ye&#8217;l protagonista absolutu de la funci\u00f3n<\/strong>. Siquier eso ye lo qu&#8217;aseguren los sos ceadores. \u00abCaracterizase por xenerar universos surrealistes y escenarios de fantas\u00eda\u00bb, esplica Esteban Gir\u00f3n, responsable de la organizaci\u00f3n n&#8217;Uvi\u00e9u. Y esta vegada, el nivel de detalle promete dexar estelaos a los barganal de <strong>11.000 asistentes que s&#8217;esperen na cortil.<\/strong><\/p>\n<p>El cartelu de luxu. Anque la puesta n&#8217;escena ye l&#8217;alma de &#8216;Elrow&#8217;, la banda sonora va tar al altor de la infraestructura. El cartelu combina estrelles mundiales con talentu local de primer nivel como Patrick Topping y Wade, dos de los nomes m\u00e1s potentes del tech-house actual. Marco Faraone y Olive F o <strong>H\u00e9ctor Llamazares quien va dar el toque asturianu<\/strong>. Tami\u00e9n artistes como Rendher y Mal\u00f3ne Morez completen una xornada que va arrincar a les 17 hores y va enllargase hasta les dos y media de la madrugada.<\/p>\n<p>La llegada de &#8216;Elrow&#8217; a Uvi\u00e9u nun ye un eventu m\u00e1s.<strong> Ye la \u00fanica parada de la marca en tol norte d&#8217;Espa\u00f1a angua\u00f1o<\/strong>, compartiendo protagonismu con grandes capitales como Madrid, Barcelona o Sevilla y que da&#8217;l pistoletazu de salida a la previa oficiosa de San Mateo, que va arrincar el d\u00eda 10.<\/p>\n<p><strong>Miles d&#8217;entraes vend\u00edes. <\/strong>La espectaci\u00f3n ye m\u00e1xima. Desque s&#8217;anunci\u00f3 la cita en xunu, miles de persones llanzarense a por informaci\u00f3n inclusive antes de conocer el cartelu. La respuesta en taquilla ta siendo escelente, y nun ye pa menos: la organizaci\u00f3n alvirti\u00f3 qu&#8217;esta esperiencia ye \u00abesclusiva\u00bb y que &#8216;Elrow&#8217; nun suel repitir localizaciones de forma a\u00f1al.<\/p>\n<p>Por que tou funcione, un equipu de 250 persones trabaya contrarrel\u00f3 nel montaxe. Nun ye pa menos, pos la familia Arnau (fundadores de la marca fai m\u00e1s de 150 a\u00f1os) construy\u00f3 un imperiu bas\u00e1u na espectacularid\u00e1. Esteban Gir\u00f3n ye tayante sobro la magnit\u00fa de lo que va asoceder esti s\u00e1badu: \u00abTamos seguros de que van pasar a\u00f1os hasta que &#8216;Elrow&#8217; vuelva pasar per Uvi\u00e9u. Ye daqu\u00e9 de lo que se va falar na ciud\u00e1 mientres d\u00e9cades\u00bb.<\/p>\n<p style=\"text-align: center\"><a href=\"https:\/\/estaticos-cdn.prensaiberica.es\/clip\/c7a8b026-cbd9-4fb5-a704-4c208a5dbfe0_16-9-discover-aspect-ratio_default_0_x1024y384.webp\"><img loading=\"lazy\" decoding=\"async\" class=\"aligncenter size-large\" src=\"https:\/\/estaticos-cdn.prensaiberica.es\/clip\/c7a8b026-cbd9-4fb5-a704-4c208a5dbfe0_16-9-discover-aspect-ratio_default_0_x1024y384.webp\" width=\"1200\" height=\"675\" \/><\/a><\/p>\n<\/div>\n<\/div>\n","protected":false},"excerpt":{"rendered":"<p>\u00ab&#8217;Elrow&#8217; ye daqu\u00e9 de lo que se va falar mientres d\u00e9cades n&#8217;Uvi\u00e9u\u00bb \/ Elrow Uvi\u00e9u \/ Lluz, color, confeti y un esplegue visual ensin precedentes llega esti s\u00e1badu a la cortil de La Er\u00eda con \u00abElrow\u00bb. https:\/\/mrf.lu\/2Ln3n<\/p>\n","protected":false},"author":117,"featured_media":0,"comment_status":"closed","ping_status":"closed","sticky":false,"template":"","format":"standard","meta":{"footnotes":""},"categories":[204,35],"tags":[],"class_list":["post-87200","post","type-post","status-publish","format-standard","hentry","category-festivales","category-musica"],"_links":{"self":[{"href":"https:\/\/edublog.educastur.es\/ixuxu\/wp-json\/wp\/v2\/posts\/87200","targetHints":{"allow":["GET"]}}],"collection":[{"href":"https:\/\/edublog.educastur.es\/ixuxu\/wp-json\/wp\/v2\/posts"}],"about":[{"href":"https:\/\/edublog.educastur.es\/ixuxu\/wp-json\/wp\/v2\/types\/post"}],"author":[{"embeddable":true,"href":"https:\/\/edublog.educastur.es\/ixuxu\/wp-json\/wp\/v2\/users\/117"}],"replies":[{"embeddable":true,"href":"https:\/\/edublog.educastur.es\/ixuxu\/wp-json\/wp\/v2\/comments?post=87200"}],"version-history":[{"count":3,"href":"https:\/\/edublog.educastur.es\/ixuxu\/wp-json\/wp\/v2\/posts\/87200\/revisions"}],"predecessor-version":[{"id":87203,"href":"https:\/\/edublog.educastur.es\/ixuxu\/wp-json\/wp\/v2\/posts\/87200\/revisions\/87203"}],"wp:attachment":[{"href":"https:\/\/edublog.educastur.es\/ixuxu\/wp-json\/wp\/v2\/media?parent=87200"}],"wp:term":[{"taxonomy":"category","embeddable":true,"href":"https:\/\/edublog.educastur.es\/ixuxu\/wp-json\/wp\/v2\/categories?post=87200"},{"taxonomy":"post_tag","embeddable":true,"href":"https:\/\/edublog.educastur.es\/ixuxu\/wp-json\/wp\/v2\/tags?post=87200"}],"curies":[{"name":"wp","href":"https:\/\/api.w.org\/{rel}","templated":true}]}}