{"id":87205,"date":"2026-09-05T17:58:05","date_gmt":"2026-09-05T15:58:05","guid":{"rendered":"https:\/\/edublog.educastur.es\/ixuxu\/?p=87205"},"modified":"2026-09-05T19:16:27","modified_gmt":"2026-09-05T17:16:27","slug":"maria-rosende-suelta-la-so-cometa-nel-tunel-de-la-ronda-sur","status":"publish","type":"post","link":"https:\/\/edublog.educastur.es\/ixuxu\/2026\/09\/maria-rosende-suelta-la-so-cometa-nel-tunel-de-la-ronda-sur\/","title":{"rendered":"Mar\u00eda Rosende suelta la so &#8216;Cometa&#8217; nel t\u00fanel de la Ronda Sur"},"content":{"rendered":"<p>Parees Fest: l&#8217;artista Mar\u00eda Rosende suelta la so &#8216;Cometa&#8217; nel t\u00fanel de la Ronda Sur d&#8217;Uvi\u00e9u <img loading=\"lazy\" decoding=\"async\" class=\"xz74otr x15mokao x1ga7v0g x16uus16 xbiv7yw\" src=\"https:\/\/static.xx.fbcdn.net\/images\/emoji.php\/v9\/t9e\/1\/16\/27a1.png\" alt=\"\u27a1\ufe0f\" width=\"16\" height=\"16\" \/>\u00a0<span class=\"html-span xdj266r x14z9mp xat24cr x1lziwak xexx8yu xyri2b x18d9i69 x1c1uobl x1hl2dhg x16tdsg8 x1vvkbs\"><a class=\"x1i10hfl xjbqb8w x1ejq31n x18oe1m7 x1sy0etr xstzfhl x972fbf x10w94by x1qhh985 x14e42zd x9f619 x1ypdohk xt0psk2 x3ct3a4 xdj266r x14z9mp xat24cr x1lziwak xexx8yu xyri2b x18d9i69 x1c1uobl x16tdsg8 x1hl2dhg xggy1nq x1a2a7pz xkrqix3 x1sur9pj x1fey0fg x1s688f\" role=\"link\" href=\"https:\/\/mrf.lu\/2LWzm?fbclid=IwcGRvZgVleHRuA2FlbQIxMABzcnRjBmFwcF9pZBAyMjIwMzkxNzg4MjAwODkyAAEezx3mQP5xGLmeN3TphbapvXPKzE_npIkYOtQPheHqHpvTnaLyleUpWIzpX8c_aem_5CBuaBGQeDeEoWeE47-2LQ\" target=\"_blank\" rel=\"nofollow noopener noreferrer\">https:\/\/mrf.lu\/2LWzm<\/a><\/span><\/p>\n<p style=\"text-align: center\"><a href=\"https:\/\/s1.ppllstatics.com\/elcomercio\/www\/multimedia\/local\/2026\/09\/04\/parees-R2uLTJwFeN40NTfogvaltlM-1200x840@El%20Comercio.jpg\"><img loading=\"lazy\" decoding=\"async\" class=\"aligncenter size-large\" src=\"https:\/\/s1.ppllstatics.com\/elcomercio\/www\/multimedia\/local\/2026\/09\/04\/parees-R2uLTJwFeN40NTfogvaltlM-1200x840@El%20Comercio.jpg\" width=\"1200\" height=\"840\" \/><\/a><\/p>\n<p>L&#8217;arte urbano tom\u00f3 les cais d&#8217;Uvi\u00e9u una vegada m\u00e1s gracies a la nueva edici\u00f3n de <span style=\"color: #008080\"><strong>Parees, Festival de Muralismo Contextual y Asiti\u00e1u.<\/strong> <\/span>Nesti casu col entamu de la realizaci\u00f3n del mural &#8216;Cometa&#8217; de l&#8217;artista <a href=\"https:\/\/www.instagram.com\/maiterosende\"><strong>Maite Rosende<\/strong><\/a>.<\/p>\n<p><!--more--><\/p>\n<p>Rosende pinta esti mural nel t\u00fanel de la Rondar Sur y darr\u00e9u va empezar la realizaci\u00f3n d&#8217;un segundu mural na una par\u00e9 de la cai San Melchor Garc\u00eda Sampedro. Mentanto los otros dos artistes que van participar na edici\u00f3n de 2026, la novena y\u00e1, va cuntar con tr\u00e9s artistes de primer nivel (Maite Rosende, Greta von Richthofen y Mar Herrera) del \u00e1mbitu auton\u00f3micu, estatal y europ\u00e9u, calteniendo&#8217;l compromisu de parid\u00e1 de x\u00e9neru y calid\u00e1 curatorial del festival.<\/p>\n<p>Mientres la xornada&#8217;l Parees Fest entam\u00f3 un taller de xerigraf\u00eda radical ente que&#8217;l d\u00eda anterior celebr\u00f3se unu denomin\u00e1u Sacavera Testil.<\/p>\n","protected":false},"excerpt":{"rendered":"<p>Parees Fest: l&#8217;artista Mar\u00eda Rosende suelta la so &#8216;Cometa&#8217; nel t\u00fanel de la Ronda Sur d&#8217;Uvi\u00e9u \u00a0https:\/\/mrf.lu\/2LWzm L&#8217;arte urbano tom\u00f3 les cais d&#8217;Uvi\u00e9u una vegada m\u00e1s gracies a la nueva edici\u00f3n de Parees, Festival de Muralismo Contextual y Asiti\u00e1u. Nesti casu col entamu de la realizaci\u00f3n del mural &#8216;Cometa&#8217; de l&#8217;artista Maite Rosende.<\/p>\n","protected":false},"author":117,"featured_media":0,"comment_status":"closed","ping_status":"closed","sticky":false,"template":"","format":"standard","meta":{"footnotes":""},"categories":[89,154],"tags":[],"class_list":["post-87205","post","type-post","status-publish","format-standard","hentry","category-arte","category-parees"],"_links":{"self":[{"href":"https:\/\/edublog.educastur.es\/ixuxu\/wp-json\/wp\/v2\/posts\/87205","targetHints":{"allow":["GET"]}}],"collection":[{"href":"https:\/\/edublog.educastur.es\/ixuxu\/wp-json\/wp\/v2\/posts"}],"about":[{"href":"https:\/\/edublog.educastur.es\/ixuxu\/wp-json\/wp\/v2\/types\/post"}],"author":[{"embeddable":true,"href":"https:\/\/edublog.educastur.es\/ixuxu\/wp-json\/wp\/v2\/users\/117"}],"replies":[{"embeddable":true,"href":"https:\/\/edublog.educastur.es\/ixuxu\/wp-json\/wp\/v2\/comments?post=87205"}],"version-history":[{"count":4,"href":"https:\/\/edublog.educastur.es\/ixuxu\/wp-json\/wp\/v2\/posts\/87205\/revisions"}],"predecessor-version":[{"id":87214,"href":"https:\/\/edublog.educastur.es\/ixuxu\/wp-json\/wp\/v2\/posts\/87205\/revisions\/87214"}],"wp:attachment":[{"href":"https:\/\/edublog.educastur.es\/ixuxu\/wp-json\/wp\/v2\/media?parent=87205"}],"wp:term":[{"taxonomy":"category","embeddable":true,"href":"https:\/\/edublog.educastur.es\/ixuxu\/wp-json\/wp\/v2\/categories?post=87205"},{"taxonomy":"post_tag","embeddable":true,"href":"https:\/\/edublog.educastur.es\/ixuxu\/wp-json\/wp\/v2\/tags?post=87205"}],"curies":[{"name":"wp","href":"https:\/\/api.w.org\/{rel}","templated":true}]}}