{"id":87212,"date":"2026-09-05T17:56:14","date_gmt":"2026-09-05T15:56:14","guid":{"rendered":"https:\/\/edublog.educastur.es\/ixuxu\/?p=87212"},"modified":"2026-09-05T19:19:42","modified_gmt":"2026-09-05T17:19:42","slug":"el-museu-etnograficu-de-la-llecheria-de-la-foz-pide-collaboracion","status":"publish","type":"post","link":"https:\/\/edublog.educastur.es\/ixuxu\/2026\/09\/el-museu-etnograficu-de-la-llecheria-de-la-foz-pide-collaboracion\/","title":{"rendered":"El mus\u00e9u etnogr\u00e1ficu de la llecher\u00eda de La Foz pide collaboraci\u00f3n"},"content":{"rendered":"<p>El mus\u00e9u etnogr\u00e1ficu de la llecher\u00eda de La Foz pide collaboraci\u00f3n para siguir funcionando. <a href=\"https:\/\/www.rtpa.es\/noticias-asturias\/2026-09-05\/El-museo-etnografico-de-la-lecheria-de-La-Foz-pide-colaboracion-para-seguir-funcionando_111788625932.html\">RTPA<\/a> \/<\/p>\n<p style=\"text-align: center\"><a href=\"https:\/\/pbs.twimg.com\/media\/HRdYrL_aUAAWwDX?format=jpg&amp;name=small\"><img loading=\"lazy\" decoding=\"async\" class=\"aligncenter size-large\" src=\"https:\/\/pbs.twimg.com\/media\/HRdYrL_aUAAWwDX?format=jpg&amp;name=small\" width=\"680\" height=\"512\" \/><\/a><\/p>\n<p>Un equipamientu dedic\u00e1u a conservar y dar a conocer la cultura tradicional vinculada a la lleche y ellaboraci\u00f3n de productos como&#8217;l quesu.<\/p>\n<p><!--more--><\/p>\n<p>\ud83c\udfdb\ufe0f El mus\u00e9u forma parte de la Rede de Museos Etnogr\u00e1ficos d\u2019Asturies y axunta patrimoniu industrial y memoria del mundu rural asturianu.<\/p>\n<p style=\"text-align: center\"><a href=\"https:\/\/pbs.twimg.com\/media\/HRdYrvTXsAMKrTV?format=jpg&amp;name=large\"><img loading=\"lazy\" decoding=\"async\" class=\"aligncenter size-large\" src=\"https:\/\/pbs.twimg.com\/media\/HRdYrvTXsAMKrTV?format=jpg&amp;name=large\" width=\"2040\" height=\"1536\" \/><\/a><\/p>\n<p><span class=\"css-1jxf684 r-bcqeeo r-1ttztb7 r-qvutc0 r-poiln3\">\ud83e\udd5b La conseyera de Cultura, Pol\u00edtica Lling\u00fc\u00edstica y Deporte, <\/span><span class=\"r-18u37iz\"><a class=\"css-1jxf684 r-bcqeeo r-1ttztb7 r-qvutc0 r-poiln3 r-1wvb978 r-1loqt21\" dir=\"ltr\" role=\"link\" href=\"https:\/\/x.com\/av_gutierrez\">@av_gutierrez<\/a><\/span><span class=\"css-1jxf684 r-bcqeeo r-1ttztb7 r-qvutc0 r-poiln3\">, visit\u00f3 g\u00fcei en La Foz, el Mus\u00e9u Etnogr\u00e1ficu de la Llecher\u00eda.<\/span><\/p>\n<p style=\"text-align: center\"><a href=\"https:\/\/pbs.twimg.com\/media\/HRdYsYhXYAU3NV9?format=jpg&amp;name=large\"><img loading=\"lazy\" decoding=\"async\" class=\"aligncenter size-large\" src=\"https:\/\/pbs.twimg.com\/media\/HRdYsYhXYAU3NV9?format=jpg&amp;name=large\" width=\"2040\" height=\"1536\" \/><\/a><\/p>\n<p style=\"text-align: center\"><a href=\"https:\/\/www.rtpa.es\/fotos\/\/26\/09\/20260905182943_RTPA8565113.webp\"><img loading=\"lazy\" decoding=\"async\" class=\"aligncenter size-large\" src=\"https:\/\/www.rtpa.es\/fotos\/\/26\/09\/20260905182943_RTPA8565113.webp\" width=\"853\" height=\"480\" \/><\/a><\/p>\n<p>En La Foz de Morc\u00edn all\u00fagase&#8217;l mus\u00e9u etnogr\u00e1ficu de la llecher\u00eda. La so direcci\u00f3n actual valora l&#8217;ayuda econ\u00f3mica concedida angua\u00f1o por Cultura, pero pide m\u00e1s impulsu y collaboraci\u00f3n. <strong>Plantega tami\u00e9n el so tresll\u00e1u a la nueva casa de la Cultura, nes Tolvas del Monsacro, que se va inaugurar esta seronda. <\/strong><\/p>\n","protected":false},"excerpt":{"rendered":"<p>El mus\u00e9u etnogr\u00e1ficu de la llecher\u00eda de La Foz pide collaboraci\u00f3n para siguir funcionando. RTPA \/ Un equipamientu dedic\u00e1u a conservar y dar a conocer la cultura tradicional vinculada a la lleche y ellaboraci\u00f3n de productos como&#8217;l quesu.<\/p>\n","protected":false},"author":117,"featured_media":0,"comment_status":"closed","ping_status":"closed","sticky":false,"template":"","format":"standard","meta":{"footnotes":""},"categories":[15,151],"tags":[],"class_list":["post-87212","post","type-post","status-publish","format-standard","hentry","category-museos","category-quesos"],"_links":{"self":[{"href":"https:\/\/edublog.educastur.es\/ixuxu\/wp-json\/wp\/v2\/posts\/87212","targetHints":{"allow":["GET"]}}],"collection":[{"href":"https:\/\/edublog.educastur.es\/ixuxu\/wp-json\/wp\/v2\/posts"}],"about":[{"href":"https:\/\/edublog.educastur.es\/ixuxu\/wp-json\/wp\/v2\/types\/post"}],"author":[{"embeddable":true,"href":"https:\/\/edublog.educastur.es\/ixuxu\/wp-json\/wp\/v2\/users\/117"}],"replies":[{"embeddable":true,"href":"https:\/\/edublog.educastur.es\/ixuxu\/wp-json\/wp\/v2\/comments?post=87212"}],"version-history":[{"count":4,"href":"https:\/\/edublog.educastur.es\/ixuxu\/wp-json\/wp\/v2\/posts\/87212\/revisions"}],"predecessor-version":[{"id":87232,"href":"https:\/\/edublog.educastur.es\/ixuxu\/wp-json\/wp\/v2\/posts\/87212\/revisions\/87232"}],"wp:attachment":[{"href":"https:\/\/edublog.educastur.es\/ixuxu\/wp-json\/wp\/v2\/media?parent=87212"}],"wp:term":[{"taxonomy":"category","embeddable":true,"href":"https:\/\/edublog.educastur.es\/ixuxu\/wp-json\/wp\/v2\/categories?post=87212"},{"taxonomy":"post_tag","embeddable":true,"href":"https:\/\/edublog.educastur.es\/ixuxu\/wp-json\/wp\/v2\/tags?post=87212"}],"curies":[{"name":"wp","href":"https:\/\/api.w.org\/{rel}","templated":true}]}}