{"id":87215,"date":"2026-09-05T18:10:06","date_gmt":"2026-09-05T16:10:06","guid":{"rendered":"https:\/\/edublog.educastur.es\/ixuxu\/?p=87215"},"modified":"2026-09-05T19:02:01","modified_gmt":"2026-09-05T17:02:01","slug":"les-xornaes-internacionales-del-comic-naviles-del-8-al-12-de-setiembre","status":"publish","type":"post","link":"https:\/\/edublog.educastur.es\/ixuxu\/2026\/09\/les-xornaes-internacionales-del-comic-naviles-del-8-al-12-de-setiembre\/","title":{"rendered":"Les Xornaes Internacionales del C\u00f3mic n&#8217;Avil\u00e9s, del 8 al 12 de setiembre"},"content":{"rendered":"<p class=\"text-2xl font-bold font-serif leading-tight max-w-[65ch] mb-1.5\"><a href=\"https:\/\/www.rtpa.es\/noticias-sociedad-ast\/2026-09-04\/Les-Xornaes-Internacionales-del-Comic-axunten-n'Aviles-a-27-autores-de-nueve-paises_111788526632.html\">Les Xornaes Internacionales del C\u00f3mic axunten n&#8217;Avil\u00e9s a 27 autores de nueve pa\u00edses<\/a>.<\/p>\n<p style=\"text-align: center\"><a href=\"https:\/\/www.rtpa.es\/fotos\/\/26\/09\/20260904145009_RTPA8561835.webp\"><img loading=\"lazy\" decoding=\"async\" class=\"aligncenter size-large\" src=\"https:\/\/www.rtpa.es\/fotos\/\/26\/09\/20260904145009_RTPA8561835.webp\" width=\"853\" height=\"480\" \/><\/a><\/p>\n<div class=\"flow rtpa-prose text-lg leading-tight mb-6\"><strong>Matthew Rosenberg, Rob Williams, Natalia Velarde y Keko, nomes destacaos de la cita lliteraria. Del 8 al 12 de setiembre<\/strong>, Avil\u00e9s vuelve convertise en puntu d&#8217;alcuentru pa los amantes del c\u00f3mic. Les <a href=\"https:\/\/aviles.es\/w\/las-xxxi-jornadas-del-c\u00f3mic-villa-de-avil\u00e9s-reunir\u00e1n-a-27-autores-de-9-pa\u00edses?redirect=%2Fde-compras\">Xornaes Internacionales del C\u00f3mic<\/a> van axuntar angua\u00f1o a 27 autores de nueve pa\u00edses. <a href=\"https:\/\/es.wikipedia.org\/wiki\/Jornadas_Internacionales_del_C\u00f3mic_Villa_de_Avil\u00e9s\">Wiki<\/a><\/div>\n<div class=\"flow rtpa-prose text-base text-neutral-700\">\n<p><!--more--><\/p>\n<p>Ente los nomes destacaos va tar Matthew Rosenberg, de los Estaos Xun\u00edos, guionistes con trabayos pa Marvel, DC y Image. Tami\u00e9n el brit\u00e1nicu Rob Williams, y autores nuevos como Natalia Velarde, una de les voces emerxentes del c\u00f3mic nacional.<\/p>\n<p>Keko, veteranu historietista madrilanu reconoc\u00edu especialmente pol so dominiu del blanco y negro, tami\u00e9n ye \u00fan de los invitaos.<\/p>\n<p>Cinco d\u00edes pa que los aficionaos tean colos sos autores prefer\u00edos.<\/p>\n<p>Como noved\u00e1, el programa incorpora dos esposiciones: \u2018El arte de Pere P\u00e9rez&#8217; y una amuesa de Rafa Fonteriz que va pescudar la evoluci\u00f3n de los distintos x\u00e9neros del c\u00f3mic al travi\u00e9s del tiempu.<\/p>\n<p style=\"text-align: center\"><a href=\"https:\/\/aviles.es\/documents\/20124\/8228633\/Presentaci%C3%B3n+XXXI+Jornadas+del+C%C3%B3mic+-+web.jpg\/ded320e2-c540-2bd1-6494-58e4b095316c?t=1788517868132\"><img loading=\"lazy\" decoding=\"async\" class=\"aligncenter size-large\" src=\"https:\/\/aviles.es\/documents\/20124\/8228633\/Presentaci%C3%B3n+XXXI+Jornadas+del+C%C3%B3mic+-+web.jpg\/ded320e2-c540-2bd1-6494-58e4b095316c?t=1788517868132\" width=\"1200\" height=\"900\" \/><\/a><\/p>\n<\/div>\n<p align=\"center\"><strong class=\"insuit-b-to-strong\">PROGRAMA XXXI Jornadas del C\u00f3mic &#8216;Villa de Avil\u00e9s&#8217;<\/strong><\/p>\n<p>&nbsp;<\/p>\n<p><span style=\"color: #008080\"><strong class=\"insuit-b-to-strong\">MARTES 8<\/strong><\/span><br \/>\n<span style=\"color: #008080\">17:00 INAUGURACI\u00d3N, con la presencia de autores invitados (Auditorio de la Casa de Cultura)<\/span><\/p>\n<p><span style=\"color: #008080\">17:20 Charla Coloquio: Bartolom\u00e9 Segu\u00ed\u00a0 (Auditorio de la Casa de Cultura)<\/span><\/p>\n<p><span style=\"color: #008080\">18:00 Charla Coloquio: Danide\u00a0 (Auditorio de la Casa de Cultura)<\/span><\/p>\n<p><span style=\"color: #008080\">18:40 Charla Coloquio: Joaqu\u00edn L\u00f3pez Cruces (Auditorio de la Casa de Cultura)<\/span><br \/>\n<span style=\"color: #008080\">19:20 Charla Coloquio: Pep Brocal (Auditorio de la Casa de Cultura)<\/span><\/p>\n<p><span style=\"color: #008080\">20:00 Charla Coloquio: Juni Ba (Auditorio de la Casa de Cultura)<\/span><\/p>\n<p><span style=\"color: #008080\">21:00 Firmas<\/span><\/p>\n<p>&nbsp;<\/p>\n<p><span style=\"color: #008080\"><strong class=\"insuit-b-to-strong\">MI\u00c9RCOLES 9<\/strong><\/span><br \/>\n<span style=\"color: #008080\">13:00 Charla coloquio \u201cDe la \u00e9poca de las revistas a la de las novelas gr\u00e1ficas. Adaptarse para seguir contando historias\u201d con Bartolom\u00e9 Segu\u00ed, Joaqu\u00edn L\u00f3pez Cruces y Pep Brocal (Sala Polivalente de la Casa de Cultura)<\/span><\/p>\n<p><span style=\"color: #008080\">17:00 Charla Coloquio: Rub\u00e9n Fern\u00e1ndez (Auditorio de la Casa de Cultura)<\/span><br \/>\n<span style=\"color: #008080\">17:40 Charla Coloquio: Carmelo Manresa (Auditorio de la Casa de Cultura)<\/span><\/p>\n<p><span style=\"color: #008080\">18:20 Charla Coloquio: Daniele Kong (Auditorio de la Casa de Cultura)<\/span><\/p>\n<p><span style=\"color: #008080\">19:00 Charla Coloquio: Paulina Spucches (Auditorio de la Casa de Cultura)<\/span><\/p>\n<p><span style=\"color: #008080\">19:40 Charla Coloquio: Rob Williams (Auditorio de la Casa de Cultura)<\/span><br \/>\n<span style=\"color: #008080\">20:45 Firmas<\/span><\/p>\n<p>&nbsp;<\/p>\n<p><span style=\"color: #008080\"><strong class=\"insuit-b-to-strong\">JUEVES 10<\/strong><\/span><br \/>\n<span style=\"color: #008080\">12:00 Presentaci\u00f3n de los c\u00f3mics \u201cSucesos cr\u00edticos variados\u201d con su guionista Deniz Camp y \u201cLas hermanas Season\u201d con su dibujante Paul Azaceta (Sala Polivalente de la Casa de Cultura)<\/span><\/p>\n<p><span style=\"color: #008080\">12:30 Visita guiada a la exposici\u00f3n \u201cRafa Font\u00e9riz: explorando los g\u00e9neros a trav\u00e9s del tiempo\u201d a cargo de su autor (Sala de exposiciones de la Casa de Cultura)<\/span><\/p>\n<p><span style=\"color: #008080\">17:00 Charla Coloquio: Homs (Auditorio de la Casa de Cultura)<\/span><\/p>\n<p><span style=\"color: #008080\">17:40 Charla Coloquio: Raquel Gu (Auditorio de la Casa de Cultura)<\/span><\/p>\n<p><span style=\"color: #008080\">18:20 Charla Coloquio: David Morancho (Auditorio de la Casa de Cultura)<\/span><br \/>\n<span style=\"color: #008080\">19:00 Charla Coloquio: Stipan Morian (Auditorio de la Casa de Cultura)<\/span><br \/>\n<span style=\"color: #008080\">20:00 Charla Coloquio: Declan Shalvey (Auditorio de la Casa de Cultura)<\/span><br \/>\n<span style=\"color: #008080\">21:00 Firmas<\/span><\/p>\n<p>&nbsp;<\/p>\n<p><span style=\"color: #008080\"><strong class=\"insuit-b-to-strong\">VIERNES 11<\/strong><\/span><br \/>\n<span style=\"color: #008080\">12:00 Charla coloquio: \u201cPresentaci\u00f3n de novedades presentes y futuras\u201d con Max Vento (\u201cGaud\u00ed: el so\u00f1ador de Barcelona) y Koldo Azpitarte (\u201cRelaciones peligrosas\u201d)\u201d (Sala Polivalente de la Casa de Cultura)<\/span><\/p>\n<p><span style=\"color: #008080\">13:00 Visita guiada a la exposici\u00f3n \u201cEl arte de Pere P\u00e9rez\u201d a cargo de su autor (Vest\u00edbulo de exposiciones de la Casa de Cultura)<\/span><\/p>\n<p><span style=\"color: #008080\">17:00 Charla Coloquio: Fernando Dagnino (Auditorio de la Casa de Cultura)<\/span><\/p>\n<p><span style=\"color: #008080\">17:40 Charla Coloquio: Keko (Auditorio de la Casa de Cultura)<\/span><\/p>\n<p><span style=\"color: #008080\">18:20 Charla Coloquio: Jos\u00e9 Villarrubia (Auditorio de la Casa de Cultura)<\/span><br \/>\n<span style=\"color: #008080\">19:00 Charla Coloquio: Ana Oncina (Auditorio de la Casa de Cultura)<\/span><br \/>\n<span style=\"color: #008080\">19:40 Charla Coloquio: Dan Watters (Auditorio de la Casa de Cultura)<\/span><br \/>\n<span style=\"color: #008080\">20:45 Firmas<\/span><\/p>\n<p>&nbsp;<\/p>\n<p><span style=\"color: #008080\"><strong class=\"insuit-b-to-strong\">S\u00c1BADO 12<\/strong><\/span><br \/>\n<span style=\"color: #008080\">12:00 Charla coloquio \u201cMultipresentaci\u00f3n de novedades\u201d con Rafa Fonteriz (\u201cOlvido culpable\u201d), Enrique Vegas (\u201cEl b\u00e1rbaro\u201d) y Pere P\u00e9rez (\u201cSpiderman: dividido\u201d)<\/span><\/p>\n<p><span style=\"color: #008080\">13:00 Presentaci\u00f3n de la nueva etapa de Batman con su equipo creativo: Deniz Camp y Javier Rodr\u00edguez (Sala Polivalente de la Casa de Cultura)<\/span><\/p>\n<p><span style=\"color: #008080\">17:00 Charla Coloquio: Scott Kolins\u00a0 (Auditorio de la Casa de Cultura)<\/span><br \/>\n<span style=\"color: #008080\">18:00 Charla Coloquio: Natalia Velarde (Auditorio de la Casa de Cultura)<\/span><\/p>\n<p><span style=\"color: #008080\">18:40 Charla Coloquio: Matthew Rosenberg (Auditorio de la Casa de Cultura)<\/span><\/p>\n<p><span style=\"color: #008080\">19:40 CLAUSURA (con la presencia de autoridades y autores invitados)<\/span><br \/>\n<span style=\"color: #008080\">20:30 Firmas y regalo de la l\u00e1mina de ENRIQUE VEGAS<\/span><\/p>\n","protected":false},"excerpt":{"rendered":"<p>Les Xornaes Internacionales del C\u00f3mic axunten n&#8217;Avil\u00e9s a 27 autores de nueve pa\u00edses. Matthew Rosenberg, Rob Williams, Natalia Velarde y Keko, nomes destacaos de la cita lliteraria. Del 8 al 12 de setiembre, Avil\u00e9s vuelve convertise en puntu d&#8217;alcuentru pa los amantes del c\u00f3mic. Les Xornaes Internacionales del C\u00f3mic van axuntar angua\u00f1o a 27 autores [&hellip;]<\/p>\n","protected":false},"author":117,"featured_media":0,"comment_status":"closed","ping_status":"closed","sticky":false,"template":"","format":"standard","meta":{"footnotes":""},"categories":[57,171],"tags":[],"class_list":["post-87215","post","type-post","status-publish","format-standard","hentry","category-comic","category-xornaes"],"_links":{"self":[{"href":"https:\/\/edublog.educastur.es\/ixuxu\/wp-json\/wp\/v2\/posts\/87215","targetHints":{"allow":["GET"]}}],"collection":[{"href":"https:\/\/edublog.educastur.es\/ixuxu\/wp-json\/wp\/v2\/posts"}],"about":[{"href":"https:\/\/edublog.educastur.es\/ixuxu\/wp-json\/wp\/v2\/types\/post"}],"author":[{"embeddable":true,"href":"https:\/\/edublog.educastur.es\/ixuxu\/wp-json\/wp\/v2\/users\/117"}],"replies":[{"embeddable":true,"href":"https:\/\/edublog.educastur.es\/ixuxu\/wp-json\/wp\/v2\/comments?post=87215"}],"version-history":[{"count":2,"href":"https:\/\/edublog.educastur.es\/ixuxu\/wp-json\/wp\/v2\/posts\/87215\/revisions"}],"predecessor-version":[{"id":87217,"href":"https:\/\/edublog.educastur.es\/ixuxu\/wp-json\/wp\/v2\/posts\/87215\/revisions\/87217"}],"wp:attachment":[{"href":"https:\/\/edublog.educastur.es\/ixuxu\/wp-json\/wp\/v2\/media?parent=87215"}],"wp:term":[{"taxonomy":"category","embeddable":true,"href":"https:\/\/edublog.educastur.es\/ixuxu\/wp-json\/wp\/v2\/categories?post=87215"},{"taxonomy":"post_tag","embeddable":true,"href":"https:\/\/edublog.educastur.es\/ixuxu\/wp-json\/wp\/v2\/tags?post=87215"}],"curies":[{"name":"wp","href":"https:\/\/api.w.org\/{rel}","templated":true}]}}