{"id":87223,"date":"2026-09-05T19:08:49","date_gmt":"2026-09-05T17:08:49","guid":{"rendered":"https:\/\/edublog.educastur.es\/ixuxu\/?p=87223"},"modified":"2026-09-05T19:09:03","modified_gmt":"2026-09-05T17:09:03","slug":"susan-sontag-una-de-les-intelectuales-mas-agudes-del-sieglu-xx","status":"publish","type":"post","link":"https:\/\/edublog.educastur.es\/ixuxu\/2026\/09\/susan-sontag-una-de-les-intelectuales-mas-agudes-del-sieglu-xx\/","title":{"rendered":"Susan Sontag, una de les intelectuales m\u00e1s agudes del sieglu XX."},"content":{"rendered":"<p>Una reflex\u00f3n qu&#8217;entiesta la iron\u00eda y la lucidez d&#8217;<strong>una de les intelectuales m\u00e1s agudes del sieglu XX. <\/strong><\/p>\n<p style=\"text-align: center\">\n<!-- iframe plugin v.6.0 wordpress.org\/plugins\/iframe\/ -->\n<iframe loading=\"lazy\" src=\"https:\/\/www.facebook.com\/plugins\/post.php?href=https%3A%2F%2Fwww.facebook.com%2Fpermalink.php%3Fstory_fbid%3Dpfbid0mvbtRQGqSVp96soXR8MPWr9tTqNLL2eqYTmtxkzTaNcNKdfDodvzJqyKZcfMjazbl%26id%3D100083626091493&#038;show_text=false&#038;width=500\" width=\"500\" height=\"498\" style=\"border:none;overflow:hidden\" scrolling=\"no\" frameborder=\"0\" allowfullscreen=\"true\" allow=\"autoplay; clipboard-write; encrypted-media; picture-in-picture; web-share\" 0=\"\/iframe\" class=\"iframe-class\"><\/iframe>\n<\/p>\n<p><a href=\"https:\/\/es.wikipedia.org\/wiki\/Susan_Sontag\"><strong>Sontag<\/strong><\/a>, la escritora y activista que supo cuestionar los llugares comunes del so tiempu, reg\u00e1lanos nesta frase una observaci\u00f3n tan simple como provocadora:<\/p>\n<blockquote><p><span style=\"font-size: 20px;color: #008080\"><em>\u00abLa paranoya, a pesar de ser una forma de sufrimientu, otorga a quien la carez la certidume de ser el centru d&#8217;atenci\u00f3n. Una iron\u00eda que convida a sonrir y a pensar coles mesmes\u00bb.<\/em><\/span><\/p><\/blockquote>\n","protected":false},"excerpt":{"rendered":"<p>Una reflex\u00f3n qu&#8217;entiesta la iron\u00eda y la lucidez d&#8217;una de les intelectuales m\u00e1s agudes del sieglu XX. Sontag, la escritora y activista que supo cuestionar los llugares comunes del so tiempu, reg\u00e1lanos nesta frase una observaci\u00f3n tan simple como provocadora: \u00abLa paranoya, a pesar de ser una forma de sufrimientu, otorga a quien la carez [&hellip;]<\/p>\n","protected":false},"author":117,"featured_media":0,"comment_status":"closed","ping_status":"closed","sticky":false,"template":"","format":"standard","meta":{"footnotes":""},"categories":[1],"tags":[],"class_list":["post-87223","post","type-post","status-publish","format-standard","hentry","category-sin-categoria"],"_links":{"self":[{"href":"https:\/\/edublog.educastur.es\/ixuxu\/wp-json\/wp\/v2\/posts\/87223","targetHints":{"allow":["GET"]}}],"collection":[{"href":"https:\/\/edublog.educastur.es\/ixuxu\/wp-json\/wp\/v2\/posts"}],"about":[{"href":"https:\/\/edublog.educastur.es\/ixuxu\/wp-json\/wp\/v2\/types\/post"}],"author":[{"embeddable":true,"href":"https:\/\/edublog.educastur.es\/ixuxu\/wp-json\/wp\/v2\/users\/117"}],"replies":[{"embeddable":true,"href":"https:\/\/edublog.educastur.es\/ixuxu\/wp-json\/wp\/v2\/comments?post=87223"}],"version-history":[{"count":1,"href":"https:\/\/edublog.educastur.es\/ixuxu\/wp-json\/wp\/v2\/posts\/87223\/revisions"}],"predecessor-version":[{"id":87224,"href":"https:\/\/edublog.educastur.es\/ixuxu\/wp-json\/wp\/v2\/posts\/87223\/revisions\/87224"}],"wp:attachment":[{"href":"https:\/\/edublog.educastur.es\/ixuxu\/wp-json\/wp\/v2\/media?parent=87223"}],"wp:term":[{"taxonomy":"category","embeddable":true,"href":"https:\/\/edublog.educastur.es\/ixuxu\/wp-json\/wp\/v2\/categories?post=87223"},{"taxonomy":"post_tag","embeddable":true,"href":"https:\/\/edublog.educastur.es\/ixuxu\/wp-json\/wp\/v2\/tags?post=87223"}],"curies":[{"name":"wp","href":"https:\/\/api.w.org\/{rel}","templated":true}]}}