{"id":87225,"date":"2026-09-05T19:12:53","date_gmt":"2026-09-05T17:12:53","guid":{"rendered":"https:\/\/edublog.educastur.es\/ixuxu\/?p=87225"},"modified":"2026-09-05T20:29:42","modified_gmt":"2026-09-05T18:29:42","slug":"la-onu-aprueba-un-mapamundi-mas-fiel-al-tamanu-de-los-continentes","status":"publish","type":"post","link":"https:\/\/edublog.educastur.es\/ixuxu\/2026\/09\/la-onu-aprueba-un-mapamundi-mas-fiel-al-tamanu-de-los-continentes\/","title":{"rendered":"La ONU aprueba un mapamundi m\u00e1s fiel al tama\u00f1u de los continentes"},"content":{"rendered":"<p>\u00a1Adi\u00f3s a 457 a\u00f1os d&#8217;ilusi\u00f3n cartogr\u00e1fica!<strong> La ONU aprueba camudar el mapamundi oficial para reflexar un mapa m\u00e1s fiel al tama\u00f1u de los continentes.<\/strong> L&#8217;Asamblea Xeneral de les Naciones Xun\u00edes aprob\u00f3 unu resolvimientu hist\u00f3ricu impulsada per Togo y l&#8217;Uni\u00f3n Africana sol lema<strong> \u00abCorrex\u00edi&#8217;l mapa\u00bb.<\/strong> La decisi\u00f3n busca reemplazar progresivamente el tradicional mapa de Gerardus Mercator (cre\u00e1u en 1569) pola proyecci\u00f3n cartogr\u00e1fica Equal Earth, que respeta la superficie real de los continentes. <a href=\"https:\/\/scontent-bcn1-1.xx.fbcdn.net\/v\/t39.99422-6\/794094070_3523858404456609_3121945141115955445_n.png?stp=dst-jpg_tt6&amp;cstp=mx1414x1885&amp;ctp=s1414x1885&amp;_nc_cat=107&amp;ccb=1-7&amp;_nc_sid=aa7b47&amp;_nc_ohc=d4FUB9hYOM8Q7kNvwHluTQ9&amp;_nc_oc=AdpRvPBstuq-GUj34Ex6oXfRhMO6kpPOEiacBz5VEYrV4e4Q-KmbbLpobUFC3LXgdEh_aYyFKQcHxWRFzkpEpYXM&amp;_nc_zt=14&amp;_nc_ht=scontent-bcn1-1.xx&amp;_nc_gid=HlqoZBhbRgBPrzgleNEsPg&amp;_nc_ss=7b2a8&amp;oh=00_AQLW3dEWYQyyakz_B0VlKZ_uXjk1wBXre2lAFwp9EKEVEw&amp;oe=6AA23047\">Gr\u00e1ficu<\/a> \/<\/p>\n<p style=\"text-align: center\"><a href=\"https:\/\/imagenes.elpais.com\/resizer\/v2\/LQGBS2T6MRHULPWN4V5JJMCPKA.jpg?auth=9b5c5d9fa1806723d21b0cfd569b1ad4ddf334e5305c373bf207442c8c95723b&amp;width=1000\"><img loading=\"lazy\" decoding=\"async\" class=\"aligncenter size-large\" src=\"https:\/\/imagenes.elpais.com\/resizer\/v2\/LQGBS2T6MRHULPWN4V5JJMCPKA.jpg?auth=9b5c5d9fa1806723d21b0cfd569b1ad4ddf334e5305c373bf207442c8c95723b&amp;width=1000\" width=\"1000\" height=\"563\" \/><\/a><\/p>\n<p><!--more--><\/p>\n<p>\ud83d\uddfa\ufe0f <span style=\"color: #008080\"><strong>\u00bfPor qu\u00e9 esta decisi\u00f3n camuda les riegles del xuegu? <\/strong><\/span><\/p>\n<ul>\n<li><span style=\"color: #008080\"><strong>El sesgu de Mercator<\/strong>: Dise\u00f1ada nel sieglu XVI para&#8217;l sal\u00e9u mar\u00edtimu, la proyecci\u00f3n de Mercator aburuya les proporciones al allo\u00f1ase del ecuador, encoyendo&#8217;l Sur Global y engrandando l&#8217;hemisferiu norte.<\/span><\/li>\n<li><span style=\"color: #008080\"><strong>La escala real d&#8217;\u00c1frica<\/strong>: Anque nos mapes escolares cl\u00e1sicos \u00c1frica paez del tama\u00f1u de Groenlandia, en realid\u00e1 ye 14 vegaes m\u00e1s grande. Nel so territoriu de m\u00e1s de 30 millones de km\u00b2 caben holgadamente Estaos Xun\u00edos, China, India, Xap\u00f3n, M\u00e9xico y casi toa Europa xuntos.<\/span><\/li>\n<li><span style=\"color: #008080\"><strong>Xusticia xeopol\u00edtica y educativa:<\/strong> M\u00e1s all\u00e1 de la xeometr\u00eda, como se\u00f1al\u00f3 la diplomacia africana, la forma en que representamos el planeta moldia la nuesa visi\u00f3n sobro&#8217;l pesu econ\u00f3micu, demogr\u00e1ficu y pol\u00edticu de cada rex\u00f3n.<\/span><\/li>\n<\/ul>\n<ul>\n<li><strong>Equal Earth: <\/strong>Representa los pa\u00edses y continentes acordies con la so superficie real y caltien el tama\u00f1u relativu de les \u00e1rees. Ye la que promueve la Uni\u00f3n Africana.<\/li>\n<\/ul>\n<p style=\"text-align: center\"><a href=\"https:\/\/ep00.epimg.net\/infografias\/2026\/09\/proyecciones\/mapas\/mapas-tableta.png?v=6\"><img loading=\"lazy\" decoding=\"async\" class=\"aligncenter size-large\" src=\"https:\/\/ep00.epimg.net\/infografias\/2026\/09\/proyecciones\/mapas\/mapas-tableta.png?v=6\" width=\"1200\" height=\"1944\" \/><\/a><\/p>\n<ul>\n<li><strong>Mercator:<\/strong> Dexa trazar rutes de sal\u00e9u con aldu constante. Esaxera les llatit\u00faes altes y embrive el tama\u00f1u de rexones como \u00c1frica o Suram\u00e9rica. Ye la proyecci\u00f3n m\u00e1s com\u00fan.<\/li>\n<\/ul>\n<p style=\"text-align: center\"><a href=\"https:\/\/ep00.epimg.net\/infografias\/2026\/09\/proyecciones\/mapas\/mapas-tableta.png?v=6\"><img loading=\"lazy\" decoding=\"async\" class=\"aligncenter size-large\" src=\"https:\/\/ep00.epimg.net\/infografias\/2026\/09\/proyecciones\/mapas\/mapas-tableta.png?v=6\" width=\"1200\" height=\"1944\" \/><\/a><\/p>\n<p><span style=\"color: #008080\"><em>\u201cCorrexir el mapa nun ye un exerciciu nin est\u00e9ticu nin simb\u00f3licu. Tr\u00e1tase d&#8217;una esixencia de precisi\u00f3n cient\u00edfica y pedag\u00f3xica. Consiste en recordar que toles rexones del mundu cunten, que tolos pueblos merecen ser vistos nel llugar que-yos correspuende y qu&#8217;\u00c1frica, igual que&#8217;l restu de rexones, tien d&#8217;apaecer na conciencia colectiva, non de forma amenorgada al travi\u00e9s d&#8217;aburuyar del pas\u00e1u, sin\u00f3n que tien de ser reconocida seg\u00fan la so realid\u00e1, la so contribuci\u00f3n y el so futuru\u201d,<\/em><\/span><\/p>\n","protected":false},"excerpt":{"rendered":"<p>\u00a1Adi\u00f3s a 457 a\u00f1os d&#8217;ilusi\u00f3n cartogr\u00e1fica! La ONU aprueba camudar el mapamundi oficial para reflexar un mapa m\u00e1s fiel al tama\u00f1u de los continentes. L&#8217;Asamblea Xeneral de les Naciones Xun\u00edes aprob\u00f3 unu resolvimientu hist\u00f3ricu impulsada per Togo y l&#8217;Uni\u00f3n Africana sol lema \u00abCorrex\u00edi&#8217;l mapa\u00bb. La decisi\u00f3n busca reemplazar progresivamente el tradicional mapa de Gerardus Mercator [&hellip;]<\/p>\n","protected":false},"author":117,"featured_media":0,"comment_status":"closed","ping_status":"closed","sticky":false,"template":"","format":"standard","meta":{"footnotes":""},"categories":[69],"tags":[],"class_list":["post-87225","post","type-post","status-publish","format-standard","hentry","category-mapes"],"_links":{"self":[{"href":"https:\/\/edublog.educastur.es\/ixuxu\/wp-json\/wp\/v2\/posts\/87225","targetHints":{"allow":["GET"]}}],"collection":[{"href":"https:\/\/edublog.educastur.es\/ixuxu\/wp-json\/wp\/v2\/posts"}],"about":[{"href":"https:\/\/edublog.educastur.es\/ixuxu\/wp-json\/wp\/v2\/types\/post"}],"author":[{"embeddable":true,"href":"https:\/\/edublog.educastur.es\/ixuxu\/wp-json\/wp\/v2\/users\/117"}],"replies":[{"embeddable":true,"href":"https:\/\/edublog.educastur.es\/ixuxu\/wp-json\/wp\/v2\/comments?post=87225"}],"version-history":[{"count":5,"href":"https:\/\/edublog.educastur.es\/ixuxu\/wp-json\/wp\/v2\/posts\/87225\/revisions"}],"predecessor-version":[{"id":87283,"href":"https:\/\/edublog.educastur.es\/ixuxu\/wp-json\/wp\/v2\/posts\/87225\/revisions\/87283"}],"wp:attachment":[{"href":"https:\/\/edublog.educastur.es\/ixuxu\/wp-json\/wp\/v2\/media?parent=87225"}],"wp:term":[{"taxonomy":"category","embeddable":true,"href":"https:\/\/edublog.educastur.es\/ixuxu\/wp-json\/wp\/v2\/categories?post=87225"},{"taxonomy":"post_tag","embeddable":true,"href":"https:\/\/edublog.educastur.es\/ixuxu\/wp-json\/wp\/v2\/tags?post=87225"}],"curies":[{"name":"wp","href":"https:\/\/api.w.org\/{rel}","templated":true}]}}