{"id":87233,"date":"2026-09-05T09:20:45","date_gmt":"2026-09-05T07:20:45","guid":{"rendered":"https:\/\/edublog.educastur.es\/ixuxu\/?p=87233"},"modified":"2026-09-05T19:29:50","modified_gmt":"2026-09-05T17:29:50","slug":"inauguracion-de-la-folixa-de-la-ilustracion-profesional-asturiana-flipa-2026","status":"publish","type":"post","link":"https:\/\/edublog.educastur.es\/ixuxu\/2026\/09\/inauguracion-de-la-folixa-de-la-ilustracion-profesional-asturiana-flipa-2026\/","title":{"rendered":"Inauguraci\u00f3n de La Folixa de la Ilustraci\u00f3n Profesional Asturiana, FLIPA 2026"},"content":{"rendered":"<p>\ud83c\udfa8 La conseyera de Cultura, Pol\u00edtica Lling\u00fc\u00edstica y Deporte, Vanessa Guti\u00e9rrez, particip\u00f3 g\u00fcei na inauguraci\u00f3n de <a href=\"https:\/\/www.apiast.com\/flipa-2026\"><strong>La Folixa de la Ilustraci\u00f3n Profesional Asturiana, FLIPA 2026<\/strong><\/a>, organizada pola <a href=\"https:\/\/www.apiast.com\"><strong>Asociaci\u00f3n de Profesionales de la Ilustraci\u00f3n d\u2019Asturies (APIAST)<\/strong><\/a> en Morc\u00edn. <a href=\"https:\/\/www.instagram.com\/apiast.ilustracion\/\">Instagram<\/a><\/p>\n<p style=\"text-align: center\"><a href=\"https:\/\/lh3.googleusercontent.com\/sitesv\/AG8ngQWCSGiaU_jLJu68lN2rHggkYy6mwwxpfsCudnELQuzOOBD89IzOhYuvb33rJfjMp4buClimmpS2niPuDam1BvpTe_ZuPBbDDafGjfA_caidj0fvcChZ_amCJ6nTt7kO_sZeMtyakTMBarMwtp33v6j3cm7EsMEj-ckaghSUYqhzgEACUx8QY6gm2BDYptXir9BHJ1hP9CBcd7KYEMgF-CRa2A5cUr56pIlxwum5fko=w1280\"><img loading=\"lazy\" decoding=\"async\" class=\"aligncenter \" src=\"https:\/\/lh3.googleusercontent.com\/sitesv\/AG8ngQWCSGiaU_jLJu68lN2rHggkYy6mwwxpfsCudnELQuzOOBD89IzOhYuvb33rJfjMp4buClimmpS2niPuDam1BvpTe_ZuPBbDDafGjfA_caidj0fvcChZ_amCJ6nTt7kO_sZeMtyakTMBarMwtp33v6j3cm7EsMEj-ckaghSUYqhzgEACUx8QY6gm2BDYptXir9BHJ1hP9CBcd7KYEMgF-CRa2A5cUr56pIlxwum5fko=w1280\" width=\"817\" height=\"1079\" \/><\/a><\/p>\n<p>Ilustraci\u00f3n de cartel\u00a0<a class=\"x1i10hfl xjbqb8w x1ejq31n x18oe1m7 x1sy0etr xstzfhl x972fbf x10w94by x1qhh985 x14e42zd x9f619 x1ypdohk xt0psk2 x3ct3a4 xdj266r x14z9mp xat24cr x1lziwak xexx8yu xyri2b x18d9i69 x1c1uobl x16tdsg8 x1hl2dhg xggy1nq x1a2a7pz notranslate _a6hd\" role=\"link\" href=\"https:\/\/www.instagram.com\/cepandiellart\/\">@cepandiellart<\/a>\u00a0| Dise\u00f1o\u00a0<a class=\"x1i10hfl xjbqb8w x1ejq31n x18oe1m7 x1sy0etr xstzfhl x972fbf x10w94by x1qhh985 x14e42zd x9f619 x1ypdohk xt0psk2 x3ct3a4 xdj266r x14z9mp xat24cr x1lziwak xexx8yu xyri2b x18d9i69 x1c1uobl x16tdsg8 x1hl2dhg xggy1nq x1a2a7pz notranslate _a6hd\" role=\"link\" href=\"https:\/\/www.instagram.com\/rugidoillustration\/\">@rugidoillustration<\/a>\u00a0| Comisariado\u00a0<a class=\"x1i10hfl xjbqb8w x1ejq31n x18oe1m7 x1sy0etr xstzfhl x972fbf x10w94by x1qhh985 x14e42zd x9f619 x1ypdohk xt0psk2 x3ct3a4 xdj266r x14z9mp xat24cr x1lziwak xexx8yu xyri2b x18d9i69 x1c1uobl x16tdsg8 x1hl2dhg xggy1nq x1a2a7pz notranslate _a6hd\" role=\"link\" href=\"https:\/\/www.instagram.com\/misspebbles_illustration\/\">@misspebbles_illustration<\/a>\u00a0y\u00a0<a class=\"x1i10hfl xjbqb8w x1ejq31n x18oe1m7 x1sy0etr xstzfhl x972fbf x10w94by x1qhh985 x14e42zd x9f619 x1ypdohk xt0psk2 x3ct3a4 xdj266r x14z9mp xat24cr x1lziwak xexx8yu xyri2b x18d9i69 x1c1uobl x16tdsg8 x1hl2dhg xggy1nq x1a2a7pz notranslate _a6hd\" role=\"link\" href=\"https:\/\/www.instagram.com\/pedro_fano\/\">@pedro_fano<\/a><\/p>\n<p><!--more--><\/p>\n<p><strong>LA VIDA EN MOVIMIENTU<\/strong> \u2028\u2028\u270f\ufe0f Present\u00e1mosvos el cartelu de la nueva esposici\u00f3n d&#8217;ilustraci\u00f3n dientro de la programaci\u00f3n a\u00f1al FLIPA 2026 entamada por APIAST, l&#8217;Asociaci\u00f3n de Profesionales de la Ilustraci\u00f3n d&#8217;Asturies.<\/p>\n<p>\ud83d\uddbc\ufe0f<strong> Tr\u00e1tase d&#8217;una amuesa de les interpretaciones sobro&#8217;l conceutu de camb\u00e9u y el movimientu constante, realizaes poles persones acomu\u00f1aes<\/strong>. \ud83d\udcaa Dende APIAST trabayemos mientres meses, siempres n&#8217;equipu y con muncha ilusi\u00f3n, pa entamar esta esposici\u00f3n que va dar visibilid\u00e1 a profesionales del sector de toa Asturies.<\/p>\n<p style=\"text-align: center\"><a href=\"https:\/\/lh3.googleusercontent.com\/sitesv\/AG8ngQVHSEwnvikOezKSqmPdusPskqdngnKsEG0H1M-Rbsx8VCbZd_830kfseP86s1h3sK974KeSartXadJ3oUFjOd2FMAJLcb4nSa2XNvEXNy42rjYuLP6zALwdSN1E2lG2UaupKQPN3w5r98ds07ZKr9zSF7GKOmUoyimJ4JACF7nuha_ix8oJDQN0ZIMryNOkHjri0HxkJM6GDNSyvfK4MtwV_tH68K0q6NSTvLioWkI=w1280\"><img loading=\"lazy\" decoding=\"async\" class=\"aligncenter \" src=\"https:\/\/lh3.googleusercontent.com\/sitesv\/AG8ngQVHSEwnvikOezKSqmPdusPskqdngnKsEG0H1M-Rbsx8VCbZd_830kfseP86s1h3sK974KeSartXadJ3oUFjOd2FMAJLcb4nSa2XNvEXNy42rjYuLP6zALwdSN1E2lG2UaupKQPN3w5r98ds07ZKr9zSF7GKOmUoyimJ4JACF7nuha_ix8oJDQN0ZIMryNOkHjri0HxkJM6GDNSyvfK4MtwV_tH68K0q6NSTvLioWkI=w1280\" width=\"705\" height=\"960\" \/><\/a><\/p>\n<p style=\"text-align: center\"><a href=\"https:\/\/pbs.twimg.com\/media\/HRdsWIdb0AA3ME8?format=jpg&amp;name=large\"><img loading=\"lazy\" decoding=\"async\" class=\"aligncenter \" src=\"https:\/\/pbs.twimg.com\/media\/HRdsWIdb0AA3ME8?format=jpg&amp;name=large\" width=\"521\" height=\"692\" \/><\/a><\/p>\n<p>FLIPA ye la Folixa de la Ilustraci\u00f3n Profesional Asturiana, <strong>un ampliu programa cultura entam\u00e1u por APIAST<\/strong> que se desenvuelve a lo llargo de too l&#8217;a\u00f1u con distintes actividaes:<\/p>\n<ul>\n<li>FLIPA CON: charres y talleres impart\u00edos por profesionales del m\u00e1s altu nivel.<\/li>\n<li>FLIPA ENSIN MANCATE: xornaes de bienestar profesional para ilustradores y ilustradoras.<\/li>\n<li>FLIPA t\u00e9: alcuentros informales entre persones socies y non socies cola ilustraci\u00f3n como escusa.<\/li>\n<li>ESPOSICI\u00d3N: amuesa itinerante d&#8217;ilustraci\u00f3n en distintos puntos de la rex\u00f3n.<\/li>\n<li>LA FOLIXA: celebraci\u00f3n final de programa que cierra un a\u00f1u llenu d&#8217;ilustraci\u00f3n.<\/li>\n<\/ul>\n<p style=\"text-align: center\"><a href=\"https:\/\/pbs.twimg.com\/media\/HRdsVtkaYAEBWHI?format=jpg&amp;name=large\"><img loading=\"lazy\" decoding=\"async\" class=\"aligncenter size-large\" src=\"https:\/\/pbs.twimg.com\/media\/HRdsVtkaYAEBWHI?format=jpg&amp;name=large\" width=\"2040\" height=\"1536\" \/><\/a><\/p>\n<p style=\"text-align: center\"><a href=\"https:\/\/lh3.googleusercontent.com\/sitesv\/AG8ngQXFU7Jl9j3tLXJhvVroYBLgEZlgbonTNth8mXrcY8EPWSXwgYq_N0EAP8iNzHWY2XZNzG_vxtD8wttLsNBVB4UFL_zgmQuTKwMEbLp_LDYMTJEbGANxheJrjg_PvSSfDWgkxCAOyj3DmdgPvZCAWznigtez6faWqWTBHD6PP2CbEx1VfBGt374eDVK-hL0JPXM1YIRfYx6dOHmvPERbdhPAYEMp8lHDZFtQhERa=w1280\"><img loading=\"lazy\" decoding=\"async\" class=\"aligncenter size-large\" src=\"https:\/\/lh3.googleusercontent.com\/sitesv\/AG8ngQXFU7Jl9j3tLXJhvVroYBLgEZlgbonTNth8mXrcY8EPWSXwgYq_N0EAP8iNzHWY2XZNzG_vxtD8wttLsNBVB4UFL_zgmQuTKwMEbLp_LDYMTJEbGANxheJrjg_PvSSfDWgkxCAOyj3DmdgPvZCAWznigtez6faWqWTBHD6PP2CbEx1VfBGt374eDVK-hL0JPXM1YIRfYx6dOHmvPERbdhPAYEMp8lHDZFtQhERa=w1280\" width=\"1230\" height=\"706\" \/><\/a><\/p>\n<p>Hai dos a\u00f1os naci\u00f3 l\u2019Asociaci\u00f3n de Profesionales de la Ilustraci\u00f3n d\u2019Asturies (<a class=\"x1i10hfl xjbqb8w x1ejq31n x18oe1m7 x1sy0etr xstzfhl x972fbf x10w94by x1qhh985 x14e42zd x9f619 x1ypdohk xt0psk2 x3ct3a4 xdj266r x14z9mp xat24cr x1lziwak xexx8yu xyri2b x18d9i69 x1c1uobl x16tdsg8 x1hl2dhg xggy1nq x1a2a7pz notranslate _a6hd\" role=\"link\" href=\"https:\/\/www.instagram.com\/apiast.ilustracion\/\">@apiast.ilustracion<\/a>\u00a0) y, ente la bayura d\u2019actividaes qu\u2019entamen, alcu\u00e9ntrase la\u00a0<a class=\"x1i10hfl xjbqb8w x1ejq31n x18oe1m7 x1sy0etr xstzfhl x972fbf x10w94by x1qhh985 x14e42zd x9f619 x1ypdohk xt0psk2 x3ct3a4 xdj266r x14z9mp xat24cr x1lziwak xexx8yu xyri2b x18d9i69 x1c1uobl x16tdsg8 x1hl2dhg xggy1nq x1a2a7pz notranslate _a6hd\" role=\"link\" href=\"https:\/\/www.instagram.com\/flipa_apiast\/\">@flipa_apiast<\/a>\u00a0(Folixa del a Ilustraci\u00f3n Asturiana) \ud83c\udfa8\ud83c\udfb6 Esti s\u00e1badu 5 nel \u00c1rea Recreativa de Santolaya de Morc\u00edn cel\u00e9brase de 12 a 20h la primer edici\u00f3n d\u2019esti eventu de \u00abilustraci\u00f3n, m\u00fasica, foclore y sopreseses\u00bb nel que van sonar los sones de raiga\u00f1u coles actuaciones de\u00a0<a class=\"x1i10hfl xjbqb8w x1ejq31n x18oe1m7 x1sy0etr xstzfhl x972fbf x10w94by x1qhh985 x14e42zd x9f619 x1ypdohk xt0psk2 x3ct3a4 xdj266r x14z9mp xat24cr x1lziwak xexx8yu xyri2b x18d9i69 x1c1uobl x16tdsg8 x1hl2dhg xggy1nq x1a2a7pz notranslate _a6hd\" role=\"link\" href=\"https:\/\/www.instagram.com\/pau_santirso\/\">@pau_santirso<\/a>\u00a0y el gaiteru\u00a0<a class=\"x1i10hfl xjbqb8w x1ejq31n x18oe1m7 x1sy0etr xstzfhl x972fbf x10w94by x1qhh985 x14e42zd x9f619 x1ypdohk xt0psk2 x3ct3a4 xdj266r x14z9mp xat24cr x1lziwak xexx8yu xyri2b x18d9i69 x1c1uobl x16tdsg8 x1hl2dhg xggy1nq x1a2a7pz notranslate _a6hd\" role=\"link\" href=\"https:\/\/www.instagram.com\/diego_gaiteru\/\">@diego_gaiteru<\/a>\u00a0.<\/p>\n<p style=\"text-align: center\"><span class=\"x193iq5w xeuugli x13faqbe x1vvkbs x1xmvt09 x1lliihq x1s928wv xhkezso x1gmr53x x1cpjm7i x1fgarty x1943h6x xudqn12 x3x7a5m x1f6kntn xvq8zen xo1l8bm xzsf02u\" dir=\"auto\"><span class=\"x193iq5w xeuugli x13faqbe x1vvkbs xt0psk2 x1i0vuye xvs91rp xo1l8bm x5n08af x10wh9bi xpm28yp x8viiok x1o7cslx x126k92a\"><span class=\"html-span xexx8yu x4uap5 x18d9i69 xkhd6sd x1hl2dhg x16tdsg8 x1vvkbs x3nfvp2 x1j61x8r x1fcty0u xdj266r xat24cr xgzva0m xhhsvwb xxymvpz xlup9mm x1kky2od\">\n<!-- iframe plugin v.6.0 wordpress.org\/plugins\/iframe\/ -->\n<iframe loading=\"lazy\" src=\"https:\/\/www.instagram.com\/p\/Dc23W1kDkaw\/embed\" width=\"520\" height=\"680\" 0=\"\/iframe\" scrolling=\"yes\" class=\"iframe-class\" frameborder=\"0\"><\/iframe>\n<\/span><\/span><\/span><\/p>\n","protected":false},"excerpt":{"rendered":"<p>\ud83c\udfa8 La conseyera de Cultura, Pol\u00edtica Lling\u00fc\u00edstica y Deporte, Vanessa Guti\u00e9rrez, particip\u00f3 g\u00fcei na inauguraci\u00f3n de La Folixa de la Ilustraci\u00f3n Profesional Asturiana, FLIPA 2026, organizada pola Asociaci\u00f3n de Profesionales de la Ilustraci\u00f3n d\u2019Asturies (APIAST) en Morc\u00edn. Instagram Ilustraci\u00f3n de cartel\u00a0@cepandiellart\u00a0| Dise\u00f1o\u00a0@rugidoillustration\u00a0| Comisariado\u00a0@misspebbles_illustration\u00a0y\u00a0@pedro_fano<\/p>\n","protected":false},"author":117,"featured_media":0,"comment_status":"closed","ping_status":"closed","sticky":false,"template":"","format":"standard","meta":{"footnotes":""},"categories":[139],"tags":[],"class_list":["post-87233","post","type-post","status-publish","format-standard","hentry","category-dibuxos"],"_links":{"self":[{"href":"https:\/\/edublog.educastur.es\/ixuxu\/wp-json\/wp\/v2\/posts\/87233","targetHints":{"allow":["GET"]}}],"collection":[{"href":"https:\/\/edublog.educastur.es\/ixuxu\/wp-json\/wp\/v2\/posts"}],"about":[{"href":"https:\/\/edublog.educastur.es\/ixuxu\/wp-json\/wp\/v2\/types\/post"}],"author":[{"embeddable":true,"href":"https:\/\/edublog.educastur.es\/ixuxu\/wp-json\/wp\/v2\/users\/117"}],"replies":[{"embeddable":true,"href":"https:\/\/edublog.educastur.es\/ixuxu\/wp-json\/wp\/v2\/comments?post=87233"}],"version-history":[{"count":7,"href":"https:\/\/edublog.educastur.es\/ixuxu\/wp-json\/wp\/v2\/posts\/87233\/revisions"}],"predecessor-version":[{"id":87240,"href":"https:\/\/edublog.educastur.es\/ixuxu\/wp-json\/wp\/v2\/posts\/87233\/revisions\/87240"}],"wp:attachment":[{"href":"https:\/\/edublog.educastur.es\/ixuxu\/wp-json\/wp\/v2\/media?parent=87233"}],"wp:term":[{"taxonomy":"category","embeddable":true,"href":"https:\/\/edublog.educastur.es\/ixuxu\/wp-json\/wp\/v2\/categories?post=87233"},{"taxonomy":"post_tag","embeddable":true,"href":"https:\/\/edublog.educastur.es\/ixuxu\/wp-json\/wp\/v2\/tags?post=87233"}],"curies":[{"name":"wp","href":"https:\/\/api.w.org\/{rel}","templated":true}]}}