{"id":87246,"date":"2026-09-04T09:29:12","date_gmt":"2026-09-04T07:29:12","guid":{"rendered":"https:\/\/edublog.educastur.es\/ixuxu\/?p=87246"},"modified":"2026-09-05T20:53:51","modified_gmt":"2026-09-05T18:53:51","slug":"1965-muerre-albert-schweitzer-el-gran-medicu-de-corazon","status":"publish","type":"post","link":"https:\/\/edublog.educastur.es\/ixuxu\/2026\/09\/1965-muerre-albert-schweitzer-el-gran-medicu-de-corazon\/","title":{"rendered":"1965: Muerre Albert Schweitzer, el \u201cgran m\u00e9dicu de coraz\u00f3n\u201d."},"content":{"rendered":"<p>1965, morr\u00eda en Lambar\u00e9n\u00e9 <a href=\"https:\/\/es.wikipedia.org\/wiki\/Albert_Schweitzer\"><strong>Albert Schweitzer<\/strong><\/a>, el \u201cgran m\u00e9dicu de coraz\u00f3n\u201d.\u00a0 <em>Foi un m\u00e9dicu, fil\u00f3sofu, te\u00f3logu y m\u00fasicu francu-alem\u00e1n<\/em>, con ciudadan\u00eda primeramente alemana y dempu\u00e9s francesa (tres la incorporaci\u00f3n d&#8217;Alsacia a la Rep\u00fablica francesa), <strong>misioneru m\u00e9dicu n&#8217;\u00c1frica<\/strong> y <strong>Premio Nobel de la Paz en 1952<\/strong>, tami\u00e9n conoc\u00edu pola so vida interpretativa de Jes\u00fas y la so fonda conocencia de los testos b\u00edblicos.<\/p>\n<p style=\"text-align: center\"><a href=\"https:\/\/cdn.britannica.com\/54\/9454-050-D39631E8\/Albert-Schweitzer-photograph-Yousuf-Karsh.jpg\"><img loading=\"lazy\" decoding=\"async\" class=\"aligncenter \" src=\"https:\/\/cdn.britannica.com\/54\/9454-050-D39631E8\/Albert-Schweitzer-photograph-Yousuf-Karsh.jpg\" width=\"485\" height=\"530\" \/><\/a><\/p>\n<blockquote><p><span style=\"font-size: 20px;color: #008080\"><em> \u201cLa felicid\u00e1 ye la \u00fanica cosa que se multiplica al compartila\u201d<\/em><\/span><\/p><\/blockquote>\n<p><!--more--><\/p>\n<blockquote><p><span style=\"color: #008080;font-size: 20px\"><em><strong>La plenit\u00fa nun s&#8217;atropa en soled\u00e1<\/strong>: solo cuando ufiertamos lo meyor de n\u00f3s mesmos a los dem\u00e1s, nuesa mesma allegr\u00eda multipl\u00edcase.<\/em><\/span><\/p><\/blockquote>\n<p style=\"text-align: center\"><a href=\"https:\/\/eldiariodesalud.com\/sites\/default\/files\/inline-images\/catedra-albert-schweitzer-el-medico-misionero.jpg\"><img loading=\"lazy\" decoding=\"async\" class=\"aligncenter size-large\" src=\"https:\/\/eldiariodesalud.com\/sites\/default\/files\/inline-images\/catedra-albert-schweitzer-el-medico-misionero.jpg\" width=\"570\" height=\"380\" \/><\/a><\/p>\n<p>Nobel de la Paz 1952, us\u00f3&#8217;l premiu para atender a miles d&#8217;enfermos y construyir una malater\u00eda nel so hospital africanu. Exemplu d&#8217;altru\u00edsmu y \u201creverencia pola vida\u201d. <a href=\"https:\/\/www.elconfidencial.com\/alma-corazon-vida\/2026-09-02\/albert-schweitzer-felicidad-unica-cosa-se-multiplica-cuando-comparte-1qrt_4416768\/\">El Confidencial<\/a><\/p>\n<p style=\"text-align: center\"><a href=\"https:\/\/hurstrobert.wordpress.com\/wp-content\/uploads\/2012\/01\/x-dr-albert-schweitzer.jpg\"><img loading=\"lazy\" decoding=\"async\" class=\"aligncenter size-large\" src=\"https:\/\/hurstrobert.wordpress.com\/wp-content\/uploads\/2012\/01\/x-dr-albert-schweitzer.jpg\" width=\"640\" height=\"480\" \/><\/a><\/p>\n<p style=\"text-align: center\"><a href=\"https:\/\/pbs.twimg.com\/media\/HRXvyfjWcAAdFyr?format=jpg&amp;name=large\"><img loading=\"lazy\" decoding=\"async\" class=\"aligncenter size-large\" src=\"https:\/\/pbs.twimg.com\/media\/HRXvyfjWcAAdFyr?format=jpg&amp;name=large\" width=\"1280\" height=\"1920\" \/><\/a><\/p>\n<p>La so propuesta de \u201cRespetu pola vida\u201d, que sostien que la esistencia humana algama&#8217;l so m\u00e1ximu valor cuando se pon al serviciu del aliviu del sufrimientu ayenu. Vivir coles manos abiertes y el coraz\u00f3n dispuestu implica entender que l&#8217;arrogancia constit\u00fai una de les formes m\u00e1s pures d&#8217;arriquecimientu personal. Al poner en circulaci\u00f3n esti recursu perenal de ci\u00f1u, l&#8217;individuu supera&#8217;l repliegue ego\u00edsta ya integra la so felicid\u00e1 dientro d&#8217;una din\u00e1mica colectiva de sofitu mutuu.<\/p>\n<p style=\"text-align: center\"><a href=\"https:\/\/bilder.deutschlandfunk.de\/30\/da\/4f\/bb\/30da4fbb-cfa0-4476-a18d-6a604c48eb14\/albert-schweitzer-100-1920x1080.jpg\"><img loading=\"lazy\" decoding=\"async\" class=\"aligncenter size-large\" src=\"https:\/\/bilder.deutschlandfunk.de\/30\/da\/4f\/bb\/30da4fbb-cfa0-4476-a18d-6a604c48eb14\/albert-schweitzer-100-1920x1080.jpg\" width=\"1920\" height=\"1080\" \/><\/a><\/p>\n","protected":false},"excerpt":{"rendered":"<p>1965, morr\u00eda en Lambar\u00e9n\u00e9 Albert Schweitzer, el \u201cgran m\u00e9dicu de coraz\u00f3n\u201d.\u00a0 Foi un m\u00e9dicu, fil\u00f3sofu, te\u00f3logu y m\u00fasicu francu-alem\u00e1n, con ciudadan\u00eda primeramente alemana y dempu\u00e9s francesa (tres la incorporaci\u00f3n d&#8217;Alsacia a la Rep\u00fablica francesa), misioneru m\u00e9dicu n&#8217;\u00c1frica y Premio Nobel de la Paz en 1952, tami\u00e9n conoc\u00edu pola so vida interpretativa de Jes\u00fas y la [&hellip;]<\/p>\n","protected":false},"author":117,"featured_media":0,"comment_status":"closed","ping_status":"closed","sticky":false,"template":"","format":"standard","meta":{"footnotes":""},"categories":[107],"tags":[],"class_list":["post-87246","post","type-post","status-publish","format-standard","hentry","category-aniversariu"],"_links":{"self":[{"href":"https:\/\/edublog.educastur.es\/ixuxu\/wp-json\/wp\/v2\/posts\/87246","targetHints":{"allow":["GET"]}}],"collection":[{"href":"https:\/\/edublog.educastur.es\/ixuxu\/wp-json\/wp\/v2\/posts"}],"about":[{"href":"https:\/\/edublog.educastur.es\/ixuxu\/wp-json\/wp\/v2\/types\/post"}],"author":[{"embeddable":true,"href":"https:\/\/edublog.educastur.es\/ixuxu\/wp-json\/wp\/v2\/users\/117"}],"replies":[{"embeddable":true,"href":"https:\/\/edublog.educastur.es\/ixuxu\/wp-json\/wp\/v2\/comments?post=87246"}],"version-history":[{"count":6,"href":"https:\/\/edublog.educastur.es\/ixuxu\/wp-json\/wp\/v2\/posts\/87246\/revisions"}],"predecessor-version":[{"id":87252,"href":"https:\/\/edublog.educastur.es\/ixuxu\/wp-json\/wp\/v2\/posts\/87246\/revisions\/87252"}],"wp:attachment":[{"href":"https:\/\/edublog.educastur.es\/ixuxu\/wp-json\/wp\/v2\/media?parent=87246"}],"wp:term":[{"taxonomy":"category","embeddable":true,"href":"https:\/\/edublog.educastur.es\/ixuxu\/wp-json\/wp\/v2\/categories?post=87246"},{"taxonomy":"post_tag","embeddable":true,"href":"https:\/\/edublog.educastur.es\/ixuxu\/wp-json\/wp\/v2\/tags?post=87246"}],"curies":[{"name":"wp","href":"https:\/\/api.w.org\/{rel}","templated":true}]}}