{"id":87256,"date":"2026-09-04T09:29:05","date_gmt":"2026-09-04T07:29:05","guid":{"rendered":"https:\/\/edublog.educastur.es\/ixuxu\/?p=87256"},"modified":"2026-09-05T21:08:44","modified_gmt":"2026-09-05T19:08:44","slug":"1967-fundan-les-luthiers","status":"publish","type":"post","link":"https:\/\/edublog.educastur.es\/ixuxu\/2026\/09\/1967-fundan-les-luthiers\/","title":{"rendered":"1967: Fundan Les Luthiers, grupu c\u00f3mico arxent\u00edn.\u00a0"},"content":{"rendered":"<p>Nueche del 4 de setiembre de 1967. Gerardo Masana, Marcos Mundstock, Jorge Maronna y Daniel Rabinovich dixebrense d&#8217;I Musicisti y bauticen Les Luthiers. <strong>El nome alude al luthier que fabrica preseos.<\/strong> Ellos constr\u00fain los mesmos con ca\u00f1os, mangones y oxetos dom\u00e9sticos. Reciben el<a href=\"https:\/\/www.fpa.es\/es\/premios-princesa-de-asturias\/premiados\/2017-les-luthiers\/\"><strong> Premiu Princesa d&#8217;Asturies de Comunicaci\u00f3n y Humanidaes en 2017<\/strong><\/a><\/p>\n<p style=\"text-align: center\"><a href=\"https:\/\/pbs.twimg.com\/media\/HRYT8YHWgAERvWT?format=jpg&amp;name=large\"><img loading=\"lazy\" decoding=\"async\" class=\"aligncenter size-large\" src=\"https:\/\/pbs.twimg.com\/media\/HRYT8YHWgAERvWT?format=jpg&amp;name=large\" width=\"1376\" height=\"768\" \/><\/a><\/p>\n<p><!--more--><\/p>\n<p style=\"text-align: center\">\n<!-- iframe plugin v.6.0 wordpress.org\/plugins\/iframe\/ -->\n<iframe loading=\"lazy\" src=\"https:\/\/www.facebook.com\/plugins\/post.php?href=https%3A%2F%2Fwww.facebook.com%2Fphoto.php%3Ffbid%3D1378964052223175%26set%3Da.1376416005811313%26type%3D3&#038;show_text=true&#038;width=500\" width=\"500\" height=\"464\" style=\"border:none;overflow:hidden\" scrolling=\"no\" frameborder=\"0\" allowfullscreen=\"true\" allow=\"autoplay; clipboard-write; encrypted-media; picture-in-picture; web-share\" 0=\"\/iframe\" class=\"iframe-class\"><\/iframe>\n<\/p>\n<p style=\"text-align: center\">\n<!-- iframe plugin v.6.0 wordpress.org\/plugins\/iframe\/ -->\n<iframe loading=\"lazy\" src=\"https:\/\/www.facebook.com\/plugins\/post.php?href=https%3A%2F%2Fwww.facebook.com%2Fphoto.php%3Ffbid%3D1378964042223176%26set%3Da.1376416005811313%26type%3D3&#038;show_text=true&#038;width=500\" width=\"500\" height=\"464\" style=\"border:none;overflow:hidden\" scrolling=\"no\" frameborder=\"0\" allowfullscreen=\"true\" allow=\"autoplay; clipboard-write; encrypted-media; picture-in-picture; web-share\" 0=\"\/iframe\" class=\"iframe-class\"><\/iframe>\n<\/p>\n<p style=\"text-align: center\"><a href=\"https:\/\/www.fpa.es\/resources\/img\/portal\/2024\/03\/26\/les-luthiers-premio-princesa-de-asturias-de-comunicacion-y-humanidades-2017-tray-17020.webp\"><img loading=\"lazy\" decoding=\"async\" class=\"aligncenter size-large\" src=\"https:\/\/www.fpa.es\/resources\/img\/portal\/2024\/03\/26\/les-luthiers-premio-princesa-de-asturias-de-comunicacion-y-humanidades-2017-tray-17020.webp\" width=\"562\" height=\"492\" \/><\/a><\/p>\n<p>\u00a0El 2 d&#8217;ochobre act\u00faen en priv\u00e1u para Editorial Abril. El 13 de payares estrenen Les Luthiers cuenta la \u00f3pera nel Institutu Di Tella. Depu\u00e9s entren Carlos N\u00fa\u00f1ez Cort\u00e9s, Carlos L\u00f3pez Puccio y Ernesto Acher. Masana muerre en 1973. El quintetu estable percuerre teatros d&#8217;Am\u00e9rica y Europa con Mastropiero que nunca y Los premios Mastropiero. Reciben el<strong> Premiu Princesa d&#8217;Asturies de Comunicaci\u00f3n y Humanidaes en 2017<\/strong> y un Grammy Llatinu a la Excelencia en 2011. Les Luthiers Pagina Oficial\u00a0<a class=\"x1i10hfl xjbqb8w x1ejq31n x18oe1m7 x1sy0etr xstzfhl x972fbf x10w94by x1qhh985 x14e42zd x9f619 x1ypdohk xt0psk2 x3ct3a4 xdj266r x14z9mp xat24cr x1lziwak xexx8yu xyri2b x18d9i69 x1c1uobl x16tdsg8 x1hl2dhg xggy1nq x1a2a7pz xkrqix3 x1sur9pj x1fey0fg x1s688f\" role=\"link\" href=\"https:\/\/bit.ly\/LesLuthiersFPA?fbclid=IwcGRvZgVleHRuA2FlbQIxMABzcnRjBmFwcF9pZBAyMjIwMzkxNzg4MjAwODkyAAEe7oiQEFsVYVAf0rOkhjm2TVF0EQOdKL_ZfdBu_hO1w3QJNYJrWxbsxsyhDSc_aem_0V5KpU2GhJBIH1m6ae5gYA\" target=\"_blank\" rel=\"nofollow noopener noreferrer\">bit.ly\/LesLuthiersFPA<\/a><\/p>\n<p style=\"text-align: center\">\n<!-- iframe plugin v.6.0 wordpress.org\/plugins\/iframe\/ -->\n<iframe loading=\"lazy\" src=\"https:\/\/www.facebook.com\/plugins\/post.php?href=https%3A%2F%2Fwww.facebook.com%2Fphoto.php%3Ffbid%3D1376456195807294%26set%3Da.1376416005811313%26type%3D3&#038;show_text=true&#038;width=500\" width=\"500\" height=\"483\" style=\"border:none;overflow:hidden\" scrolling=\"no\" frameborder=\"0\" allowfullscreen=\"true\" allow=\"autoplay; clipboard-write; encrypted-media; picture-in-picture; web-share\" 0=\"\/iframe\" class=\"iframe-class\"><\/iframe>\n<\/p>\n<p style=\"text-align: center\">\n<!-- iframe plugin v.6.0 wordpress.org\/plugins\/iframe\/ -->\n<iframe loading=\"lazy\" src=\"https:\/\/www.facebook.com\/plugins\/post.php?href=https%3A%2F%2Fwww.facebook.com%2Fphoto.php%3Ffbid%3D1378142575638656%26set%3Da.1376416005811313%26type%3D3&#038;show_text=true&#038;width=500\" width=\"500\" height=\"483\" style=\"border:none;overflow:hidden\" scrolling=\"no\" frameborder=\"0\" allowfullscreen=\"true\" allow=\"autoplay; clipboard-write; encrypted-media; picture-in-picture; web-share\" 0=\"\/iframe\" class=\"iframe-class\"><\/iframe>\n<\/p>\n<p style=\"text-align: center\">\n<!-- iframe plugin v.6.0 wordpress.org\/plugins\/iframe\/ -->\n<iframe loading=\"lazy\" src=\"https:\/\/www.facebook.com\/plugins\/post.php?href=https%3A%2F%2Fwww.facebook.com%2Fphoto.php%3Ffbid%3D1378142298972017%26set%3Da.1376416005811313%26type%3D3&#038;show_text=true&#038;width=500\" width=\"500\" height=\"483\" style=\"border:none;overflow:hidden\" scrolling=\"no\" frameborder=\"0\" allowfullscreen=\"true\" allow=\"autoplay; clipboard-write; encrypted-media; picture-in-picture; web-share\" 0=\"\/iframe\" class=\"iframe-class\"><\/iframe>\n<\/p>\n","protected":false},"excerpt":{"rendered":"<p>Nueche del 4 de setiembre de 1967. Gerardo Masana, Marcos Mundstock, Jorge Maronna y Daniel Rabinovich dixebrense d&#8217;I Musicisti y bauticen Les Luthiers. El nome alude al luthier que fabrica preseos. Ellos constr\u00fain los mesmos con ca\u00f1os, mangones y oxetos dom\u00e9sticos. Reciben el Premiu Princesa d&#8217;Asturies de Comunicaci\u00f3n y Humanidaes en 2017<\/p>\n","protected":false},"author":117,"featured_media":0,"comment_status":"closed","ping_status":"closed","sticky":false,"template":"","format":"standard","meta":{"footnotes":""},"categories":[107,35,28],"tags":[],"class_list":["post-87256","post","type-post","status-publish","format-standard","hentry","category-aniversariu","category-musica","category-premios-princesa-da"],"_links":{"self":[{"href":"https:\/\/edublog.educastur.es\/ixuxu\/wp-json\/wp\/v2\/posts\/87256","targetHints":{"allow":["GET"]}}],"collection":[{"href":"https:\/\/edublog.educastur.es\/ixuxu\/wp-json\/wp\/v2\/posts"}],"about":[{"href":"https:\/\/edublog.educastur.es\/ixuxu\/wp-json\/wp\/v2\/types\/post"}],"author":[{"embeddable":true,"href":"https:\/\/edublog.educastur.es\/ixuxu\/wp-json\/wp\/v2\/users\/117"}],"replies":[{"embeddable":true,"href":"https:\/\/edublog.educastur.es\/ixuxu\/wp-json\/wp\/v2\/comments?post=87256"}],"version-history":[{"count":7,"href":"https:\/\/edublog.educastur.es\/ixuxu\/wp-json\/wp\/v2\/posts\/87256\/revisions"}],"predecessor-version":[{"id":87263,"href":"https:\/\/edublog.educastur.es\/ixuxu\/wp-json\/wp\/v2\/posts\/87256\/revisions\/87263"}],"wp:attachment":[{"href":"https:\/\/edublog.educastur.es\/ixuxu\/wp-json\/wp\/v2\/media?parent=87256"}],"wp:term":[{"taxonomy":"category","embeddable":true,"href":"https:\/\/edublog.educastur.es\/ixuxu\/wp-json\/wp\/v2\/categories?post=87256"},{"taxonomy":"post_tag","embeddable":true,"href":"https:\/\/edublog.educastur.es\/ixuxu\/wp-json\/wp\/v2\/tags?post=87256"}],"curies":[{"name":"wp","href":"https:\/\/api.w.org\/{rel}","templated":true}]}}