{"id":87274,"date":"2026-09-04T09:29:19","date_gmt":"2026-09-04T07:29:19","guid":{"rendered":"https:\/\/edublog.educastur.es\/ixuxu\/?p=87274"},"modified":"2026-09-05T20:22:23","modified_gmt":"2026-09-05T18:22:23","slug":"216-el-papa-francisco-canoniza-a-teresa-de-calcuta","status":"publish","type":"post","link":"https:\/\/edublog.educastur.es\/ixuxu\/2026\/09\/216-el-papa-francisco-canoniza-a-teresa-de-calcuta\/","title":{"rendered":"2016: El Papa Francisco canoniza a Teresa de Calcuta"},"content":{"rendered":"<p>Plaza de San Pedro. 4 de setiembre de 2016. El <a href=\"https:\/\/es.wikipedia.org\/wiki\/Francisco_(papa)\"><strong>Papa Francisco<\/strong><\/a> proclama santa a la beata <a href=\"https:\/\/es.wikipedia.org\/wiki\/Teresa_de_Calcuta\"><strong>Teresa de Calcuta<\/strong><\/a> \u00e9nte m\u00e1s de cien mil persones, nel Xubil\u00e9u de la Misericordia. Foi una monxa cat\u00f3lica d&#8217;orixe alban\u00e9s e india. Recibi\u00f3&#8217;l <strong>Nobel de la Paz en 1979<\/strong>. Morri\u00f3&#8217;l 5 de setiembre de 1997.<\/p>\n<p style=\"text-align: center\"><a href=\"https:\/\/substackcdn.com\/image\/fetch\/$s_!vg6T!,f_auto,q_auto:good,fl_progressive:steep\/https%3A%2F%2Fsubstack-post-media.s3.amazonaws.com%2Fpublic%2Fimages%2Fcfc9adae-e529-473a-af72-803e9b56e5ed_1376x768.jpeg\"><img loading=\"lazy\" decoding=\"async\" class=\"aligncenter size-large\" src=\"https:\/\/substackcdn.com\/image\/fetch\/$s_!vg6T!,f_auto,q_auto:good,fl_progressive:steep\/https%3A%2F%2Fsubstack-post-media.s3.amazonaws.com%2Fpublic%2Fimages%2Fcfc9adae-e529-473a-af72-803e9b56e5ed_1376x768.jpeg\" width=\"1376\" height=\"768\" \/><\/a><\/p>\n<p><!--more--><\/p>\n<p>Anjez\u00eb Gonxhe Bojaxhiu naciera en Skopie en 1910 y muerta en Calcuta el 5 de setiembre de 1997. Fund\u00f3 les Misioneres de la Carid\u00e1 en 1950.<\/p>\n<p style=\"text-align: center\"><a href=\"https:\/\/www.elcatalan.es\/elcatalan_content\/uploads\/2019\/03\/teresa-de-calcuta.jpg.webp\"><img loading=\"lazy\" decoding=\"async\" class=\"aligncenter size-large\" src=\"https:\/\/www.elcatalan.es\/elcatalan_content\/uploads\/2019\/03\/teresa-de-calcuta.jpg.webp\" width=\"564\" height=\"448\" \/><\/a><\/p>\n<p>Foi beatificada por Juan Pablo II&#8217;l 19 d&#8217;ochobre de 2003. La causa invoc\u00f3 dos sanamientos atribuy\u00edos al so intercesi\u00f3n.<\/p>\n<p style=\"text-align: center\"><span class=\"x193iq5w xeuugli x13faqbe x1vvkbs x1xmvt09 x1lliihq x1s928wv xhkezso x1gmr53x x1cpjm7i x1fgarty x1943h6x xudqn12 x3x7a5m x1f6kntn xvq8zen xo1l8bm xzsf02u\" dir=\"auto\"><span class=\"x193iq5w xeuugli x13faqbe x1vvkbs xt0psk2 x1i0vuye xvs91rp xo1l8bm x5n08af x10wh9bi xpm28yp x8viiok x1o7cslx x126k92a\"><span class=\"html-span xexx8yu x4uap5 x18d9i69 xkhd6sd x1hl2dhg x16tdsg8 x1vvkbs x3nfvp2 x1j61x8r x1fcty0u xdj266r xat24cr xgzva0m xhhsvwb xxymvpz xlup9mm x1kky2od\">\n<!-- iframe plugin v.6.0 wordpress.org\/plugins\/iframe\/ -->\n<iframe loading=\"lazy\" src=\"https:\/\/www.instagram.com\/p\/Dc6eTY3IDOj\/embed\" width=\"460\" height=\"680\" 0=\"\/iframe\" scrolling=\"yes\" class=\"iframe-class\" frameborder=\"0\"><\/iframe>\n<\/span><\/span><\/span><\/p>\n<p>El pont\u00edfiz la llapada \u201cdispensadora de la misericordia divina\u201d y modelu pal voluntari\u00e1u. La f\u00f3rmula llatina inscribise nel cat\u00e1logu de los santos. En Calcuta cel\u00e9brase una misa paralela na casa de la congregaci\u00f3n.<\/p>\n<p style=\"text-align: center\"><a href=\"https:\/\/encrypted-tbn0.gstatic.com\/images?q=tbn:ANd9GcR59v49swtyb5l83QwJiDkOGV5vwQwSd82d9_MMlLcEqxSYhw1OBxHXu-af&amp;s=10\"><img loading=\"lazy\" decoding=\"async\" class=\"aligncenter size-large\" src=\"https:\/\/encrypted-tbn0.gstatic.com\/images?q=tbn:ANd9GcR59v49swtyb5l83QwJiDkOGV5vwQwSd82d9_MMlLcEqxSYhw1OBxHXu-af&amp;s=10\" width=\"672\" height=\"457\" \/><\/a><\/p>\n","protected":false},"excerpt":{"rendered":"<p>Plaza de San Pedro. 4 de setiembre de 2016. El Papa Francisco proclama santa a la beata Teresa de Calcuta \u00e9nte m\u00e1s de cien mil persones, nel Xubil\u00e9u de la Misericordia. Foi una monxa cat\u00f3lica d&#8217;orixe alban\u00e9s e india. Recibi\u00f3&#8217;l Nobel de la Paz en 1979. Morri\u00f3&#8217;l 5 de setiembre de 1997.<\/p>\n","protected":false},"author":117,"featured_media":0,"comment_status":"closed","ping_status":"closed","sticky":false,"template":"","format":"standard","meta":{"footnotes":""},"categories":[107,445],"tags":[],"class_list":["post-87274","post","type-post","status-publish","format-standard","hentry","category-aniversariu","category-relixon"],"_links":{"self":[{"href":"https:\/\/edublog.educastur.es\/ixuxu\/wp-json\/wp\/v2\/posts\/87274","targetHints":{"allow":["GET"]}}],"collection":[{"href":"https:\/\/edublog.educastur.es\/ixuxu\/wp-json\/wp\/v2\/posts"}],"about":[{"href":"https:\/\/edublog.educastur.es\/ixuxu\/wp-json\/wp\/v2\/types\/post"}],"author":[{"embeddable":true,"href":"https:\/\/edublog.educastur.es\/ixuxu\/wp-json\/wp\/v2\/users\/117"}],"replies":[{"embeddable":true,"href":"https:\/\/edublog.educastur.es\/ixuxu\/wp-json\/wp\/v2\/comments?post=87274"}],"version-history":[{"count":5,"href":"https:\/\/edublog.educastur.es\/ixuxu\/wp-json\/wp\/v2\/posts\/87274\/revisions"}],"predecessor-version":[{"id":87277,"href":"https:\/\/edublog.educastur.es\/ixuxu\/wp-json\/wp\/v2\/posts\/87274\/revisions\/87277"}],"wp:attachment":[{"href":"https:\/\/edublog.educastur.es\/ixuxu\/wp-json\/wp\/v2\/media?parent=87274"}],"wp:term":[{"taxonomy":"category","embeddable":true,"href":"https:\/\/edublog.educastur.es\/ixuxu\/wp-json\/wp\/v2\/categories?post=87274"},{"taxonomy":"post_tag","embeddable":true,"href":"https:\/\/edublog.educastur.es\/ixuxu\/wp-json\/wp\/v2\/tags?post=87274"}],"curies":[{"name":"wp","href":"https:\/\/api.w.org\/{rel}","templated":true}]}}