{"id":87299,"date":"2026-09-04T09:31:06","date_gmt":"2026-09-04T07:31:06","guid":{"rendered":"https:\/\/edublog.educastur.es\/ixuxu\/?p=87299"},"modified":"2026-09-05T20:48:43","modified_gmt":"2026-09-05T18:48:43","slug":"1882-inauguracion-de-la-primer-rede-de-llume-electrico-en-nueva-york","status":"publish","type":"post","link":"https:\/\/edublog.educastur.es\/ixuxu\/2026\/09\/1882-inauguracion-de-la-primer-rede-de-llume-electrico-en-nueva-york\/","title":{"rendered":"1882: La primer rede de llume el\u00e9ctrico en Nueva York"},"content":{"rendered":"<p>En 1882 inaugurose en Nueva York la primer rede de llume el\u00e9ctrico d&#8217;usu p\u00fablicu, <strong>impulsada pola empresa de<a href=\"https:\/\/es.wikipedia.org\/wiki\/Thomas_Alva_Edison\"> Thomas Edison.<\/a><\/strong> El sistema reemplaz\u00f3 progresivamente l&#8217;allum\u00e1u a gas en zones centrales de la ciud\u00e1, con xeneradores y cableaxe que dexaben encender ll\u00e1mpares incandescentes n&#8217;horarios nocherniegos.<\/p>\n<p style=\"text-align: center\"><a href=\"https:\/\/substackcdn.com\/image\/fetch\/$s_!5dzd!,f_auto,q_auto:good,fl_progressive:steep\/https%3A%2F%2Fsubstack-post-media.s3.amazonaws.com%2Fpublic%2Fimages%2F0261c6fa-51b3-419d-8f07-aa9c4e22c595_1376x768.jpeg\"><img loading=\"lazy\" decoding=\"async\" class=\"aligncenter size-large\" src=\"https:\/\/substackcdn.com\/image\/fetch\/$s_!5dzd!,f_auto,q_auto:good,fl_progressive:steep\/https%3A%2F%2Fsubstack-post-media.s3.amazonaws.com%2Fpublic%2Fimages%2F0261c6fa-51b3-419d-8f07-aa9c4e22c595_1376x768.jpeg\" width=\"1376\" height=\"768\" \/><\/a><\/p>\n<p><!--more--><\/p>\n<p style=\"text-align: center\"><a href=\"https:\/\/thumb.wikimedia.org\/wikipedia\/commons\/thumb\/9\/9d\/Thomas_Edison2.jpg\/500px-Thomas_Edison2.jpg?utm_source=es.wikipedia.org&amp;utm_campaign=parser&amp;utm_content=thumbnail\"><img loading=\"lazy\" decoding=\"async\" class=\"aligncenter size-large\" src=\"https:\/\/thumb.wikimedia.org\/wikipedia\/commons\/thumb\/9\/9d\/Thomas_Edison2.jpg\/500px-Thomas_Edison2.jpg?utm_source=es.wikipedia.org&amp;utm_campaign=parser&amp;utm_content=thumbnail\" width=\"500\" height=\"640\" \/><\/a><\/p>\n<p>La esperiencia neoyorquina convertiose en referencia para otros centros urbanos, qu&#8217;empezaron a estudiar la viabilid\u00e1 t\u00e9cnico y econ\u00f3mico de la electrificaci\u00f3n. La instalaci\u00f3n d&#8217;esta rede implic\u00f3 inversiones n&#8217;infraestructura, cambeos na organizaci\u00f3n del trabayu y nueves regulaciones municipales, y marc\u00f3 un puntu d&#8217;inflex\u00f3n na hestoria de los servicios p\u00fablicos modernos.<\/p>\n","protected":false},"excerpt":{"rendered":"<p>En 1882 inaugurose en Nueva York la primer rede de llume el\u00e9ctrico d&#8217;usu p\u00fablicu, impulsada pola empresa de Thomas Edison. El sistema reemplaz\u00f3 progresivamente l&#8217;allum\u00e1u a gas en zones centrales de la ciud\u00e1, con xeneradores y cableaxe que dexaben encender ll\u00e1mpares incandescentes n&#8217;horarios nocherniegos.<\/p>\n","protected":false},"author":117,"featured_media":0,"comment_status":"closed","ping_status":"closed","sticky":false,"template":"","format":"standard","meta":{"footnotes":""},"categories":[107,305],"tags":[],"class_list":["post-87299","post","type-post","status-publish","format-standard","hentry","category-aniversariu","category-enerxia"],"_links":{"self":[{"href":"https:\/\/edublog.educastur.es\/ixuxu\/wp-json\/wp\/v2\/posts\/87299","targetHints":{"allow":["GET"]}}],"collection":[{"href":"https:\/\/edublog.educastur.es\/ixuxu\/wp-json\/wp\/v2\/posts"}],"about":[{"href":"https:\/\/edublog.educastur.es\/ixuxu\/wp-json\/wp\/v2\/types\/post"}],"author":[{"embeddable":true,"href":"https:\/\/edublog.educastur.es\/ixuxu\/wp-json\/wp\/v2\/users\/117"}],"replies":[{"embeddable":true,"href":"https:\/\/edublog.educastur.es\/ixuxu\/wp-json\/wp\/v2\/comments?post=87299"}],"version-history":[{"count":2,"href":"https:\/\/edublog.educastur.es\/ixuxu\/wp-json\/wp\/v2\/posts\/87299\/revisions"}],"predecessor-version":[{"id":87301,"href":"https:\/\/edublog.educastur.es\/ixuxu\/wp-json\/wp\/v2\/posts\/87299\/revisions\/87301"}],"wp:attachment":[{"href":"https:\/\/edublog.educastur.es\/ixuxu\/wp-json\/wp\/v2\/media?parent=87299"}],"wp:term":[{"taxonomy":"category","embeddable":true,"href":"https:\/\/edublog.educastur.es\/ixuxu\/wp-json\/wp\/v2\/categories?post=87299"},{"taxonomy":"post_tag","embeddable":true,"href":"https:\/\/edublog.educastur.es\/ixuxu\/wp-json\/wp\/v2\/tags?post=87299"}],"curies":[{"name":"wp","href":"https:\/\/api.w.org\/{rel}","templated":true}]}}