{"id":8793,"date":"2021-08-13T23:16:46","date_gmt":"2021-08-13T21:16:46","guid":{"rendered":"https:\/\/edublog.educastur.es\/ixuxu\/?p=8793"},"modified":"2021-08-13T23:17:40","modified_gmt":"2021-08-13T21:17:40","slug":"una-morsa-quedase-dormida-nel-articu-y-apaez-nirlanda","status":"publish","type":"post","link":"https:\/\/edublog.educastur.es\/ixuxu\/2021\/08\/una-morsa-quedase-dormida-nel-articu-y-apaez-nirlanda\/","title":{"rendered":"Una morsa qu\u00e9dase dormida nel \u00c1rticu y apaez n&#8217;Irlanda"},"content":{"rendered":"<p style=\"text-align: center\"><a href=\"https:\/\/dam.ngenespanol.com\/wp-content\/uploads\/2021\/03\/morsa-se-qued%C3%B3-dormida.jpg\"><img loading=\"lazy\" decoding=\"async\" class=\"alignnone\" src=\"https:\/\/dam.ngenespanol.com\/wp-content\/uploads\/2021\/03\/morsa-se-qued%C3%B3-dormida.jpg\" alt=\"\" width=\"697\" height=\"500\" \/><\/a><\/p>\n<ul>\n<li><a href=\"https:\/\/www.ngenespanol.com\/animales\/una-morsa-se-queda-dormida-en-el-artico-y-aparece-en-irlanda\/?fbclid=IwAR1jRLYnT63mhydIVDaLp7B6bFul4GNrC581t_XCZqx1G8LoOCcwigTfDmI\">Fonte noticia: NG Espa\u00f1ol<\/a><\/li>\n<\/ul>\n<p>Mientres dorm\u00eda, una morsa dex\u00f3&#8217;l so llar nel \u00c1rticu ensin dase cuenta: l&#8217;iceberg nel que se qued\u00f3 dormida esprendiose de la mari\u00f1a.<\/p>\n<ul>\n<li><a href=\"https:\/\/twitter.com\/i\/status\/1371181655398965248\">Videu 1<\/a> \/<a href=\"https:\/\/twitter.com\/OSullivanJennie\/status\/1371217371478818817\/photo\/3\"> semeya<\/a><\/li>\n<\/ul>\n<p><!--more--><\/p>\n<p>Cuando espert\u00f3, la \u00c1rticu y\u00e1 nun taba ende. Otra manera, mientres gociaba d&#8217;un sua\u00f1u fondu, l&#8217;iceberg onde s&#8217;hab\u00eda qued\u00e1u dormida esprendiose del continente xel\u00e1u ensin que reparara nello. Un par de d\u00edes m\u00e1s tarde, desnortiada, afamiada y escosa, una morsa lleg\u00f3 a les mari\u00f1es d&#8217;Irlanda, ensin saber en qu\u00e9 momentu dex\u00f3&#8217;l so llar para nun volver n&#8217;enforma tiempu.<\/p>\n<p style=\"text-align: center\"><a href=\"https:\/\/dam.ngenespanol.com\/wp-content\/uploads\/2021\/03\/morsa-dormida.jpg\"><img loading=\"lazy\" decoding=\"async\" class=\"alignnone\" src=\"https:\/\/dam.ngenespanol.com\/wp-content\/uploads\/2021\/03\/morsa-dormida.jpg\" alt=\"\" width=\"724\" height=\"482\" \/><\/a><\/p>\n<p>El pas\u00e1u 14 de marzu, una morsa foi columbrada n&#8217;una sablera irlandesa. Seg\u00fan les persones que s&#8217;encargaron de rescatala, ye bien posible que pudo llexar dende&#8217;l C\u00edrculu Polar \u00c1rticu. Al quedase dormida sobro un iceberg, nunca se dio cuenta de que se allo\u00f1aba peligrosamente del so llar natal.<\/p>\n<p>Xuna ne\u00f1a de cinco a\u00f1os atop\u00f3 al animal llorando na mari\u00f1a. El so padre, <a href=\"https:\/\/www.irishexaminer.com\/news\/munster\/arid-40244267.html\"><span style=\"color: #008080\"><strong>Alan Houlihan<\/strong><\/span><\/a>, se\u00f1al\u00f3 lo siguiente con al respective de el so afayu a IrishCentral, un mediu local de Valentia Island:<\/p>\n<p><em>\u00abPens\u00e9 que yera xuna foca de primeres, y depu\u00e9s vimos los caniles\u00bb, <\/em>dixo Houlihan.<em> \u00abComo que salt\u00f3 a les roques. Yera enorme. Ten\u00eda aprosimao&#8217;l tama\u00f1u d&#8217;un toru o xuna vaca, abondo similar en tama\u00f1u; ye grande, grande\u00bb.<\/em><\/p>\n<p>Ye com\u00fan que les morses cayan dorm\u00edes nes mari\u00f1es \u00e1rtiques. Dempu\u00e9s d&#8217;un d\u00eda de caza sobro les ag\u00fces poco fondes, xuben a los cachos masivos de xelu pa recuperase. D\u00e1u&#8217;l so pesu, dimensiones y h\u00e1bitat, son cuntaes les ocasiones nes qu&#8217;esta especie apaez n&#8217;Irlanda . El camb\u00e9u clim\u00e1ticu podr\u00eda camudar esi panorama nel futuru pr\u00f3ximu y faer de la deriva de plataformes de xelu un fen\u00f3menu cada vez m\u00e1s com\u00fan.<\/p>\n<p style=\"text-align: center\"><a href=\"https:\/\/dam.ngenespanol.com\/wp-content\/uploads\/2021\/03\/morsa.jpg\"><img loading=\"lazy\" decoding=\"async\" class=\"alignnone\" src=\"https:\/\/dam.ngenespanol.com\/wp-content\/uploads\/2021\/03\/morsa.jpg\" alt=\"\" width=\"736\" height=\"475\" \/><\/a><\/p>\n<p>Seg\u00fan el llargor de los sos caniles \u2014d&#8217;apenes 30 cent\u00edmetros\u2014, los cient\u00edficos que s&#8217;encargaron de reasitiala determinaron que se trata d&#8217;un exemplar nuevu. Los d&#8217;una morsa adulta pueden algamar hasta un metro. Seg\u00fan se\u00f1al\u00f3&#8217;l bi\u00f3logu<span style=\"text-decoration: underline\"><span style=\"color: #008080;text-decoration: underline\"> Kevin Flannery<\/span><\/span> a The Independent, ye probable que l&#8217;animal nin siquier di\u00e9rase cuenta de lo que taba pasando:<\/p>\n<p><em>\u00abYo dir\u00eda que lo qu&#8217;asocedi\u00f3 ye que se qued\u00f3 dorm\u00edu nun iceberg y foise al debalu, y depu\u00e9s foise demasiao llue\u00f1e, nel Atl\u00e1nticu mediu o en dalg\u00fan llugar asina, posiblemente en Groenlandia. [\u2026] Dempu\u00e9s de viaxar miles de milles, ye probable que la morsa tea eshausta y afamiada\u00bb.<\/em><\/p>\n<p>Seg\u00fan el cient\u00edficu, ye probable que la morsa pueda tornar a casa si recupera les sos fuerces. Deshidrat\u00e1 y esausta, ta so la supervisi\u00f3n del zool\u00f3xicu local. Una vegada que recupere la so condici\u00f3n f\u00edsica \u2014si alim\u00e9ntase afechiscamente\u2014 ye probable que pueda ser reasitiada al so h\u00e1bitat natural.<\/p>\n","protected":false},"excerpt":{"rendered":"<p>Fonte noticia: NG Espa\u00f1ol Mientres dorm\u00eda, una morsa dex\u00f3&#8217;l so llar nel \u00c1rticu ensin dase cuenta: l&#8217;iceberg nel que se qued\u00f3 dormida esprendiose de la mari\u00f1a. Videu 1 \/ semeya<\/p>\n","protected":false},"author":117,"featured_media":0,"comment_status":"open","ping_status":"open","sticky":false,"template":"","format":"standard","meta":{"footnotes":""},"categories":[25,4],"tags":[],"class_list":["post-8793","post","type-post","status-publish","format-standard","hentry","category-curiosidaes","category-natura"],"_links":{"self":[{"href":"https:\/\/edublog.educastur.es\/ixuxu\/wp-json\/wp\/v2\/posts\/8793","targetHints":{"allow":["GET"]}}],"collection":[{"href":"https:\/\/edublog.educastur.es\/ixuxu\/wp-json\/wp\/v2\/posts"}],"about":[{"href":"https:\/\/edublog.educastur.es\/ixuxu\/wp-json\/wp\/v2\/types\/post"}],"author":[{"embeddable":true,"href":"https:\/\/edublog.educastur.es\/ixuxu\/wp-json\/wp\/v2\/users\/117"}],"replies":[{"embeddable":true,"href":"https:\/\/edublog.educastur.es\/ixuxu\/wp-json\/wp\/v2\/comments?post=8793"}],"version-history":[{"count":3,"href":"https:\/\/edublog.educastur.es\/ixuxu\/wp-json\/wp\/v2\/posts\/8793\/revisions"}],"predecessor-version":[{"id":8796,"href":"https:\/\/edublog.educastur.es\/ixuxu\/wp-json\/wp\/v2\/posts\/8793\/revisions\/8796"}],"wp:attachment":[{"href":"https:\/\/edublog.educastur.es\/ixuxu\/wp-json\/wp\/v2\/media?parent=8793"}],"wp:term":[{"taxonomy":"category","embeddable":true,"href":"https:\/\/edublog.educastur.es\/ixuxu\/wp-json\/wp\/v2\/categories?post=8793"},{"taxonomy":"post_tag","embeddable":true,"href":"https:\/\/edublog.educastur.es\/ixuxu\/wp-json\/wp\/v2\/tags?post=8793"}],"curies":[{"name":"wp","href":"https:\/\/api.w.org\/{rel}","templated":true}]}}