{"id":881,"date":"2020-09-07T18:31:36","date_gmt":"2020-09-07T16:31:36","guid":{"rendered":"https:\/\/edublog.educastur.es\/ixuxu\/?p=881"},"modified":"2020-09-07T18:32:10","modified_gmt":"2020-09-07T16:32:10","slug":"881","status":"publish","type":"post","link":"https:\/\/edublog.educastur.es\/ixuxu\/2020\/09\/881\/","title":{"rendered":"\u00abEl rait\u00e1n y el sangr\u00edn\u00bb"},"content":{"rendered":"<p><a href=\"https:\/\/improntaeditorial.wordpress.com\/2020\/09\/04\/el-raitan-y-el-sangrin-de-daniel-garcia-granda\/\"><img loading=\"lazy\" decoding=\"async\" class=\"alignnone \" src=\"https:\/\/improntaeditorial.files.wordpress.com\/2020\/09\/cubierta-el-raitan-y-el-sangrin.jpg?w=1320\" width=\"357\" height=\"554\" \/><\/a><\/p>\n<p>&nbsp;<\/p>\n<ul>\n<li><span style=\"font-family: tahoma, arial, helvetica, sans-serif\"><a href=\"https:\/\/improntaeditorial.wordpress.com\/2020\/09\/04\/el-raitan-y-el-sangrin-de-daniel-garcia-granda\/\"><em><span style=\"font-size: 20px\"><strong>\u00abEl rait\u00e1n y el sangr\u00edn\u00bb<\/strong><\/span><\/em><\/a><\/span><\/li>\n<li><span style=\"font-family: tahoma, arial, helvetica, sans-serif\">Testu: <a href=\"https:\/\/ast.wikipedia.org\/wiki\/Daniel_Garc%C3%ADa_Granda\"><strong>Daniel Garc\u00eda Granda<\/strong><\/a><\/span><\/li>\n<li><span style=\"font-family: tahoma, arial, helvetica, sans-serif\">ISBN 878-84-121306-8-3 <\/span><\/li>\n<li><span style=\"font-family: tahoma, arial, helvetica, sans-serif\">PVP: 12,00 EUROS <\/span><\/li>\n<li><span style=\"font-family: tahoma, arial, helvetica, sans-serif\">Ed: Impronta <\/span><\/li>\n<li><span style=\"font-family: tahoma, arial, helvetica, sans-serif\">THEMA: DCF \/ Cola ayuda de la Conseyer\u00eda de Cultura, Pol\u00edtica Lling\u00fc\u00edstica y Turismu del Princip\u00e1u d\u2019Asturies<\/span><\/li>\n<\/ul>\n<p><!--more--><\/p>\n<p>&nbsp;<\/p>\n<p><em><span style=\"font-family: tahoma, arial, helvetica, sans-serif\">Sinopsis: Hai poetes que caricien y hai poetes que solmenen. Y siendo asina, \u00bfqui\u00e9n fala m\u00e1s alto: el versu contemplativu o\u2019l que surde ensin contemplaciones? \u00bfEl cantu\u2019l rait\u00e1n o les berr\u00edes del sangre? Nestos poemes d\u2019amor y rabia nun s\u2019atisba griesca ente dos poetes antag\u00f3nicos, sin\u00f3n entendimientu. L\u2019astraici\u00f3n nun poema escritu a la fresca andecha con una ramascada. Tami\u00e9n con informantes qu\u2019apurren emociones y conciencia. Asina, ente solmenones y afalagos, el poema faise paisaxe propiu, llugar nel mundu.<\/span><\/em><\/p>\n","protected":false},"excerpt":{"rendered":"<p>&nbsp; \u00abEl rait\u00e1n y el sangr\u00edn\u00bb Testu: Daniel Garc\u00eda Granda ISBN 878-84-121306-8-3 PVP: 12,00 EUROS Ed: Impronta THEMA: DCF \/ Cola ayuda de la Conseyer\u00eda de Cultura, Pol\u00edtica Lling\u00fc\u00edstica y Turismu del Princip\u00e1u d\u2019Asturies<\/p>\n","protected":false},"author":117,"featured_media":0,"comment_status":"closed","ping_status":"open","sticky":false,"template":"","format":"standard","meta":{"footnotes":""},"categories":[13],"tags":[],"class_list":["post-881","post","type-post","status-publish","format-standard","hentry","category-novedaes"],"_links":{"self":[{"href":"https:\/\/edublog.educastur.es\/ixuxu\/wp-json\/wp\/v2\/posts\/881","targetHints":{"allow":["GET"]}}],"collection":[{"href":"https:\/\/edublog.educastur.es\/ixuxu\/wp-json\/wp\/v2\/posts"}],"about":[{"href":"https:\/\/edublog.educastur.es\/ixuxu\/wp-json\/wp\/v2\/types\/post"}],"author":[{"embeddable":true,"href":"https:\/\/edublog.educastur.es\/ixuxu\/wp-json\/wp\/v2\/users\/117"}],"replies":[{"embeddable":true,"href":"https:\/\/edublog.educastur.es\/ixuxu\/wp-json\/wp\/v2\/comments?post=881"}],"version-history":[{"count":3,"href":"https:\/\/edublog.educastur.es\/ixuxu\/wp-json\/wp\/v2\/posts\/881\/revisions"}],"predecessor-version":[{"id":885,"href":"https:\/\/edublog.educastur.es\/ixuxu\/wp-json\/wp\/v2\/posts\/881\/revisions\/885"}],"wp:attachment":[{"href":"https:\/\/edublog.educastur.es\/ixuxu\/wp-json\/wp\/v2\/media?parent=881"}],"wp:term":[{"taxonomy":"category","embeddable":true,"href":"https:\/\/edublog.educastur.es\/ixuxu\/wp-json\/wp\/v2\/categories?post=881"},{"taxonomy":"post_tag","embeddable":true,"href":"https:\/\/edublog.educastur.es\/ixuxu\/wp-json\/wp\/v2\/tags?post=881"}],"curies":[{"name":"wp","href":"https:\/\/api.w.org\/{rel}","templated":true}]}}