{"id":8812,"date":"2021-08-13T23:45:18","date_gmt":"2021-08-13T21:45:18","guid":{"rendered":"https:\/\/edublog.educastur.es\/ixuxu\/?p=8812"},"modified":"2021-08-13T23:45:18","modified_gmt":"2021-08-13T21:45:18","slug":"quique-carballeira-paisanu-del-anu-narenes","status":"publish","type":"post","link":"https:\/\/edublog.educastur.es\/ixuxu\/2021\/08\/quique-carballeira-paisanu-del-anu-narenes\/","title":{"rendered":"Quique carballeira, \u00abPaisanu del a\u00f1u\u00bb n\u00b4Are\u00f1es"},"content":{"rendered":"<div class=\"\" dir=\"auto\">\n<div class=\"\" dir=\"auto\">\n<div class=\"ecm0bbzt hv4rvrfc ihqw7lf3 dati1w0a\" data-ad-comet-preview=\"message\" data-ad-preview=\"message\">\n<div class=\"j83agx80 cbu4d94t ew0dbk1b irj2b8pg\">\n<div class=\"qzhwtbm6 knvmm38d\">\n<div class=\"kvgmc6g5 cxmmr5t8 oygrvhab hcukyx3x c1et5uql ii04i59q\">\n<div dir=\"auto\" style=\"text-align: center\"><img loading=\"lazy\" decoding=\"async\" class=\"alignnone size-full\" src=\"https:\/\/static2.elcomercio.es\/comun\/img\/2014\/autor\/firmas-5375fecaa8b29-foto.jpg\" width=\"150\" height=\"182\" \/><a href=\"https:\/\/www.facebook.com\/enrique.carballeira\">AsturToons<\/a><\/div>\n<div dir=\"auto\"><\/div>\n<div dir=\"auto\">El periodista, debuxante y escritor <a class=\"oajrlxb2 g5ia77u1 qu0x051f esr5mh6w e9989ue4 r7d6kgcz rq0escxv nhd2j8a9 nc684nl6 p7hjln8o kvgmc6g5 cxmmr5t8 oygrvhab hcukyx3x jb3vyjys rz4wbd8a qt6c0cv9 a8nywdso i1ao9s8h esuyzwwr f1sip0of lzcic4wl q66pz984 gpro0wi8 b1v8xokw\" role=\"link\" href=\"https:\/\/www.facebook.com\/ondaceroinfiesto.uniprex?__cft__[0]=AZW9xZ7hSiT2VsCU2O1pM5fYRC4S4BMkwrm1hS9KGu-a526s0zUR7bcu5QhifTGUPmXHd3VhCL2qB4SBN5wtYJHNhmiVLyJaqzw0DINk-oMHucwHuzaeqQpGbbU5JkudM-WuFZ67ge58UoZhg_Errn4wImg5PohCj8Pebm5Opkn8rA&amp;__tn__=-]K-y-R\"><span class=\"nc684nl6\">Enrique Carballeira<\/span><\/a> foi l&#8217;elex\u00edu esti 2021 pa recibir el galard\u00f3n de<strong><span style=\"color: #008080\"> \u00abPaisanu del a\u00f1u\u00bb<\/span> <\/strong>na llocalid\u00e1 d&#8217;Are\u00f1es, (Pilo\u00f1a) con motivu de la celebraci\u00f3n (por desgracia esti a\u00f1u tami\u00e9n virtual) de les Fiestes de San Roque, patr\u00f3n del llugar.<\/div>\n<div dir=\"auto\"><!--more--><\/div>\n<div dir=\"auto\">La so dedicaci\u00f3n, y paciencia, asina como&#8217;l sofitu prestau dende les ondes de radio pa col mundiu rural, fae de Carballeira un exemplu m\u00e1s que merec\u00edo del citau galard\u00f3n ufiertau pola <a class=\"oajrlxb2 g5ia77u1 qu0x051f esr5mh6w e9989ue4 r7d6kgcz rq0escxv nhd2j8a9 nc684nl6 p7hjln8o kvgmc6g5 cxmmr5t8 oygrvhab hcukyx3x jb3vyjys rz4wbd8a qt6c0cv9 a8nywdso i1ao9s8h esuyzwwr f1sip0of lzcic4wl q66pz984 gpro0wi8 b1v8xokw\" role=\"link\" href=\"https:\/\/www.facebook.com\/RiuFontoria\/?__cft__[0]=AZW9xZ7hSiT2VsCU2O1pM5fYRC4S4BMkwrm1hS9KGu-a526s0zUR7bcu5QhifTGUPmXHd3VhCL2qB4SBN5wtYJHNhmiVLyJaqzw0DINk-oMHucwHuzaeqQpGbbU5JkudM-WuFZ67ge58UoZhg_Errn4wImg5PohCj8Pebm5Opkn8rA&amp;__tn__=kK-y-R\"><span class=\"nc684nl6\">Asociacion Riu Fontoria<\/span><\/a> del citau puebl\u00edn pilo\u00f1\u00e9s.<\/div>\n<div dir=\"auto\"><\/div>\n<ul>\n<li><a href=\"https:\/\/www.ondacero.es\/emisoras\/asturias\/noticias\/arenes-pilona-pone-marcha-amplio-programa-festivo-celebrar-san-roque-forma-virtual_202108036108edfba9fb0b00019f45b0.html?fbclid=IwAR1iAImWn7bWz1qj8RIVySx4iAb_sCPG3eTsyZRif9Q31W6w8ikBiwXhNhw\">Programaci\u00f3n d&#8217;estos festexos d&#8217;esti San Roque virtual<\/a><\/li>\n<\/ul>\n<\/div>\n<\/div>\n<\/div>\n<\/div>\n<\/div>\n<\/div>\n<p>&nbsp;<\/p>\n","protected":false},"excerpt":{"rendered":"<p>AsturToons El periodista, debuxante y escritor Enrique Carballeira foi l&#8217;elex\u00edu esti 2021 pa recibir el galard\u00f3n de \u00abPaisanu del a\u00f1u\u00bb na llocalid\u00e1 d&#8217;Are\u00f1es, (Pilo\u00f1a) con motivu de la celebraci\u00f3n (por desgracia esti a\u00f1u tami\u00e9n virtual) de les Fiestes de San Roque, patr\u00f3n del llugar.<\/p>\n","protected":false},"author":117,"featured_media":0,"comment_status":"open","ping_status":"open","sticky":false,"template":"","format":"standard","meta":{"footnotes":""},"categories":[62],"tags":[],"class_list":["post-8812","post","type-post","status-publish","format-standard","hentry","category-reconocimientu"],"_links":{"self":[{"href":"https:\/\/edublog.educastur.es\/ixuxu\/wp-json\/wp\/v2\/posts\/8812","targetHints":{"allow":["GET"]}}],"collection":[{"href":"https:\/\/edublog.educastur.es\/ixuxu\/wp-json\/wp\/v2\/posts"}],"about":[{"href":"https:\/\/edublog.educastur.es\/ixuxu\/wp-json\/wp\/v2\/types\/post"}],"author":[{"embeddable":true,"href":"https:\/\/edublog.educastur.es\/ixuxu\/wp-json\/wp\/v2\/users\/117"}],"replies":[{"embeddable":true,"href":"https:\/\/edublog.educastur.es\/ixuxu\/wp-json\/wp\/v2\/comments?post=8812"}],"version-history":[{"count":2,"href":"https:\/\/edublog.educastur.es\/ixuxu\/wp-json\/wp\/v2\/posts\/8812\/revisions"}],"predecessor-version":[{"id":8814,"href":"https:\/\/edublog.educastur.es\/ixuxu\/wp-json\/wp\/v2\/posts\/8812\/revisions\/8814"}],"wp:attachment":[{"href":"https:\/\/edublog.educastur.es\/ixuxu\/wp-json\/wp\/v2\/media?parent=8812"}],"wp:term":[{"taxonomy":"category","embeddable":true,"href":"https:\/\/edublog.educastur.es\/ixuxu\/wp-json\/wp\/v2\/categories?post=8812"},{"taxonomy":"post_tag","embeddable":true,"href":"https:\/\/edublog.educastur.es\/ixuxu\/wp-json\/wp\/v2\/tags?post=8812"}],"curies":[{"name":"wp","href":"https:\/\/api.w.org\/{rel}","templated":true}]}}