{"id":8815,"date":"2021-08-13T23:49:11","date_gmt":"2021-08-13T21:49:11","guid":{"rendered":"https:\/\/edublog.educastur.es\/ixuxu\/?p=8815"},"modified":"2021-08-13T23:49:47","modified_gmt":"2021-08-13T21:49:47","slug":"perguapes-imaxenes-pa-mirar-a-cualesquier-hora","status":"publish","type":"post","link":"https:\/\/edublog.educastur.es\/ixuxu\/2021\/08\/perguapes-imaxenes-pa-mirar-a-cualesquier-hora\/","title":{"rendered":"Perguapes im\u00e1xenes pa mirar a cualesquier hora"},"content":{"rendered":"<h2 style=\"text-align: center\"><a href=\"https:\/\/capturetheatlas.com\/wp-content\/uploads\/2021\/05\/Milky-Way-Utah-USA-768x959.jpg.webp\"><img loading=\"lazy\" decoding=\"async\" class=\"alignnone\" src=\"https:\/\/capturetheatlas.com\/wp-content\/uploads\/2021\/05\/Milky-Way-Utah-USA-768x959.jpg.webp\" alt=\"\" width=\"411\" height=\"513\" \/><\/a><\/h2>\n<h2 style=\"text-align: center\"><em><span style=\"font-size: 14px\">\u00abChamber of Light\u00bb \u2013 Spencer Welling<\/span><\/em><\/h2>\n<ul>\n<li>Concursu:<a href=\"https:\/\/capturetheatlas.com\/es\/milky-way-photographer-of-the-year\/?fbclid=IwAR1U1kdrjofm3ceVtEncL20gpdEK7W_gJ17XuvTJ-FNEHkbnXcDXbbSx2lU\"><span style=\"color: #008080\"><strong> \u00abMilky Way photographer of the year\u00bb 2021<\/strong><\/span><\/a><\/li>\n<\/ul>\n<p><strong>Fotografiar la V\u00eda L\u00e1ctea ye una esperiencia d&#8217;otru mundu.<\/strong> Nun hai munchos eventos tan especiales como ver c\u00f3mo nuesa galaxa \u00e1lzase allumando&#8217;l cielu nocherniegu. Sicas\u00ed, pela nueche hai munches coses invisibles a g\u00fceyu, y cuando uses una c\u00e1mara para prindar la V\u00eda L\u00e1ctea, \u00e1brese un mundu dafechu nuevu de detalles, colores y lluces. <a href=\"https:\/\/capturetheatlas.com\/es\/milky-way-photographer-of-the-year\/?fbclid=IwAR1U1kdrjofm3ceVtEncL20gpdEK7W_gJ17XuvTJ-FNEHkbnXcDXbbSx2lU\"><strong><span style=\"color: #008080\">VER<\/span><\/strong><\/a><\/p>\n<p><!--more--><\/p>\n<p>M\u00e1s all\u00e1 de los aspeutos t\u00e9cnicos, cada fotograf\u00eda de V\u00eda L\u00e1ctea tien una hestoria y una grana que foi creciendo na mente del fot\u00f3grafu mientres dalg\u00fan tiempu hasta que tolos elementos all\u00edniense para crear la imaxe.<\/p>\n","protected":false},"excerpt":{"rendered":"<p>\u00abChamber of Light\u00bb \u2013 Spencer Welling Concursu: \u00abMilky Way photographer of the year\u00bb 2021 Fotografiar la V\u00eda L\u00e1ctea ye una esperiencia d&#8217;otru mundu. Nun hai munchos eventos tan especiales como ver c\u00f3mo nuesa galaxa \u00e1lzase allumando&#8217;l cielu nocherniegu. Sicas\u00ed, pela nueche hai munches coses invisibles a g\u00fceyu, y cuando uses una c\u00e1mara para prindar la [&hellip;]<\/p>\n","protected":false},"author":117,"featured_media":0,"comment_status":"open","ping_status":"open","sticky":false,"template":"","format":"standard","meta":{"footnotes":""},"categories":[61,4,17],"tags":[],"class_list":["post-8815","post","type-post","status-publish","format-standard","hentry","category-concursu","category-natura","category-semeyes"],"_links":{"self":[{"href":"https:\/\/edublog.educastur.es\/ixuxu\/wp-json\/wp\/v2\/posts\/8815","targetHints":{"allow":["GET"]}}],"collection":[{"href":"https:\/\/edublog.educastur.es\/ixuxu\/wp-json\/wp\/v2\/posts"}],"about":[{"href":"https:\/\/edublog.educastur.es\/ixuxu\/wp-json\/wp\/v2\/types\/post"}],"author":[{"embeddable":true,"href":"https:\/\/edublog.educastur.es\/ixuxu\/wp-json\/wp\/v2\/users\/117"}],"replies":[{"embeddable":true,"href":"https:\/\/edublog.educastur.es\/ixuxu\/wp-json\/wp\/v2\/comments?post=8815"}],"version-history":[{"count":3,"href":"https:\/\/edublog.educastur.es\/ixuxu\/wp-json\/wp\/v2\/posts\/8815\/revisions"}],"predecessor-version":[{"id":8818,"href":"https:\/\/edublog.educastur.es\/ixuxu\/wp-json\/wp\/v2\/posts\/8815\/revisions\/8818"}],"wp:attachment":[{"href":"https:\/\/edublog.educastur.es\/ixuxu\/wp-json\/wp\/v2\/media?parent=8815"}],"wp:term":[{"taxonomy":"category","embeddable":true,"href":"https:\/\/edublog.educastur.es\/ixuxu\/wp-json\/wp\/v2\/categories?post=8815"},{"taxonomy":"post_tag","embeddable":true,"href":"https:\/\/edublog.educastur.es\/ixuxu\/wp-json\/wp\/v2\/tags?post=8815"}],"curies":[{"name":"wp","href":"https:\/\/api.w.org\/{rel}","templated":true}]}}