{"id":8835,"date":"2021-08-13T12:30:39","date_gmt":"2021-08-13T10:30:39","guid":{"rendered":"https:\/\/edublog.educastur.es\/ixuxu\/?p=8835"},"modified":"2021-08-14T10:36:26","modified_gmt":"2021-08-14T08:36:26","slug":"vecinos-de-ponga-atolden-nuna-sestaferia-el-patiu-de-la-escuela-de-belenu","status":"publish","type":"post","link":"https:\/\/edublog.educastur.es\/ixuxu\/2021\/08\/vecinos-de-ponga-atolden-nuna-sestaferia-el-patiu-de-la-escuela-de-belenu\/","title":{"rendered":"Vecinos de Ponga atolden n&#8217;una sestaferia el patiu de la escuela de Bele\u00f1u"},"content":{"rendered":"<p style=\"text-align: center\"><a href=\"https:\/\/static3.elcomercio.es\/www\/multimedia\/202108\/13\/media\/cortadas\/66830915--624x415.JPG\"><img loading=\"lazy\" decoding=\"async\" class=\"alignnone\" src=\"https:\/\/static3.elcomercio.es\/www\/multimedia\/202108\/13\/media\/cortadas\/66830915--624x415.JPG\" alt=\"\" width=\"624\" height=\"415\" \/><\/a><\/p>\n<ul>\n<li><a href=\"https:\/\/www.lne.es\/oriente\/2021\/08\/13\/vecinos-ponga-adecentan-sextaferia-patio-56181744.html?fbclid=IwAR165mK0c6Sk3E7YmNwcnjlml-BmoHlCV34Z3WSxvQ7GkwbACJ_80pWqBW0\">Fonte noticia: LNE<\/a> \/ <a href=\"https:\/\/www.elcomercio.es\/asturias\/oriente\/milagro-escuelina-vecinos-20210813001027-ntvo.html\">El Comercio<\/a> \/ El Fielato.<\/li>\n<\/ul>\n<p>Siete voluntarios allegaron al llamamientu del Conceyu de Ponga para pintar la zona de recr\u00e9u de la escuela de San Juan de Bele\u00f1u. Una d&#8217;elles foi la mesma alcaldesa, Marta Alonso. La pintura, que foi donada pola agrupaci\u00f3n socialista del conceyu, aplicose na zona de los xingadorios, como amuesa la imaxe, informa M. V.<\/p>\n<p><!--more--><\/p>\n<p>El milagru de la escuelina\u00bb xune a los vecinos de Ponga Voluntarios ponen a puntu la escuela de 0 a 3 que va abrir esti cursu, con seis \u00f1\u00e1caros y\u00e1 inscritos. \u00abLa ilusi\u00f3n ye terrible\u00bb.\u00a0 Los ne\u00f1os d&#8217;Infantil y Primaria van disponer per primer vegada de dos aules distintes pola medr\u00eda de matr\u00edcula nel conceyu.<\/p>\n<p>Los ne\u00f1os son un bien escaso na zona rural, tantu qu&#8217;en Ponga nun remacarien n&#8217;esfuerzos tantu para caltener a los y\u00e1 asitiaos como para atraer a m\u00e1s families con menores al travi\u00e9s de los servicios. El so gran apueste ye la escuela de 0 a 3 que va abrir en septiembre, frutu del enfotu del Conceyu y de los mesmos vecinos.<\/p>\n<p>Ponga consigui\u00f3 asitiar poblaci\u00f3n local moza que prefiri\u00f3 quedase nel conceyu antes de colase a otru llugar. Seg\u00fan la rexidora, el procesu d\u00e1base y\u00e1 con anteriorid\u00e1 a la pandemia. \u201cHubo persones que s&#8217;asitiaron antes del covid, un ne\u00f1u que s\u00ed empez\u00f3 l&#8217;a\u00f1u pas\u00e1u al colexu y el restu son persones d&#8217;equ\u00ed\u201d, asegur\u00f3. Enagora, en Ponga ta garantiz\u00e1u&#8217;l relevu xeneracional.<\/p>\n","protected":false},"excerpt":{"rendered":"<p>Fonte noticia: LNE \/ El Comercio \/ El Fielato. Siete voluntarios allegaron al llamamientu del Conceyu de Ponga para pintar la zona de recr\u00e9u de la escuela de San Juan de Bele\u00f1u. Una d&#8217;elles foi la mesma alcaldesa, Marta Alonso. La pintura, que foi donada pola agrupaci\u00f3n socialista del conceyu, aplicose na zona de los [&hellip;]<\/p>\n","protected":false},"author":117,"featured_media":0,"comment_status":"open","ping_status":"open","sticky":false,"template":"","format":"standard","meta":{"footnotes":""},"categories":[217,216],"tags":[],"class_list":["post-8835","post","type-post","status-publish","format-standard","hentry","category-colexu","category-sestaferia"],"_links":{"self":[{"href":"https:\/\/edublog.educastur.es\/ixuxu\/wp-json\/wp\/v2\/posts\/8835","targetHints":{"allow":["GET"]}}],"collection":[{"href":"https:\/\/edublog.educastur.es\/ixuxu\/wp-json\/wp\/v2\/posts"}],"about":[{"href":"https:\/\/edublog.educastur.es\/ixuxu\/wp-json\/wp\/v2\/types\/post"}],"author":[{"embeddable":true,"href":"https:\/\/edublog.educastur.es\/ixuxu\/wp-json\/wp\/v2\/users\/117"}],"replies":[{"embeddable":true,"href":"https:\/\/edublog.educastur.es\/ixuxu\/wp-json\/wp\/v2\/comments?post=8835"}],"version-history":[{"count":3,"href":"https:\/\/edublog.educastur.es\/ixuxu\/wp-json\/wp\/v2\/posts\/8835\/revisions"}],"predecessor-version":[{"id":8837,"href":"https:\/\/edublog.educastur.es\/ixuxu\/wp-json\/wp\/v2\/posts\/8835\/revisions\/8837"}],"wp:attachment":[{"href":"https:\/\/edublog.educastur.es\/ixuxu\/wp-json\/wp\/v2\/media?parent=8835"}],"wp:term":[{"taxonomy":"category","embeddable":true,"href":"https:\/\/edublog.educastur.es\/ixuxu\/wp-json\/wp\/v2\/categories?post=8835"},{"taxonomy":"post_tag","embeddable":true,"href":"https:\/\/edublog.educastur.es\/ixuxu\/wp-json\/wp\/v2\/tags?post=8835"}],"curies":[{"name":"wp","href":"https:\/\/api.w.org\/{rel}","templated":true}]}}