{"id":8879,"date":"2021-08-12T17:00:47","date_gmt":"2021-08-12T15:00:47","guid":{"rendered":"https:\/\/edublog.educastur.es\/ixuxu\/?p=8879"},"modified":"2021-08-15T17:51:26","modified_gmt":"2021-08-15T15:51:26","slug":"avistada-una-ballena-azul-de-grandes-dimensiones-nes-ries-baixes","status":"publish","type":"post","link":"https:\/\/edublog.educastur.es\/ixuxu\/2021\/08\/avistada-una-ballena-azul-de-grandes-dimensiones-nes-ries-baixes\/","title":{"rendered":"Avistada una ballena azul de grandes dimensiones nes R\u00edes Baixes"},"content":{"rendered":"<p style=\"text-align: center\"><a href=\"https:\/\/cadenaser00.epimg.net\/ser\/imagenes\/2021\/08\/12\/radio_vigo\/1628775905_183414_1628776255_noticia_normal_recorte1.jpg\"><img loading=\"lazy\" decoding=\"async\" class=\"alignnone\" src=\"https:\/\/cadenaser00.epimg.net\/ser\/imagenes\/2021\/08\/12\/radio_vigo\/1628775905_183414_1628776255_noticia_normal_recorte1.jpg\" alt=\"\" width=\"1300\" height=\"557\" \/><\/a><\/p>\n<p style=\"text-align: center\"><a href=\"https:\/\/www.thebdri.com\/es\/index.html\"><em>The BDRI<\/em><\/a><\/p>\n<p style=\"text-align: left\">La especie animal m\u00e1s grande del planeta foi fotografiada por cient\u00edficos gallegos del <a href=\"https:\/\/www.thebdri.com\/es\/index.html\"><span style=\"color: #008080\"><strong>Bottlenose Dolphin Research Institute (BDRI)<\/strong><\/span><\/a><br \/>\nBallena azul columbrada nes Isles C\u00edes<\/p>\n<ul>\n<li><a href=\"https:\/\/cadenaser.com\/emisora\/2021\/08\/12\/radio_vigo\/1628775905_183414.html?fbclid=IwAR0wZu3VY1iCw49yW100OrHij-EQzgfl0RVrKaBSRFqM4OdJe9mDimClU2Q\">Fonte noticia: Cadena Ser<\/a> \/<\/li>\n<\/ul>\n<p><!--more--><\/p>\n<p>El BDRI lleva a cabu un muestreo sistem\u00e1ticu que dexa un siguimientu de los mam\u00edferos (delfines, ballenes, marsopas y n\u00fatries) y aves marines qu&#8217;habiten na mari\u00f1a gallega (ag\u00fces atl\u00e1ntiques del noroeste d&#8217;Espa\u00f1a), para poder dar respuesta a la gran gama d&#8217;interrogantes esistentes sobro los animales estudiaos y l&#8217;ambiente nel que viven.<\/p>\n<p>Cient\u00edficos gallegos del BDRI realizaron el primer avistamientu d&#8217;una ballena azul mientres angua\u00f1o 2021 y foi nes R\u00edes Baixes, concretamente a bien pocos metros de les Isles C\u00edes.<\/p>\n<p><span style=\"color: #008080\">L&#8217;animal m\u00e1s grande del planeta y tou un s\u00edmbolu nel caltenimientu de los nuesos oc\u00e9anos, la ballena azul torna un a\u00f1u m\u00e1s para alimentase nes riques ag\u00fces gallegues.<\/span><\/p>\n<p>La fotograf\u00eda foi tomada n&#8217;un xornada que s&#8217;enmarca nun estudiu dientro del proyectu d&#8217;investigaci\u00f3n BALAENATUR II qu&#8217;el BDRI lleva a cabu en collaboraci\u00f3n cola <a href=\"https:\/\/fundacion-biodiversidad.es\/es\/content\/el-ministerio-para-la-transicion-ecologica-y-el-reto-demografico-y-el-ministerio-de\">Fundaci\u00f3n Biodiversid\u00e1 del Ministeriu para la Transici\u00f3n Ecol\u00f3xica y el Retu demogr\u00e1ficu.<\/a><\/p>\n","protected":false},"excerpt":{"rendered":"<p>The BDRI La especie animal m\u00e1s grande del planeta foi fotografiada por cient\u00edficos gallegos del Bottlenose Dolphin Research Institute (BDRI) Ballena azul columbrada nes Isles C\u00edes Fonte noticia: Cadena Ser \/<\/p>\n","protected":false},"author":117,"featured_media":0,"comment_status":"open","ping_status":"open","sticky":false,"template":"","format":"standard","meta":{"footnotes":""},"categories":[25,4],"tags":[],"class_list":["post-8879","post","type-post","status-publish","format-standard","hentry","category-curiosidaes","category-natura"],"_links":{"self":[{"href":"https:\/\/edublog.educastur.es\/ixuxu\/wp-json\/wp\/v2\/posts\/8879","targetHints":{"allow":["GET"]}}],"collection":[{"href":"https:\/\/edublog.educastur.es\/ixuxu\/wp-json\/wp\/v2\/posts"}],"about":[{"href":"https:\/\/edublog.educastur.es\/ixuxu\/wp-json\/wp\/v2\/types\/post"}],"author":[{"embeddable":true,"href":"https:\/\/edublog.educastur.es\/ixuxu\/wp-json\/wp\/v2\/users\/117"}],"replies":[{"embeddable":true,"href":"https:\/\/edublog.educastur.es\/ixuxu\/wp-json\/wp\/v2\/comments?post=8879"}],"version-history":[{"count":3,"href":"https:\/\/edublog.educastur.es\/ixuxu\/wp-json\/wp\/v2\/posts\/8879\/revisions"}],"predecessor-version":[{"id":8882,"href":"https:\/\/edublog.educastur.es\/ixuxu\/wp-json\/wp\/v2\/posts\/8879\/revisions\/8882"}],"wp:attachment":[{"href":"https:\/\/edublog.educastur.es\/ixuxu\/wp-json\/wp\/v2\/media?parent=8879"}],"wp:term":[{"taxonomy":"category","embeddable":true,"href":"https:\/\/edublog.educastur.es\/ixuxu\/wp-json\/wp\/v2\/categories?post=8879"},{"taxonomy":"post_tag","embeddable":true,"href":"https:\/\/edublog.educastur.es\/ixuxu\/wp-json\/wp\/v2\/tags?post=8879"}],"curies":[{"name":"wp","href":"https:\/\/api.w.org\/{rel}","templated":true}]}}