{"id":8895,"date":"2021-08-13T12:30:09","date_gmt":"2021-08-13T10:30:09","guid":{"rendered":"https:\/\/edublog.educastur.es\/ixuxu\/?p=8895"},"modified":"2021-08-15T18:37:24","modified_gmt":"2021-08-15T16:37:24","slug":"cinco-franguesos-mas-vuelen-ya-sobro-los-picos-deuropa","status":"publish","type":"post","link":"https:\/\/edublog.educastur.es\/ixuxu\/2021\/08\/cinco-franguesos-mas-vuelen-ya-sobro-los-picos-deuropa\/","title":{"rendered":"Cinco frang\u00fcesos m\u00e1s vuelen y\u00e1 sobro los Picos d&#8217;Europa"},"content":{"rendered":"<p style=\"text-align: center\"><a href=\"https:\/\/cflvdg.avoz.es\/sc\/sjk_Relu67gO4e4o_E9VSDm1Koc=\/768x\/2019\/06\/03\/00121559572900194727352\/Foto\/quebrantahuesos.jpg\"><img loading=\"lazy\" decoding=\"async\" class=\"alignnone\" src=\"https:\/\/cflvdg.avoz.es\/sc\/sjk_Relu67gO4e4o_E9VSDm1Koc=\/768x\/2019\/06\/03\/00121559572900194727352\/Foto\/quebrantahuesos.jpg\" alt=\"\" width=\"768\" height=\"432\" \/><\/a><\/p>\n<p style=\"text-align: center\"><em>Un exemplar de frang\u00fcesos\/quebrantahuesos\u00a0 Y.P.<\/em><\/p>\n<ul>\n<li><a href=\"https:\/\/www.lavozdeasturias.es\/noticia\/asturias\/2021\/08\/13\/cinco-quebrantahuesos-vuelan-sobre-picos-europa\/00031628868292431390533.htm?utm_source=facebook&amp;utm_medium=referral&amp;utm_campaign=fbgen_a\">Fonte noticia: la Voz de Asturias<\/a><\/li>\n<\/ul>\n<p>Con ellos, y\u00e1 son 30 los exemplares que se reintroducieron nel parque, dientro del proyectu pa la recuperaci\u00f3n de la especie empecipi\u00e1u en 2010<\/p>\n<p><!--more--><br \/>\nCinco frang\u00fcesos m\u00e1s fueron lliberaos esti branu nel <span style=\"text-decoration: underline\"><span style=\"color: #008080;text-decoration: underline\">Parque Nacional de los Picos d&#8217;Europa<\/span> <\/span>colo que y\u00e1 son trenta los exemplares -19 femes y 11 machos- que se reintroducieron nesi espaciu protex\u00edu dientro del proyectu de recuperaci\u00f3n de la especie empecipi\u00e1u en 2010.<\/p>\n<p>Tolos exemplares lliberaos son ced\u00edos pol Gobiernu d&#8217;Arag\u00f3n al proyectu que desenvuelve la<a href=\"https:\/\/quebrantahuesos.org\/\"><strong><span style=\"color: #008080\"> Fundaci\u00f3n pal Caltenimientu del Frang\u00fcesos (FCQ)<\/span> <\/strong><\/a>en coordinaci\u00f3n coles autoridaes ambientales del Princip\u00e1u d&#8217;Asturies, Cantabria y Castiella y Lli\u00f3n.<\/p>\n<p style=\"text-align: center\"><a href=\"https:\/\/quebrantahuesos.org\/\"><img loading=\"lazy\" decoding=\"async\" class=\"alignnone\" src=\"https:\/\/quebrantahuesos.org\/wp-content\/uploads\/2018\/05\/FCQlogo.png\" alt=\"\" width=\"391\" height=\"147\" \/><\/a><\/p>\n<p>En superando les distintes fases del so desenvolvimientu nes instalaciones del centru de cr\u00eda de Zaragoza y darr\u00e9u nel <a href=\"https:\/\/www.turismodearagon.com\/ficha\/ordesa-y-monte-perdido\/\"><span style=\"color: #008080\">Parque Nacional d\u00b4Ordesa y Monte Perd\u00edu<\/span><\/a>, onde tomen contactu con otros exemplares de la so especie, son treslladaos hasta Asturies pa completar el so procesu de maduraci\u00f3n.<\/p>\n<p>A los trenta animales y\u00e1 lliberaos hai que sumar la presencia espor\u00e1dica d&#8217;exemplares divagantes que visiten los Picos d&#8217;Europa tolos a\u00f1os, exemplares de diversa procedencia y na so mayor\u00eda pirenaicos, anque se repararon otros procedentes de los proyectos de recuperaci\u00f3n de la especie que se lleven a cabu n&#8217;Andaluc\u00eda y en Castell\u00f3n.<\/p>\n<p>Seg\u00fan inform\u00f3 la fundaci\u00f3n que xestiona&#8217;l programa, la evoluci\u00f3n de los pollos d&#8217;angua\u00f1o fuera la esperada y y\u00e1 s&#8217;atopaba en condiciones aparentes pa volar cuando la pasada selmana ficieron l&#8217;apertura de la xaula por qu&#8217;empiecen la so vida en llibert\u00e1, previa autorizaci\u00f3n de la Conseyer\u00eda de Mediu Rural y Cohesi\u00f3n Territorial del Princip\u00e1u.<\/p>\n<p>A partir d&#8217;esti momentu los t\u00e9cnicos especialistes de la FCQ van siguir a los exemplares de barganal diariamente al travi\u00e9s de dispositivos de radioseguimientu terrestre y GPS pa xixilar los sos movimientos, la so alimentaci\u00f3n, comportamientu y primeros vuelos.<\/p>\n<p>El proyectu de reintroducci\u00f3n del frang\u00fcesos nel Parque Nacional de los Picos d&#8217;Europa#empecipi\u00f3 en 2010 cola suelta de los dos primeros exemplares nun espaciu onde la especie taba estinta dende la d\u00e9cada de los a\u00f1os cincuenta del pas\u00e1u sieglu y en 2020 produci\u00f3se la primer reproducci\u00f3n esitosa tres 75 a\u00f1os d&#8217;ausencia.<\/p>\n<p><span style=\"color: #008080\">Angua\u00f1o la pareya formada por Deva y Casanova volvi\u00f3 intentar la reproducci\u00f3n<\/span>, pero lamentablemente fracasaron nos primeres estad\u00edos y, seg\u00fan la fundaci\u00f3n, los pr\u00f3ximos exercicios son esperanzadores y\u00e1 que hai dellos exemplares entrando na ed\u00e1 reproductora empareyaos y qu&#8217;ocupen territorios \u00f3ptimos pa la especie.<\/p>\n<p><strong><span style=\"color: #008080\">El frang\u00fcesos at\u00f3pase nel nivel m\u00e1s altu de protecci\u00f3n na Uni\u00f3n Europea<\/span><\/strong>, incluyida Espa\u00f1a onde ta declar\u00e1u como especie en peligru d&#8217;estinci\u00f3n, y la so reintroducci\u00f3n de forma estable nos Picos d&#8217;Europa favorecer\u00eda&#8217;l fluxu ya intercambiu d&#8217;exemplares cola poblaci\u00f3n pirenaica al travi\u00e9s del corredor \u00edberu-cant\u00e1bricu y xuna garant\u00eda pal caltenimientu de la especie \u00e9nte posibles eventos que pudieren afectar a unu de los sos n\u00facleos reproductores, informa Efe.<\/p>\n<p>&nbsp;<\/p>\n","protected":false},"excerpt":{"rendered":"<p>Un exemplar de frang\u00fcesos\/quebrantahuesos\u00a0 Y.P. Fonte noticia: la Voz de Asturias Con ellos, y\u00e1 son 30 los exemplares que se reintroducieron nel parque, dientro del proyectu pa la recuperaci\u00f3n de la especie empecipi\u00e1u en 2010<\/p>\n","protected":false},"author":117,"featured_media":0,"comment_status":"open","ping_status":"open","sticky":false,"template":"","format":"standard","meta":{"footnotes":""},"categories":[4],"tags":[],"class_list":["post-8895","post","type-post","status-publish","format-standard","hentry","category-natura"],"_links":{"self":[{"href":"https:\/\/edublog.educastur.es\/ixuxu\/wp-json\/wp\/v2\/posts\/8895","targetHints":{"allow":["GET"]}}],"collection":[{"href":"https:\/\/edublog.educastur.es\/ixuxu\/wp-json\/wp\/v2\/posts"}],"about":[{"href":"https:\/\/edublog.educastur.es\/ixuxu\/wp-json\/wp\/v2\/types\/post"}],"author":[{"embeddable":true,"href":"https:\/\/edublog.educastur.es\/ixuxu\/wp-json\/wp\/v2\/users\/117"}],"replies":[{"embeddable":true,"href":"https:\/\/edublog.educastur.es\/ixuxu\/wp-json\/wp\/v2\/comments?post=8895"}],"version-history":[{"count":3,"href":"https:\/\/edublog.educastur.es\/ixuxu\/wp-json\/wp\/v2\/posts\/8895\/revisions"}],"predecessor-version":[{"id":8897,"href":"https:\/\/edublog.educastur.es\/ixuxu\/wp-json\/wp\/v2\/posts\/8895\/revisions\/8897"}],"wp:attachment":[{"href":"https:\/\/edublog.educastur.es\/ixuxu\/wp-json\/wp\/v2\/media?parent=8895"}],"wp:term":[{"taxonomy":"category","embeddable":true,"href":"https:\/\/edublog.educastur.es\/ixuxu\/wp-json\/wp\/v2\/categories?post=8895"},{"taxonomy":"post_tag","embeddable":true,"href":"https:\/\/edublog.educastur.es\/ixuxu\/wp-json\/wp\/v2\/tags?post=8895"}],"curies":[{"name":"wp","href":"https:\/\/api.w.org\/{rel}","templated":true}]}}