{"id":8899,"date":"2021-09-05T11:00:42","date_gmt":"2021-09-05T09:00:42","guid":{"rendered":"https:\/\/edublog.educastur.es\/ixuxu\/?p=8899"},"modified":"2021-09-05T18:26:36","modified_gmt":"2021-09-05T16:26:36","slug":"programa-miss-mister-tenral-asturiana","status":"publish","type":"post","link":"https:\/\/edublog.educastur.es\/ixuxu\/2021\/09\/programa-miss-mister-tenral-asturiana\/","title":{"rendered":"Programa Miss VACA y Mister G\u00dcE Tenral Asturiana"},"content":{"rendered":"<p style=\"text-align: center\">\n<!-- iframe plugin v.6.0 wordpress.org\/plugins\/iframe\/ -->\n<iframe loading=\"lazy\" width=\"505\" height=\"284\" src=\"https:\/\/www.youtube.com\/embed\/nVOZrs0y1YM\" 0=\"\/iframe\" scrolling=\"yes\" class=\"iframe-class\" frameborder=\"0\"><\/iframe>\n<\/p>\n<ul>\n<li><a href=\"https:\/\/www.rtpa.es\/tpa-programa-todos:Miss%20&amp;%20M%C3%ADster%20Ternera%20Asturiana_111628575991.html\">TPA: Miss y M\u00edster Ternera Asturiana<\/a><\/li>\n<li><a href=\"https:\/\/www.youtube.com\/watch?v=nVOZrs0y1YM\">Promo<\/a> \/<a href=\"https:\/\/www.rtpa.es\/tpa-programa-todos:Miss%20&amp;%20M%C3%ADster%20Ternera%20Asturiana_111628575991.html\"> TPA: toos<\/a> \/<a href=\"https:\/\/www.rtpa.es\/video:Miss%20&amp;%20Mister%20Ternera%20Asturiana_551630714723.html\"> Finalona 3 setiembre<\/a> \/<a href=\"https:\/\/www.rtpa.es\/video:Miss%20&amp;%20Mister%20Ternera%20Asturiana_551629107534.html\"> Cap. 1<\/a> \/ <a href=\"https:\/\/www.rtpa.es\/video:Miss%20&amp;%20Mister%20Ternera%20Asturiana_551629732882.html\">cap. 2<\/a> \/ <a href=\"https:\/\/www.rtpa.es\/video:Miss%20&amp;%20Mister%20Ternera%20Asturiana_551630107148.html\">Cap 3<\/a> \/<\/li>\n<\/ul>\n<p>Arantza Nieto, acompa\u00f1ada de Marisina, conducir\u00e1 el programa desde El Asturc\u00f3n, en Oviedo, en el que se elegir\u00e1 a la mejor vaca y el mejor toro de los valles y de la monta\u00f1a de Asturias.<\/p>\n<ul>\n<li><strong>GANADORES:<\/strong> <a href=\"https:\/\/twitter.com\/i\/status\/1433912889539239941\">Video Twitter<\/a> \/<br \/>\n<span class=\"css-901oao css-16my406 r-poiln3 r-bcqeeo r-qvutc0\"><span style=\"text-decoration: underline\"><span style=\"color: #008080;text-decoration: underline\">Miss Ternera Asturiana 2021:<\/span><\/span> <strong><a href=\"https:\/\/www.youtube.com\/watch?v=_IbGqXUfQSc\">Batalla<\/a> de la ganader\u00eda Iglesias<\/strong><br \/>\n<\/span><span class=\"css-901oao css-16my406 r-poiln3 r-bcqeeo r-qvutc0\"><span style=\"text-decoration: underline;color: #008080\">M\u00edster Ternera Asturiana 2021<\/span> <strong><a href=\"https:\/\/www.youtube.com\/watch?v=dNOFBVwTdZM\">Tiz\u00f3n<\/a> de la ganader\u00eda Peire<\/strong><\/span><\/li>\n<\/ul>\n<p><!--more--><\/p>\n<p>Primer <span style=\"color: #008080\">cow talent<\/span> de la televisi\u00f3n asturiana. Cuatro van ser los programes que van conformar el primer concursu televisivu que va escoyer a la meyor vaca y al meyor toru d&#8217;Asturies. Cuatro cap\u00edtulos nos que vamos conocer los participantes, el casting, les ganader\u00edes, la preparaci\u00f3n, les sos hestories y la so cotidianid\u00e1.<\/p>\n<ul>\n<li><a href=\"https:\/\/twitter.com\/hashtag\/MissYMisterTerneraAsturiana?src=hashtag_click\">Canal Twitter<\/a> \/ <a href=\"https:\/\/twitter.com\/i\/status\/1424457334546436097\">Videu<\/a> \/<a href=\"https:\/\/twitter.com\/terneraasturias\"> Ternera Asturiana<\/a> \/ <a href=\"https:\/\/www.youtube.com\/results?search_query=Miss+Y+M%C3%ADster+Ternera+Asturiana\">Youtube<\/a> \/<\/li>\n<li>Ganaderos MISS: <a href=\"https:\/\/www.youtube.com\/watch?v=iSKGUV_vHjU\">Brava<\/a> \/<a href=\"https:\/\/www.youtube.com\/watch?v=_IbGqXUfQSc\"> Batalla<\/a> \/ <a href=\"https:\/\/www.youtube.com\/watch?v=w4y9E5mG5hA\">Preciosa<\/a> \/<a href=\"https:\/\/www.youtube.com\/watch?v=ghuKIsfJ4Zc\"> Galana<\/a> \/<\/li>\n<li>Ganaderos MISTER:<a href=\"https:\/\/www.youtube.com\/watch?v=5ezywMb1tB4\"> Morey<\/a> \/ <a href=\"https:\/\/www.youtube.com\/watch?v=dNOFBVwTdZM\">Tiz\u00f3n<\/a> \/ <a href=\"https:\/\/www.youtube.com\/watch?v=h6qlTrVcCvs\">Sandungu<\/a> \/ <a href=\"https:\/\/www.youtube.com\/watch?v=87d8O8Yzvjo\">Triunfador<\/a> \/<\/li>\n<li><a href=\"https:\/\/www.youtube.com\/watch?v=5LPBLR1ROqk\">Gala 1 Semifinal Llanera<\/a> \/ <a href=\"https:\/\/www.youtube.com\/watch?v=_IbGqXUfQSc&amp;list=PLgNDRWekX9A2WY06EujMOFiesJi0NfLb3\">Finalistas<\/a> \/<a href=\"https:\/\/www.youtube.com\/playlist?list=PLgNDRWekX9A2WY06EujMOFiesJi0NfLb3\"> Llista<\/a> \/<\/li>\n<\/ul>\n<p>En cada semifinal van participar tr\u00e9s vaques y tr\u00e9s toros que competir\u00e1n por faese cola corona de Miss o M\u00edster occidente, oriente y centru. Nel oriente van participar am\u00e1s cinco exemplares del monte.<\/p>\n<p style=\"text-align: center\">\n<!-- iframe plugin v.6.0 wordpress.org\/plugins\/iframe\/ -->\n<iframe loading=\"lazy\" width=\"505\" height=\"284\" src=\"https:\/\/www.youtube.com\/embed\/5LPBLR1ROqk\" 0=\"\/iframe\" scrolling=\"yes\" class=\"iframe-class\" frameborder=\"0\"><\/iframe>\n<\/p>\n<ul>\n<li><a href=\"https:\/\/www.youtube.com\/watch?v=iSKGUV_vHjU\">Vaca Brava, Cangues d&#8217;Onis<\/a><\/li>\n<\/ul>\n\n<!-- iframe plugin v.6.0 wordpress.org\/plugins\/iframe\/ -->\n<iframe loading=\"lazy\" width=\"100%\" height=\"364\" src=\"https:\/\/www.youtube.com\/embed\/iSKGUV_vHjU\" scrolling=\"yes\" class=\"iframe-class\" frameborder=\"0\"><\/iframe>\n\n<ul>\n<li><a href=\"https:\/\/www.youtube.com\/watch?v=h6qlTrVcCvs\">G\u00fce Sandungu, Cangues d&#8217;Onis<\/a><\/li>\n<\/ul>\n\n<!-- iframe plugin v.6.0 wordpress.org\/plugins\/iframe\/ -->\n<iframe loading=\"lazy\" width=\"100%\" height=\"364\" src=\"https:\/\/www.youtube.com\/embed\/h6qlTrVcCvs\" scrolling=\"yes\" class=\"iframe-class\" frameborder=\"0\"><\/iframe>\n\n<p>&nbsp;<\/p>\n<p><a href=\"https:\/\/www.rtpa.es\/fotos\/\/21\/08\/871628517483_cfakepathpromoternera.jpg\"><img loading=\"lazy\" decoding=\"async\" class=\"aligncenter\" src=\"https:\/\/www.rtpa.es\/fotos\/\/21\/08\/871628517483_cfakepathpromoternera.jpg\" alt=\"\" width=\"485\" height=\"273\" \/><\/a><\/p>\n","protected":false},"excerpt":{"rendered":"<p>TPA: Miss y M\u00edster Ternera Asturiana Promo \/ TPA: toos \/ Finalona 3 setiembre \/ Cap. 1 \/ cap. 2 \/ Cap 3 \/ Arantza Nieto, acompa\u00f1ada de Marisina, conducir\u00e1 el programa desde El Asturc\u00f3n, en Oviedo, en el que se elegir\u00e1 a la mejor vaca y el mejor toro de los valles y de [&hellip;]<\/p>\n","protected":false},"author":117,"featured_media":0,"comment_status":"open","ping_status":"open","sticky":false,"template":"","format":"standard","meta":{"footnotes":""},"categories":[59],"tags":[],"class_list":["post-8899","post","type-post","status-publish","format-standard","hentry","category-rtpa"],"_links":{"self":[{"href":"https:\/\/edublog.educastur.es\/ixuxu\/wp-json\/wp\/v2\/posts\/8899","targetHints":{"allow":["GET"]}}],"collection":[{"href":"https:\/\/edublog.educastur.es\/ixuxu\/wp-json\/wp\/v2\/posts"}],"about":[{"href":"https:\/\/edublog.educastur.es\/ixuxu\/wp-json\/wp\/v2\/types\/post"}],"author":[{"embeddable":true,"href":"https:\/\/edublog.educastur.es\/ixuxu\/wp-json\/wp\/v2\/users\/117"}],"replies":[{"embeddable":true,"href":"https:\/\/edublog.educastur.es\/ixuxu\/wp-json\/wp\/v2\/comments?post=8899"}],"version-history":[{"count":11,"href":"https:\/\/edublog.educastur.es\/ixuxu\/wp-json\/wp\/v2\/posts\/8899\/revisions"}],"predecessor-version":[{"id":9522,"href":"https:\/\/edublog.educastur.es\/ixuxu\/wp-json\/wp\/v2\/posts\/8899\/revisions\/9522"}],"wp:attachment":[{"href":"https:\/\/edublog.educastur.es\/ixuxu\/wp-json\/wp\/v2\/media?parent=8899"}],"wp:term":[{"taxonomy":"category","embeddable":true,"href":"https:\/\/edublog.educastur.es\/ixuxu\/wp-json\/wp\/v2\/categories?post=8899"},{"taxonomy":"post_tag","embeddable":true,"href":"https:\/\/edublog.educastur.es\/ixuxu\/wp-json\/wp\/v2\/tags?post=8899"}],"curies":[{"name":"wp","href":"https:\/\/api.w.org\/{rel}","templated":true}]}}