{"id":8904,"date":"2021-08-14T09:00:58","date_gmt":"2021-08-14T07:00:58","guid":{"rendered":"https:\/\/edublog.educastur.es\/ixuxu\/?p=8904"},"modified":"2021-08-15T18:46:46","modified_gmt":"2021-08-15T16:46:46","slug":"tiempu-agua-nasturies","status":"publish","type":"post","link":"https:\/\/edublog.educastur.es\/ixuxu\/2021\/08\/tiempu-agua-nasturies\/","title":{"rendered":"Tiempu: Agua n&#8217;Asturies"},"content":{"rendered":"<h4 style=\"text-align: center\"><img loading=\"lazy\" decoding=\"async\" class=\"alignnone \" src=\"https:\/\/www.rtpa.es\/fotos\/\/21\/08\/20210814201503_RTPA1107858.jpg\" width=\"425\" height=\"239\" \/><\/h4>\n<h4 class=\"font-size-l padding-b-20\" style=\"text-align: center\"><span style=\"color: #008080\"><em>Calor afogadizu nel restu d&#8217;Espa\u00f1a<\/em><\/span><\/h4>\n<p><em>Cuasi un llitru y mediu d&#8217;agua per metru cuadr\u00e1u recoy\u00f3se esta ma\u00f1ana en Colunga que se convirti\u00f3 nel llugar onde m\u00e1s llovi\u00f3 de toa Espa\u00f1a. Eso equ\u00ed. En Ja\u00e9n, por exemplu, esta madrugada -con unes cais ermes- taben a 35 graos, una temperatura que g\u00fcei va a superase en dellos puntos d&#8217;Espa\u00f1a.<\/em><\/p>\n<ul>\n<li><a href=\"https:\/\/www.rtpa.es\/noticias-asturias-ast:Lluvia-en-Asturias_111628944395.html?fbclid=IwAR2S4znbWzmUlKmpFwjqSr4_S0EL3Jvu0INQ8rGAcFux5Z01v141NwkmP2Q\">Fonte noticia: RTPA<\/a><\/li>\n<\/ul>\n<section class=\"contenido pull-top-contenido\">\n<div class=\"container\">\n<div class=\"row\">\n<div class=\"col-lg-8 col-md-12 col-xs-12\">\n<div id=\"noticiacompleta\" class=\"contenido-padding-resp parragraph-padding font-c-conent\">\n<p><!--more--><\/p>\n<p>N&#8217;Asturies alendamos un branu distintu que nos salva de la fola de calor estremu. Les temperatures son suaves y si destacamos por daqu\u00e9 ye pol agua.<\/p>\n<p>Con un gran bastiazu espertaron en Colunga esta ma\u00f1ana. Chubasqueros y parag\u00fces sustituy\u00eden al ba\u00f1ador y la sombriella, anque dellos valientes meti\u00e9ronse n&#8217;agua. Y ye qu&#8217;esti tiempu nun disgusta a tol mundu.<\/p>\n<p>Uvi\u00e9u ye otru de los llugares onde m\u00e1s llovi\u00f3. G\u00fcei&#8217;l tiempu meyor\u00f3 con orbayu, pero les temperatures nun llegaron a los 20 graos. Munchu turista vino a la capital pa fuxir de la fola de calor qu&#8217;azota a cuasi tol pa\u00eds.<\/p>\n<p>Pero los asturianos echamos de menos el branu. Con resignaci\u00f3n, toles nueses esperances pal bon tiempu y\u00e1 t\u00e1n puestes en setiembre.<\/p>\n<p><strong>Calor afogadizu nel restu d&#8217;Espa\u00f1a<\/strong><\/p>\n<p>M\u00e1s de 15 provincies sufren un calor estremu que pinta de colorao y naranxa&#8217;l mapa espa\u00f1ol. En Madrid, pasaron una nueche con temperatures superiores a los 30 graos.<\/p>\n<p>La fola de calor va algamar el so puntu m\u00e1s cr\u00edticu esti fin de selmana. Seg\u00fan l&#8217;Aemet, les previsiones pa esti s\u00e1badu van llegar a temperatures tan altes, que y\u00e1 se considera como unu de los d\u00edes m\u00e1s calurosos de los \u00faltimos a\u00f1os.<\/p>\n<p>El calor estremu del Norte d&#8217;\u00c1frica ta dexando unes altes temperatures na pen\u00ednsula y les zones de los dos archipi\u00e9lagos. Y\u00e1 son 15, les comunidaes que t\u00e1n n&#8217;alerta, Andaluc\u00eda, Arag\u00f3n, Catalu\u00f1a y la Comunid\u00e1 Valenciana t\u00e1n en riesgu estremu.<\/p>\n<p>Los term\u00f3metros van llegar a los 46 graos en zones como&#8217;l campu cordob\u00e9s, pero nun queden atr\u00e1s Huelva, Sevilla o Ja\u00e9n, onde van llegar a rondar tami\u00e9n los 46 graos.<\/p>\n<p>A lo llargo d&#8217;esti fin de selmana, tendr\u00e1n qu&#8217;aumentar los procuros pa evitar golpes de calor, caltenese en llugares abellugaos del sol y como siempres, beber agua.<\/p>\n<\/div>\n<\/div>\n<div class=\"col-lg-4 col-md-12 col-xs-12\">\n<div class=\"cover-intro-detalle-noticia\">\n<div class=\"cover-padding-resp padding-b-15 padding-l-16\"><\/div>\n<\/div>\n<div id=\"ctd-noticias-relacionadas\">\n<div class=\"cover-intro-detalle-noticia margin-t-30\">\n<ul class=\"\">\n<li><a class=\"font-size-m display-b  padding-10 padding-l-16 cbtn-focus\" href=\"https:\/\/www.rtpa.es\/noticias-asturias:Asturias-se-escapa-del-sofocante-calor_111625922355.html\">Asturias se escapa del sofocante calor<\/a><\/li>\n<\/ul>\n<\/div>\n<\/div>\n<div class=\"margin-t-20 margin-b-20\"><\/div>\n<\/div>\n<\/div>\n<\/div>\n<\/section>\n<p>&nbsp;<\/p>\n","protected":false},"excerpt":{"rendered":"<p>Calor afogadizu nel restu d&#8217;Espa\u00f1a Cuasi un llitru y mediu d&#8217;agua per metru cuadr\u00e1u recoy\u00f3se esta ma\u00f1ana en Colunga que se convirti\u00f3 nel llugar onde m\u00e1s llovi\u00f3 de toa Espa\u00f1a. Eso equ\u00ed. En Ja\u00e9n, por exemplu, esta madrugada -con unes cais ermes- taben a 35 graos, una temperatura que g\u00fcei va a superase en dellos [&hellip;]<\/p>\n","protected":false},"author":117,"featured_media":0,"comment_status":"open","ping_status":"open","sticky":false,"template":"","format":"standard","meta":{"footnotes":""},"categories":[5],"tags":[],"class_list":["post-8904","post","type-post","status-publish","format-standard","hentry","category-tiempu"],"_links":{"self":[{"href":"https:\/\/edublog.educastur.es\/ixuxu\/wp-json\/wp\/v2\/posts\/8904","targetHints":{"allow":["GET"]}}],"collection":[{"href":"https:\/\/edublog.educastur.es\/ixuxu\/wp-json\/wp\/v2\/posts"}],"about":[{"href":"https:\/\/edublog.educastur.es\/ixuxu\/wp-json\/wp\/v2\/types\/post"}],"author":[{"embeddable":true,"href":"https:\/\/edublog.educastur.es\/ixuxu\/wp-json\/wp\/v2\/users\/117"}],"replies":[{"embeddable":true,"href":"https:\/\/edublog.educastur.es\/ixuxu\/wp-json\/wp\/v2\/comments?post=8904"}],"version-history":[{"count":2,"href":"https:\/\/edublog.educastur.es\/ixuxu\/wp-json\/wp\/v2\/posts\/8904\/revisions"}],"predecessor-version":[{"id":8906,"href":"https:\/\/edublog.educastur.es\/ixuxu\/wp-json\/wp\/v2\/posts\/8904\/revisions\/8906"}],"wp:attachment":[{"href":"https:\/\/edublog.educastur.es\/ixuxu\/wp-json\/wp\/v2\/media?parent=8904"}],"wp:term":[{"taxonomy":"category","embeddable":true,"href":"https:\/\/edublog.educastur.es\/ixuxu\/wp-json\/wp\/v2\/categories?post=8904"},{"taxonomy":"post_tag","embeddable":true,"href":"https:\/\/edublog.educastur.es\/ixuxu\/wp-json\/wp\/v2\/tags?post=8904"}],"curies":[{"name":"wp","href":"https:\/\/api.w.org\/{rel}","templated":true}]}}