{"id":8927,"date":"2021-08-05T10:00:12","date_gmt":"2021-08-05T08:00:12","guid":{"rendered":"https:\/\/edublog.educastur.es\/ixuxu\/?p=8927"},"modified":"2021-08-15T19:37:15","modified_gmt":"2021-08-15T17:37:15","slug":"somos-voces-programa-dedicau-a-les-agrupaciones-corales-del-principau","status":"publish","type":"post","link":"https:\/\/edublog.educastur.es\/ixuxu\/2021\/08\/somos-voces-programa-dedicau-a-les-agrupaciones-corales-del-principau\/","title":{"rendered":"Somos voces: programa dedic\u00e1u a les agrupaciones corales del Princip\u00e1u."},"content":{"rendered":"<p style=\"text-align: center\"><img loading=\"lazy\" decoding=\"async\" class=\"alignnone \" src=\"https:\/\/tinypix.top\/images\/2021\/08\/15\/vqR9Z.png\" width=\"537\" height=\"302\" \/><\/p>\n<p><span class=\"d2edcug0 hpfvmrgz qv66sw1b c1et5uql lr9zc1uh a8c37x1j keod5gw0 nxhoafnm aigsh9s9 d3f4x2em fe6kdd0r mau55g9w c8b282yb iv3no6db jq4qci2q a3bd9o3v knj5qynh oo9gr5id hzawbc8m\" dir=\"auto\"><span style=\"color: #008080\">Somos voces<\/span> ye un programa dedic\u00e1u a les agrupaciones corales del Princip\u00e1u. De la mano de Ismael Arias vamos percorrer la hestoria de la m\u00fasica coral n&#8217;Asturies recuperando actuaciones de estos 15 a\u00f1os d\u2019esistencia de RTPA. Esta nueche, a les 23:30, en <a class=\"oajrlxb2 g5ia77u1 qu0x051f esr5mh6w e9989ue4 r7d6kgcz rq0escxv nhd2j8a9 nc684nl6 p7hjln8o kvgmc6g5 cxmmr5t8 oygrvhab hcukyx3x jb3vyjys rz4wbd8a qt6c0cv9 a8nywdso i1ao9s8h esuyzwwr f1sip0of lzcic4wl q66pz984 gpro0wi8 b1v8xokw\" role=\"link\" href=\"https:\/\/www.facebook.com\/hashtag\/rpa?__eep__=6&amp;__cft__[0]=AZXVAbPjZ95rlQtYQs_yJEYV4AEh3nqWcK74KyiHaLAvjTVmZFvTyVid2yFEjZskejuC1C5OhfVelXRFjkdrwhRao7hcMA0VRq1RMDN05SEOtHeA_49WeMBdPoRC0n_jzpEhE6tZHfylgRirLSYk54ZSrbDGD3902u-N_SP1XUdQnVI5_CcymK9w63hfKwu3Roc&amp;__tn__=*NK-y-R\">#RPA<\/a><\/span><\/p>\n<ul>\n<li><a href=\"https:\/\/www.rtpa.es\/tpa-programa-todos:Somos%20voces%20_111620393081.html\">Ver SOMOS VOCES<\/a><\/li>\n<\/ul>\n<div class=\"format-content-p margin-t-5\">\n<p>Un programa p\u2019esfrutar de les actuaciones d&#8217;ochotes, orfeones, corales, cuartetos, de la riqueza musical d&#8217;Asturies.<\/p>\n<\/div>\n","protected":false},"excerpt":{"rendered":"<p>Somos voces ye un programa dedic\u00e1u a les agrupaciones corales del Princip\u00e1u. De la mano de Ismael Arias vamos percorrer la hestoria de la m\u00fasica coral n&#8217;Asturies recuperando actuaciones de estos 15 a\u00f1os d\u2019esistencia de RTPA. Esta nueche, a les 23:30, en #RPA Ver SOMOS VOCES Un programa p\u2019esfrutar de les actuaciones d&#8217;ochotes, orfeones, corales, [&hellip;]<\/p>\n","protected":false},"author":117,"featured_media":0,"comment_status":"open","ping_status":"open","sticky":false,"template":"","format":"standard","meta":{"footnotes":""},"categories":[59,27],"tags":[],"class_list":["post-8927","post","type-post","status-publish","format-standard","hentry","category-rtpa","category-tv"],"_links":{"self":[{"href":"https:\/\/edublog.educastur.es\/ixuxu\/wp-json\/wp\/v2\/posts\/8927","targetHints":{"allow":["GET"]}}],"collection":[{"href":"https:\/\/edublog.educastur.es\/ixuxu\/wp-json\/wp\/v2\/posts"}],"about":[{"href":"https:\/\/edublog.educastur.es\/ixuxu\/wp-json\/wp\/v2\/types\/post"}],"author":[{"embeddable":true,"href":"https:\/\/edublog.educastur.es\/ixuxu\/wp-json\/wp\/v2\/users\/117"}],"replies":[{"embeddable":true,"href":"https:\/\/edublog.educastur.es\/ixuxu\/wp-json\/wp\/v2\/comments?post=8927"}],"version-history":[{"count":2,"href":"https:\/\/edublog.educastur.es\/ixuxu\/wp-json\/wp\/v2\/posts\/8927\/revisions"}],"predecessor-version":[{"id":8929,"href":"https:\/\/edublog.educastur.es\/ixuxu\/wp-json\/wp\/v2\/posts\/8927\/revisions\/8929"}],"wp:attachment":[{"href":"https:\/\/edublog.educastur.es\/ixuxu\/wp-json\/wp\/v2\/media?parent=8927"}],"wp:term":[{"taxonomy":"category","embeddable":true,"href":"https:\/\/edublog.educastur.es\/ixuxu\/wp-json\/wp\/v2\/categories?post=8927"},{"taxonomy":"post_tag","embeddable":true,"href":"https:\/\/edublog.educastur.es\/ixuxu\/wp-json\/wp\/v2\/tags?post=8927"}],"curies":[{"name":"wp","href":"https:\/\/api.w.org\/{rel}","templated":true}]}}