{"id":9053,"date":"2021-08-19T10:51:04","date_gmt":"2021-08-19T08:51:04","guid":{"rendered":"https:\/\/edublog.educastur.es\/ixuxu\/?p=9053"},"modified":"2021-08-19T10:51:23","modified_gmt":"2021-08-19T08:51:23","slug":"feches-de-la-viii-edicion-del-ochobre-folk-en-mieres","status":"publish","type":"post","link":"https:\/\/edublog.educastur.es\/ixuxu\/2021\/08\/feches-de-la-viii-edicion-del-ochobre-folk-en-mieres\/","title":{"rendered":"VIII edici\u00f3n del Ochobre Folk, en Mieres."},"content":{"rendered":"<div class=\"o9v6fnle cxmmr5t8 oygrvhab hcukyx3x c1et5uql ii04i59q\">\n<div dir=\"auto\" style=\"text-align: center\"><img loading=\"lazy\" decoding=\"async\" class=\"alignnone size-full\" src=\"https:\/\/tinypix.top\/images\/2021\/08\/19\/v95TJ.jpg\" width=\"851\" height=\"315\" \/><\/div>\n<div dir=\"auto\"><\/div>\n<div dir=\"auto\">Feches de la <span style=\"color: #008080\"><strong>VIII edici\u00f3n del Ochobre Folk<\/strong><\/span>, 8 y 9 d&#8217;Ochobre, en Mieres del Cam\u00edn<\/div>\n<\/div>\n<div class=\"o9v6fnle cxmmr5t8 oygrvhab hcukyx3x c1et5uql ii04i59q\">\n<div dir=\"auto\">Una edici\u00f3n que vien cargada de talleres, charres y conciertos!<\/div>\n<ul>\n<li><span style=\"color: #008080\"><strong>Ochobre Folk<\/strong><\/span>: <a href=\"https:\/\/www.facebook.com\/ochobrefolk\/\">Facebook<\/a> \/<\/li>\n<\/ul>\n<\/div>\n<div class=\"o9v6fnle cxmmr5t8 oygrvhab hcukyx3x c1et5uql ii04i59q\">\n<div dir=\"auto\"><\/div>\n<\/div>\n","protected":false},"excerpt":{"rendered":"<p>Feches de la VIII edici\u00f3n del Ochobre Folk, 8 y 9 d&#8217;Ochobre, en Mieres del Cam\u00edn Una edici\u00f3n que vien cargada de talleres, charres y conciertos! Ochobre Folk: Facebook \/<\/p>\n","protected":false},"author":117,"featured_media":0,"comment_status":"open","ping_status":"open","sticky":false,"template":"","format":"standard","meta":{"footnotes":""},"categories":[204,35],"tags":[],"class_list":["post-9053","post","type-post","status-publish","format-standard","hentry","category-festivales","category-musica"],"_links":{"self":[{"href":"https:\/\/edublog.educastur.es\/ixuxu\/wp-json\/wp\/v2\/posts\/9053","targetHints":{"allow":["GET"]}}],"collection":[{"href":"https:\/\/edublog.educastur.es\/ixuxu\/wp-json\/wp\/v2\/posts"}],"about":[{"href":"https:\/\/edublog.educastur.es\/ixuxu\/wp-json\/wp\/v2\/types\/post"}],"author":[{"embeddable":true,"href":"https:\/\/edublog.educastur.es\/ixuxu\/wp-json\/wp\/v2\/users\/117"}],"replies":[{"embeddable":true,"href":"https:\/\/edublog.educastur.es\/ixuxu\/wp-json\/wp\/v2\/comments?post=9053"}],"version-history":[{"count":3,"href":"https:\/\/edublog.educastur.es\/ixuxu\/wp-json\/wp\/v2\/posts\/9053\/revisions"}],"predecessor-version":[{"id":9057,"href":"https:\/\/edublog.educastur.es\/ixuxu\/wp-json\/wp\/v2\/posts\/9053\/revisions\/9057"}],"wp:attachment":[{"href":"https:\/\/edublog.educastur.es\/ixuxu\/wp-json\/wp\/v2\/media?parent=9053"}],"wp:term":[{"taxonomy":"category","embeddable":true,"href":"https:\/\/edublog.educastur.es\/ixuxu\/wp-json\/wp\/v2\/categories?post=9053"},{"taxonomy":"post_tag","embeddable":true,"href":"https:\/\/edublog.educastur.es\/ixuxu\/wp-json\/wp\/v2\/tags?post=9053"}],"curies":[{"name":"wp","href":"https:\/\/api.w.org\/{rel}","templated":true}]}}