{"id":9134,"date":"2021-08-20T11:00:20","date_gmt":"2021-08-20T09:00:20","guid":{"rendered":"https:\/\/edublog.educastur.es\/ixuxu\/?p=9134"},"modified":"2021-08-21T22:04:53","modified_gmt":"2021-08-21T20:04:53","slug":"dia-mundial-del-mosquitu","status":"publish","type":"post","link":"https:\/\/edublog.educastur.es\/ixuxu\/2021\/08\/dia-mundial-del-mosquitu\/","title":{"rendered":"D\u00eda Mundial del Mosquitu"},"content":{"rendered":"<p><a href=\"https:\/\/img2.rtve.es\/i\/?w=1600&amp;i=1553857501631.jpg\"><img loading=\"lazy\" decoding=\"async\" class=\"aligncenter\" src=\"https:\/\/img2.rtve.es\/i\/?w=1600&amp;i=1553857501631.jpg\" alt=\"\" width=\"371\" height=\"209\" \/><\/a><\/p>\n<p>El 20 d&#8217;agostu celebra&#8217;l <a href=\"https:\/\/www.diainternacionalde.com\/ficha\/dia-mundial-mosquito\"><strong><span style=\"color: #008080\">D\u00eda Mundial del Mosquitu<\/span> <\/strong><\/a>en tol mundu en memoria del doctor brit\u00e1nicu <a href=\"https:\/\/es.wikipedia.org\/wiki\/Ronald_Ross\"><strong><span style=\"color: #008080\">Sir Ronald Ross<\/span><\/strong><\/a>, l&#8217;epidemi\u00f3logu qu&#8217;afay\u00f3 que <a href=\"https:\/\/es.wikipedia.org\/wiki\/Mosquito\">los mosquitos<\/a> fema son los responsables de tresmitir la enfermed\u00e1 infeiciosa de <a href=\"https:\/\/es.wikipedia.org\/wiki\/Malaria\"><span style=\"color: #008080\">la malaria<\/span> <\/a>ente los humanos (<a href=\"https:\/\/www.google.com\/search?q=malaria&amp;client=firefox-b-d&amp;sxsrf=ALeKk0199IDvtD1CWw0D5ClKwWnrax73SQ:1629548184768&amp;source=lnms&amp;tbm=isch&amp;sa=X&amp;ved=2ahUKEwjc6MmFjMLyAhUjDGMBHSaQApMQ_AUoAXoECAEQAw&amp;biw=1536&amp;bih=739\">semeyes<\/a>).<\/p>\n<ul>\n<li><strong>Mosquitu<\/strong> \/ <a href=\"https:\/\/es.wikipedia.org\/wiki\/Mosquito\">wiki<\/a> \/ <a href=\"https:\/\/www.google.com\/search?q=mosquito&amp;client=firefox-b-d&amp;sxsrf=ALeKk039Gi5GVbQY-C21e63RvDgV9BveEw:1629548064920&amp;source=lnms&amp;tbm=isch&amp;sa=X&amp;ved=2ahUKEwjY1LbMi8LyAhVcA2MBHT-BAZYQ_AUoAXoECAEQAw&amp;biw=1536&amp;bih=739\">semeyes<\/a> \/<\/li>\n<\/ul>\n<p><!--more--><\/p>\n<p>Foi&#8217;l 20 d&#8217;agostu de 1897 cuando esti m\u00e9dicu ingl\u00e9s afay\u00f3 la relaci\u00f3n ente la tresmisi\u00f3n de la enfermed\u00e1 de la malaria y la picadura de los mosquitos fema.<\/p>\n<p>&nbsp;<\/p>\n<p>Nel mundu notif\u00edquense millones de casos de malaria, munchos d&#8217;ellos con consecuencies mortales, y ye por ello, que&#8217;l descubrimientu d&#8217;esti doctor brit\u00e1nicu tuvo xuna importancia crucial pa la erradicaci\u00f3n d&#8217;estes enfermedaes tropicales como la malaria, el dengue, la fiebre mariello y el zika.<\/p>\n<p>Pa munches d&#8217;estes enfermedaes nun esiste vacuna nin cura, y por tanto, la meyor arma pa la so erradicaci\u00f3n ye la prevenci\u00f3n de les picadures d&#8217;insectos. El D\u00eda Mundial del Mosquitu ye xuna oportunid\u00e1 \u00fanica pa concenciar sobro&#8217;l peligru de les enfermedaes tresmit\u00edes por mosquitos.<\/p>\n<p style=\"text-align: center\"><a href=\"https:\/\/www.mayoclinic.org\/-\/media\/kcms\/gbs\/patient-consumer\/images\/2013\/08\/26\/10\/13\/ds00475_im00175_mcdc7_malaria_transmitthu_jpg.jpg\"><img loading=\"lazy\" decoding=\"async\" class=\"alignnone\" src=\"https:\/\/www.mayoclinic.org\/-\/media\/kcms\/gbs\/patient-consumer\/images\/2013\/08\/26\/10\/13\/ds00475_im00175_mcdc7_malaria_transmitthu_jpg.jpg\" alt=\"\" width=\"632\" height=\"466\" \/><\/a><\/p>\n<p style=\"text-align: center\"><a href=\"https:\/\/static.vecteezy.com\/system\/resources\/previews\/001\/778\/112\/non_2x\/malaria-symptom-information-infographic-free-vector.jpg\"><img loading=\"lazy\" decoding=\"async\" class=\"alignnone\" src=\"https:\/\/static.vecteezy.com\/system\/resources\/previews\/001\/778\/112\/non_2x\/malaria-symptom-information-infographic-free-vector.jpg\" alt=\"\" width=\"2040\" height=\"980\" \/><\/a><\/p>\n<p style=\"text-align: center\"><a href=\"https:\/\/img.europapress.es\/fotoweb\/fotonoticia_20170425151150_1200.jpg\"><img loading=\"lazy\" decoding=\"async\" class=\"alignnone\" src=\"https:\/\/img.europapress.es\/fotoweb\/fotonoticia_20170425151150_1200.jpg\" alt=\"\" width=\"1200\" height=\"708\" \/><\/a><\/p>\n<p style=\"text-align: center\"><a href=\"https:\/\/imagenes.heraldo.es\/files\/article_amp\/files\/fp\/uploads\/imagenes\/2014\/08\/26\/_infomalaria_7ea3a031.r_d.411-203-0.jpg\"><img loading=\"lazy\" decoding=\"async\" class=\"alignnone\" src=\"https:\/\/imagenes.heraldo.es\/files\/article_amp\/files\/fp\/uploads\/imagenes\/2014\/08\/26\/_infomalaria_7ea3a031.r_d.411-203-0.jpg\" alt=\"\" width=\"1200\" height=\"675\" \/><\/a><\/p>\n<p>&nbsp;<\/p>\n","protected":false},"excerpt":{"rendered":"<p>El 20 d&#8217;agostu celebra&#8217;l D\u00eda Mundial del Mosquitu en tol mundu en memoria del doctor brit\u00e1nicu Sir Ronald Ross, l&#8217;epidemi\u00f3logu qu&#8217;afay\u00f3 que los mosquitos fema son los responsables de tresmitir la enfermed\u00e1 infeiciosa de la malaria ente los humanos (semeyes). Mosquitu \/ wiki \/ semeyes \/<\/p>\n","protected":false},"author":117,"featured_media":0,"comment_status":"open","ping_status":"open","sticky":false,"template":"","format":"standard","meta":{"footnotes":""},"categories":[6],"tags":[],"class_list":["post-9134","post","type-post","status-publish","format-standard","hentry","category-dia-de"],"_links":{"self":[{"href":"https:\/\/edublog.educastur.es\/ixuxu\/wp-json\/wp\/v2\/posts\/9134","targetHints":{"allow":["GET"]}}],"collection":[{"href":"https:\/\/edublog.educastur.es\/ixuxu\/wp-json\/wp\/v2\/posts"}],"about":[{"href":"https:\/\/edublog.educastur.es\/ixuxu\/wp-json\/wp\/v2\/types\/post"}],"author":[{"embeddable":true,"href":"https:\/\/edublog.educastur.es\/ixuxu\/wp-json\/wp\/v2\/users\/117"}],"replies":[{"embeddable":true,"href":"https:\/\/edublog.educastur.es\/ixuxu\/wp-json\/wp\/v2\/comments?post=9134"}],"version-history":[{"count":5,"href":"https:\/\/edublog.educastur.es\/ixuxu\/wp-json\/wp\/v2\/posts\/9134\/revisions"}],"predecessor-version":[{"id":9188,"href":"https:\/\/edublog.educastur.es\/ixuxu\/wp-json\/wp\/v2\/posts\/9134\/revisions\/9188"}],"wp:attachment":[{"href":"https:\/\/edublog.educastur.es\/ixuxu\/wp-json\/wp\/v2\/media?parent=9134"}],"wp:term":[{"taxonomy":"category","embeddable":true,"href":"https:\/\/edublog.educastur.es\/ixuxu\/wp-json\/wp\/v2\/categories?post=9134"},{"taxonomy":"post_tag","embeddable":true,"href":"https:\/\/edublog.educastur.es\/ixuxu\/wp-json\/wp\/v2\/tags?post=9134"}],"curies":[{"name":"wp","href":"https:\/\/api.w.org\/{rel}","templated":true}]}}