{"id":9140,"date":"2021-08-20T14:00:47","date_gmt":"2021-08-20T12:00:47","guid":{"rendered":"https:\/\/edublog.educastur.es\/ixuxu\/?p=9140"},"modified":"2021-08-21T14:42:48","modified_gmt":"2021-08-21T12:42:48","slug":"lanu-dasturies-en-lorient","status":"publish","type":"post","link":"https:\/\/edublog.educastur.es\/ixuxu\/2021\/08\/lanu-dasturies-en-lorient\/","title":{"rendered":"L\u2019A\u00f1u d\u2019Asturies en Lorient"},"content":{"rendered":"<p style=\"text-align: center\"><img loading=\"lazy\" decoding=\"async\" class=\"alignnone size-full\" src=\"https:\/\/asturies.com\/sites\/default\/files\/styles\/large\/public\/felpeyu_nel_l_festival_interceltique_de_lorient.jpg?itok=dPr1Tbu6\" width=\"458\" height=\"343\" \/><\/p>\n<p style=\"text-align: center\"><em>Na semeya, actuaci\u00f3n de Felpeyu la tarde del s\u00e1badu nel Sc\u00e8ne Bretagne.<\/em><\/p>\n<ul>\n<li class=\"title page-title\"><a href=\"https:\/\/asturies.com\/noticies\/lanu-dasturies-en-lorient-va-valir-pamosar-el-potencial-que-tien-el-pais-no-turistico-y-no?fbclid=IwAR2w4VCKp2RedLWlDL3T1eH_tcRqos-g97Czxu00oFYBqBU4eQxqpEZ7UAQ\">\u201cL\u2019A\u00f1u d\u2019Asturies en Lorient va valir p\u2019amosar el potencial que tien el pa\u00eds no tur\u00edstico y no cultural\u201d, avanza Santianes<\/a><\/li>\n<\/ul>\n<div class=\"field field-name-body field-type-text-with-summary field-label-hidden\">\n<div class=\"field-items\">\n<div class=\"field-item even\">\n<p>La organizaci\u00f3n del Festival Interceltique de Lorient ta faciendo balance de la edici\u00f3n \u00faltima, la del cincuenta aniversariu, con 300.000 asistentes nos diez d\u00edes de certame, enantes de ponese a trabayar a partir de setiembre no que va ser l\u2019A\u00f1u d\u2019Asturies. Una edici\u00f3n que<em><strong><span style=\"color: #008080\"> \u201cva valir p\u2019amosar el potencial que tien el pa\u00eds no tur\u00edstico y no cultural\u201d<\/span><\/strong><\/em>, espresa I\u00f1aki Santianes, responsable de la delegaci\u00f3n asturiana.<\/p>\n<ul>\n<li><a href=\"https:\/\/www.flickr.com\/photos\/festivalinterceltiquelorient\/?fbclid=IwAR2qLQ_PihPPHIU1vLC6Ind8jJaoPHU-Skx03GzytbVRxj_KIC4yXma3ZHw\">Semeyes d\u00b4esta edici\u00f3n<\/a> \/ <a href=\"https:\/\/www.facebook.com\/festival.interceltique.lorient\/\">Facebook<\/a> \/ <a href=\"https:\/\/www.festival-interceltique.bzh\/?fbclid=IwAR0xHVn0kFZUUkpSRmkyMKECZGjKTvguR_KnL_Dt_tqbvzkvNF6smD-_ZwQ\">web<\/a><\/li>\n<\/ul>\n<p><!--more--><\/p>\n<p><em>\u201cEl primer balance que se pue facer del festival d\u2019esti a\u00f1u ye mui positivu. Hab\u00eda inquiet\u00fa pol tol asuntu de la pandemia, pero hebo bones taquilles y bones asistencies de p\u00fablicu\u201d<\/em>, apunta. Asina, tolos espect\u00e1culos del Espace Marine, qu\u2019esti a\u00f1u cont\u00f3 con un aforu m\u00e1ximu de 2.500 espectadores, tuvo entraes de m\u00e1s de 2.000 persones, y nel Sc\u00e8ne Bretagne anduvo al rodiu del 80 por cientu.<\/p>\n<p>En total, calc\u00falase que pasaron pel festival 300.000 persones, <em>\u201cel 50 por cientu d\u2019una edici\u00f3n normal, que suel tar sobre les 600.000\u201d<\/em>. Unes cifres que dexen satisfecha a la organizaci\u00f3n, de la que sal por xubilaci\u00f3n Lisardo Lombard\u00eda, con Jean-Philippe Mauras como sustitutu na direici\u00f3n.<\/p>\n<p>El llavian\u00e9s, al frente del certame dende\u2019l 2007, recibi\u00f3 un homenaxe nuevu por parte del festival na tarde del vienres, nel que tuvo presente\u2019l gaiteru gallegu Carlos N\u00fa\u00f1ez y l\u2019alcalde d\u2019An Oriant, Fabrice Loher, ente otros. Una amuesa m\u00e1s del ci\u00f1u que dexa na poblaci\u00f3n bretona.<\/p>\n<p><strong>Presencia asturiana<\/strong><\/p>\n<p>La delegaci\u00f3n asturiana, daes les circunstancies actuales pola pandemia, nun pudo ser numberosa, pero dex\u00f3\u2019l pabell\u00f3n altu.<em> \u201cEl conciertu d\u2019Hevia, Amb\u00e1s y Rams\u00e9s cola orquesta tuvo una mui bona aceptaci\u00f3n del p\u00fablicu, el movimientu asturianu de Ram\u00f3n Prada gust\u00f3 muncho y el conxuntu de la obra foi espectacular. Va ser un referente\u201d<\/em>, esplica Santianes sobre l\u2019espect\u00e1culu \u2018Finisterres celtiques\u2019, qu\u2019axunt\u00f3 a m\u00e1s de 2.000 persones y que pr\u00f3ximamente se ver\u00e1 n\u2019otros escenarios, y\u00e1 s\u00eda por movimientos concretos o de manera completa.<\/p>\n<p><em>\u201cFelpeyu tami\u00e9n gust\u00f3 muncho al p\u00fablicu y la banda qued\u00f3 mui contenta, con ganes de repetir nuna situaci\u00f3n normal\u201d<\/em>, a\u00f1ade. Complet\u00f3 la representaci\u00f3n asturiana Muga, tr\u00edu astrubret\u00f3n con Clara Diez na voz que tien sede n\u2019An Oriant, polo que, oficialmente, nun forma parte de la delegaci\u00f3n.<\/p>\n<p>Una vegada finada la edici\u00f3n, y llueu d\u2019unes selmanes de balance y descansu, el trabayu va retomase en setiembre col retu d\u2019organizar xunto col equipu nuevu de Mauras l\u2019A\u00f1u d\u2019Asturies. Los primeros aconceyamientos, telem\u00e1ticos, van tener llugar en setiembre, onde se va valorar \u201ctornar a 2019 o entamar una era nueva dada la situaci\u00f3n que dex\u00f3 la pandemia\u201d.<\/p>\n<p>Pa Santianes sup\u00f3n un retu qu\u2019Asturies protagonice \u201cla primer edici\u00f3n previsiblemente postpand\u00e9mica\u201d y cuenta con tener avanz\u00e1u\u2019l programa \u201ca primeros d\u2019a\u00f1u\u201d.<em> \u201cL\u2019A\u00f1u d\u2019Asturies en Lorient va valir p\u2019amosar el potencial que tien el pa\u00eds no tur\u00edstico y no cultural\u201d<\/em>, celebra\u2019l responsable de la delegaci\u00f3n.<\/p>\n<p style=\"text-align: center\">\n<!-- iframe plugin v.6.0 wordpress.org\/plugins\/iframe\/ -->\n<iframe loading=\"lazy\" src=\"https:\/\/www.facebook.com\/plugins\/video.php?height=314&#038;href=https%3A%2F%2Fwww.facebook.com%2Ffestival.interceltique.lorient%2Fvideos%2F820349242001758%2F&#038;show_text=false&#038;width=560&#038;t=0\" width=\"560\" height=\"314\" style=\"border:none;overflow:hidden\" scrolling=\"no\" frameborder=\"0\" allowfullscreen=\"true\" allow=\"autoplay; clipboard-write; encrypted-media; picture-in-picture; web-share\" 0=\"\/iframe\" class=\"iframe-class\"><\/iframe>\n<\/p>\n<p><strong>La importancia de la visita de Barb\u00f3n<\/strong><\/p>\n<p>El presidente del pa\u00eds, Adri\u00e1n Barb\u00f3n, confirmaba la selmana pasada la so intenci\u00f3n de visitar An Oriant l\u2019a\u00f1u qu\u2019entra p\u2019acudir al FIL nel A\u00f1u d\u2019Asturies, que se va celebrar del 5 al 14 d\u2019agostu. \u201cSer\u00eda dalgo mui importante pal festival y un respaldu enorme pa la delegaci\u00f3n\u201d, confiesa Santianes.<\/p>\n<p>Ensin dulda, \u201cuna oportunid\u00e1 hist\u00f3rica\u201d pol fechu de que<em> \u201cuna autorid\u00e1 d\u2019esi nivel pueda ver de primer mano qu\u00e9 ye\u2019l Festival Interceltique de Lorient y comprobar la importancia que tien\u201d<\/em>. Nun ser\u00eda\u2019l primer presidente en facelo, y\u00e1 que l\u2019irland\u00e9s Michael D. Higgins y\u00e1 se desplaz\u00f3 a Breizh nel 2014 pa inauguraci\u00f3n del a\u00f1u del so pa\u00eds, anque s\u00ed\u2019l d\u2019una de les dos comunidaes aut\u00f3nomes del Est\u00e1u qu\u2019acuden al certame, Galicia y Asturies.<\/p>\n<p style=\"text-align: center\"><a href=\"https:\/\/www.celtica.es\/wp-content\/uploads\/2019\/10\/bandera_naciones_celtas.jpg\"><img loading=\"lazy\" decoding=\"async\" class=\"alignnone\" src=\"https:\/\/www.celtica.es\/wp-content\/uploads\/2019\/10\/bandera_naciones_celtas.jpg\" alt=\"\" width=\"546\" height=\"364\" \/><\/a><\/p>\n<p><em>\u00a0<\/em><\/p>\n<\/div>\n<\/div>\n<\/div>\n<p>&nbsp;<\/p>\n","protected":false},"excerpt":{"rendered":"<p>Na semeya, actuaci\u00f3n de Felpeyu la tarde del s\u00e1badu nel Sc\u00e8ne Bretagne. \u201cL\u2019A\u00f1u d\u2019Asturies en Lorient va valir p\u2019amosar el potencial que tien el pa\u00eds no tur\u00edstico y no cultural\u201d, avanza Santianes La organizaci\u00f3n del Festival Interceltique de Lorient ta faciendo balance de la edici\u00f3n \u00faltima, la del cincuenta aniversariu, con 300.000 asistentes nos diez [&hellip;]<\/p>\n","protected":false},"author":117,"featured_media":0,"comment_status":"open","ping_status":"open","sticky":false,"template":"","format":"standard","meta":{"footnotes":""},"categories":[174,19,204],"tags":[],"class_list":["post-9140","post","type-post","status-publish","format-standard","hentry","category-anu-de","category-asturies","category-festivales"],"_links":{"self":[{"href":"https:\/\/edublog.educastur.es\/ixuxu\/wp-json\/wp\/v2\/posts\/9140","targetHints":{"allow":["GET"]}}],"collection":[{"href":"https:\/\/edublog.educastur.es\/ixuxu\/wp-json\/wp\/v2\/posts"}],"about":[{"href":"https:\/\/edublog.educastur.es\/ixuxu\/wp-json\/wp\/v2\/types\/post"}],"author":[{"embeddable":true,"href":"https:\/\/edublog.educastur.es\/ixuxu\/wp-json\/wp\/v2\/users\/117"}],"replies":[{"embeddable":true,"href":"https:\/\/edublog.educastur.es\/ixuxu\/wp-json\/wp\/v2\/comments?post=9140"}],"version-history":[{"count":5,"href":"https:\/\/edublog.educastur.es\/ixuxu\/wp-json\/wp\/v2\/posts\/9140\/revisions"}],"predecessor-version":[{"id":9143,"href":"https:\/\/edublog.educastur.es\/ixuxu\/wp-json\/wp\/v2\/posts\/9140\/revisions\/9143"}],"wp:attachment":[{"href":"https:\/\/edublog.educastur.es\/ixuxu\/wp-json\/wp\/v2\/media?parent=9140"}],"wp:term":[{"taxonomy":"category","embeddable":true,"href":"https:\/\/edublog.educastur.es\/ixuxu\/wp-json\/wp\/v2\/categories?post=9140"},{"taxonomy":"post_tag","embeddable":true,"href":"https:\/\/edublog.educastur.es\/ixuxu\/wp-json\/wp\/v2\/tags?post=9140"}],"curies":[{"name":"wp","href":"https:\/\/api.w.org\/{rel}","templated":true}]}}