{"id":9166,"date":"2021-08-10T15:00:58","date_gmt":"2021-08-10T13:00:58","guid":{"rendered":"https:\/\/edublog.educastur.es\/ixuxu\/?p=9166"},"modified":"2021-08-21T22:12:27","modified_gmt":"2021-08-21T20:12:27","slug":"peabody-el-caballu-miniatura-que-foi-refugau-pola-so-ma-y-volviose-amigu-dunos-perros","status":"publish","type":"post","link":"https:\/\/edublog.educastur.es\/ixuxu\/2021\/08\/peabody-el-caballu-miniatura-que-foi-refugau-pola-so-ma-y-volviose-amigu-dunos-perros\/","title":{"rendered":"Peabody, el caballu miniatura que foi refug\u00e1u pola so m\u00e1 y volvi\u00f3se amigu d&#8217;unos perros"},"content":{"rendered":"<p style=\"text-align: center\"><a href=\"https:\/\/static.americadigital.com\/wp-content\/uploads\/2021\/06\/america-digital-Peabody-el-caballo-miniatura-que-fue-rechazado-por-su-mama-2021-newsflare.jpg\"><img loading=\"lazy\" decoding=\"async\" class=\"alignnone\" src=\"https:\/\/static.americadigital.com\/wp-content\/uploads\/2021\/06\/america-digital-Peabody-el-caballo-miniatura-que-fue-rechazado-por-su-mama-2021-newsflare.jpg\" alt=\"\" width=\"1200\" height=\"628\" \/><\/a><\/p>\n<p>Esti caballu, consider\u00e1u&#8217;l m\u00e1s pequenu del mundu, foi adopt\u00e1u por una familia y agora convive con dos perros n&#8217;una vivienda.<\/p>\n<ul>\n<li>Fonte noticia: <a href=\"https:\/\/www.americadigital.com\/animales\/peabody-el-caballo-miniatura-mas-pequeno-del-mundo-es-abandonado-por-su-mama-y-se-vuelve-amigo-de-unos-perros-147590?keySite=AD&amp;fbclid=IwAR1ypEQXvEu2ZcuzSPMRYNHI35RA4w6cgJg6T56bDRgT1GMb8yQ7CMRj2d4\">America Digital<\/a> \/ <a href=\"https:\/\/www.google.com\/search?q=peabody+caballo&amp;client=firefox-b-d&amp;sxsrf=ALeKk03FK9dcWWfqWs_40mFGjLPp5ifY_w:1629554334234&amp;source=lnms&amp;tbm=isch&amp;sa=X&amp;ved=2ahUKEwiAs-_5osLyAhXC8eAKHZrDDZoQ_AUoAXoECAEQAw&amp;biw=1536&amp;bih=739\">semeyes<\/a> \/<\/li>\n<\/ul>\n<p><!--more--><\/p>\n<p>Una caballu miniatura, que ye consider\u00e1u pola so due\u00f1a como&#8217;l m\u00e1s pequenu del mundu, convirti\u00f3se en toa una sensaci\u00f3n depu\u00e9s de ser adopt\u00e1u por una muyer y volvese el meyor amigu d&#8217;unos perros.<\/p>\n<p>El peque\u00f1u exemplar foi nom\u00e1u como Peabody y foi refug\u00e1u pola so madre y\u00e1 que nun algamar el so caldar para tomar la so lleche y alimentase, polo que la so vida taba corriendo gran peligru.<\/p>\n<p>Ello ye que dellos veterinarios encamentaron sacrificalo polo que Faith Smith decidi\u00f3 adoptalo para da-y una oportunid\u00e1 y llevolu a la so vivienda para brinda-y tou los cuidos necesarios para les sos poques selmanes de vida.<\/p>\n<p>La muyer entrenadora de caballos miniatura en San Diego (California) consider\u00f3 que Peabody <span style=\"color: #008080\">pue ser el \u201ccaballu m\u00e1s pequenu del mundu a la so ed\u00e1\u201d y por eso decidi\u00f3 curialo dientro la so vivienda como si fuera una mascota.<\/span><\/p>\n<p style=\"text-align: center\">\n<!-- iframe plugin v.6.0 wordpress.org\/plugins\/iframe\/ -->\n<iframe loading=\"lazy\" width=\"100%\" height=\"432\" src=\"https:\/\/www.youtube.com\/embed\/YncomciRlYo\" 0=\"\/iframe\" scrolling=\"yes\" class=\"iframe-class\" frameborder=\"0\"><\/iframe>\n<\/p>\n<p><em>\u201cLos caballos nunca son animales d&#8217;interior, pero Peabody ye tan pequenu que nunca podr\u00eda vivir al campu nun siendo que creza, y nun tamos seguros de si lo faer\u00e1. Na actualid\u00e1, vive dientro de la casa colos perros<\/em>\u201d, indic\u00f3 Smith.<\/p>\n<p>Nun principiu pens\u00e1base qu&#8217;esti caballu miniatura yera ciegu, sordu y nun podr\u00eda caminar. Am\u00e1s, ten\u00eda&#8217;l so quexal esvi\u00e1u y por eso hab\u00eda muncha incertidume si podr\u00eda alimentase por si mesmu.<\/p>\n<p>N&#8217;ese sent\u00edu, esta muyer entam\u00f3 un llargu viaxe para llevar a esti caballu hasta la so casa y col pasu de les selmanes el peque\u00f1u exemplar creci\u00f3 un pocu y volvi\u00f3se un gran amigu de los perros bulldogs franceses de la so due\u00f1a.<\/p>\n<p style=\"text-align: center\"><a href=\"https:\/\/tvazteca.brightspotcdn.com\/dims4\/default\/8197c74\/2147483647\/strip\/true\/crop\/1200x742+0+0\/resize\/968x599!\/format\/jpg\/quality\/80\/?url=https%3A%2F%2Ftvazteca.brightspotcdn.com%2F93%2F0b%2F61e400af4211b81fffe72e791107%2Fcaballo-pequeno-peabody.jpg\"><img loading=\"lazy\" decoding=\"async\" class=\"alignnone\" src=\"https:\/\/tvazteca.brightspotcdn.com\/dims4\/default\/8197c74\/2147483647\/strip\/true\/crop\/1200x742+0+0\/resize\/968x599!\/format\/jpg\/quality\/80\/?url=https%3A%2F%2Ftvazteca.brightspotcdn.com%2F93%2F0b%2F61e400af4211b81fffe72e791107%2Fcaballo-pequeno-peabody.jpg\" alt=\"\" width=\"968\" height=\"599\" \/><\/a><\/p>\n<p>N&#8217;unes imaxes compart\u00edes nes redes puede vese como Peabody conv\u00edvese como una mascota m\u00e1s de la casa y\u00e1 que cuerre y xuega nel patiu col so \u201chermanos\u201d y espera la comida na cocina.<\/p>\n<p>Lo cierto ye que Smith ten\u00eda la esperanza de que&#8217;l peque\u00f1u exemplar creciera para poder llevalo a convivir con otros caballos pero se dio cuenta que nun va crecer enforma y por eso seguro va convertise nun caballu de casa\u201d.<\/p>\n<p>Finalmente, la muyer espera poder ense\u00f1a-y a esti Peabody a dir al ba\u00f1u como los perros y\u00e1 que siquier aprendi\u00f3 a dormir con ellos y nun futuru poder aplicar al r\u00e9cord del \u201cCaballu m\u00e1s pequenu del mundu\u201d.<\/p>\n<p>Ello ye que esti t\u00edtulu tienlo na actualid\u00e1 <a href=\"https:\/\/www.google.com\/search?q=Bombel&amp;client=firefox-b-d&amp;sxsrf=ALeKk01iJa_Bqdmp6_-wxtFdWjTTjbp_xw:1629554192460&amp;source=lnms&amp;tbm=isch&amp;sa=X&amp;ved=2ahUKEwiKjKK2osLyAhXE0eAKHdvNDZIQ_AUoAXoECAEQAw&amp;biw=1536&amp;bih=739\"><span style=\"color: #008080\"><strong>Bombel<\/strong><\/span><\/a>, un caballu appaloosa miniatura orixinariu de Polonia que solo mide 56.7 cent\u00edmetros d&#8217;altor.<\/p>\n<p style=\"text-align: center\"><a href=\"https:\/\/www.guinnessworldrecords.es\/Images\/bombel-header_tcm29-588664.jpg\"><img loading=\"lazy\" decoding=\"async\" class=\"alignnone\" src=\"https:\/\/www.guinnessworldrecords.es\/Images\/bombel-header_tcm29-588664.jpg\" alt=\"\" width=\"1065\" height=\"600\" \/><\/a><\/p>\n","protected":false},"excerpt":{"rendered":"<p>Esti caballu, consider\u00e1u&#8217;l m\u00e1s pequenu del mundu, foi adopt\u00e1u por una familia y agora convive con dos perros n&#8217;una vivienda. Fonte noticia: America Digital \/ semeyes \/<\/p>\n","protected":false},"author":117,"featured_media":0,"comment_status":"open","ping_status":"open","sticky":false,"template":"","format":"standard","meta":{"footnotes":""},"categories":[25,4],"tags":[],"class_list":["post-9166","post","type-post","status-publish","format-standard","hentry","category-curiosidaes","category-natura"],"_links":{"self":[{"href":"https:\/\/edublog.educastur.es\/ixuxu\/wp-json\/wp\/v2\/posts\/9166","targetHints":{"allow":["GET"]}}],"collection":[{"href":"https:\/\/edublog.educastur.es\/ixuxu\/wp-json\/wp\/v2\/posts"}],"about":[{"href":"https:\/\/edublog.educastur.es\/ixuxu\/wp-json\/wp\/v2\/types\/post"}],"author":[{"embeddable":true,"href":"https:\/\/edublog.educastur.es\/ixuxu\/wp-json\/wp\/v2\/users\/117"}],"replies":[{"embeddable":true,"href":"https:\/\/edublog.educastur.es\/ixuxu\/wp-json\/wp\/v2\/comments?post=9166"}],"version-history":[{"count":4,"href":"https:\/\/edublog.educastur.es\/ixuxu\/wp-json\/wp\/v2\/posts\/9166\/revisions"}],"predecessor-version":[{"id":9168,"href":"https:\/\/edublog.educastur.es\/ixuxu\/wp-json\/wp\/v2\/posts\/9166\/revisions\/9168"}],"wp:attachment":[{"href":"https:\/\/edublog.educastur.es\/ixuxu\/wp-json\/wp\/v2\/media?parent=9166"}],"wp:term":[{"taxonomy":"category","embeddable":true,"href":"https:\/\/edublog.educastur.es\/ixuxu\/wp-json\/wp\/v2\/categories?post=9166"},{"taxonomy":"post_tag","embeddable":true,"href":"https:\/\/edublog.educastur.es\/ixuxu\/wp-json\/wp\/v2\/tags?post=9166"}],"curies":[{"name":"wp","href":"https:\/\/api.w.org\/{rel}","templated":true}]}}