{"id":9196,"date":"2021-08-21T22:23:05","date_gmt":"2021-08-21T20:23:05","guid":{"rendered":"https:\/\/edublog.educastur.es\/ixuxu\/?p=9196"},"modified":"2021-08-27T20:54:57","modified_gmt":"2021-08-27T18:54:57","slug":"lalla-asoleya-la-sesta-edicion-del-demandau-el-principin","status":"publish","type":"post","link":"https:\/\/edublog.educastur.es\/ixuxu\/2021\/08\/lalla-asoleya-la-sesta-edicion-del-demandau-el-principin\/","title":{"rendered":"L\u2019ALLA asoleya la sesta edici\u00f3n del demand\u00e1u \u2018El Princip\u00edn\u2019"},"content":{"rendered":"<p>&nbsp;<\/p>\n<p style=\"text-align: center\"><a href=\"https:\/\/asturies.com\/sites\/default\/files\/cubierta_de_el_principin_recortada_0.jpg\"><img loading=\"lazy\" decoding=\"async\" class=\"alignnone\" src=\"https:\/\/asturies.com\/sites\/default\/files\/cubierta_de_el_principin_recortada_0.jpg\" alt=\"\" width=\"561\" height=\"469\" \/><\/a><\/p>\n<p>&nbsp;<\/p>\n<ul>\n<li><a href=\"https:\/\/asturies.com\/alagueta\/lalla-asoleya-la-sesta-edicion-del-demandau-el-principin\">Fonte noticia: Asturies.com<\/a> \/ <a href=\"https:\/\/www.elcomercio.es\/culturas\/principin-asturiano-libro-mas-ediciones-20210822185810-nt_amp.html?__twitter_impression=true&amp;s=03\">El Comercio<\/a> \/<\/li>\n<li><a href=\"https:\/\/www.lavozdeasturias.es\/noticia\/agora\/2021\/08\/25\/principin-conviertese-nel-llibru-editau-nasturianu-cola-publicacion-so-sesta-edicion\/00031629885749429921171.htm?utm_source=twitter&amp;utm_medium=referral&amp;utm_campaign=twgen_a\">Fonte: La Voz de Asturias<\/a><\/li>\n<\/ul>\n<p><!--more--><\/p>\n<p>\u00dan de los llibros m\u00e1s populares de la lliteratura mundial y oxetivu de coleicionistes de tol planeta, \u2018Le petit prince\u2019, torna a tar disponible en llingua asturiana. Sal a la cai la sesta edici\u00f3n de la obra d\u2019Antoine de Saint-Exup\u00e9ry traducida por Xos\u00e9 Lluis Garc\u00eda Arias, n\u00famberu 7 de la coleici\u00f3n \u2018Escol\u00edn\u2019 de l\u2019<a href=\"http:\/\/www.academiadelallingua.com\/\">Academia de la Llingua Asturiana (ALLA)<\/a>.<\/p>\n<p>Siempre solicit\u00e1u por llectores tanto mozos como adultos, la quinta edici\u00f3n de \u2018El princip\u00edn\u2019 llegaba a les llibrer\u00edes nel 2013 coincidiendo col 30 aniversariu de la primer edici\u00f3n. Nun se tardar\u00eda en vender tolos exemplares, creando una demanda que la instituci\u00f3n acad\u00e9mica decide cubrir col asoleyamientu de la sesta.<\/p>\n<p>La obra de Saint-Exup\u00e9ry, que tien tami\u00e9n versi\u00f3n en mirand\u00e9s, ye \u00fan de los cuentos m\u00e1s famosos de la lliteratura mundial, con tornes a decenes d\u2019idiomes. Escribi\u00f3lu nel 1943, incluyendo les sos carauter\u00edstiques ilustraciones, y empl\u00e9gase en colexos, institutos y facultaes pola fonda reflex\u00f3n \u00e9tica que tien la historia.<\/p>\n<hr \/>\n<h4 class=\"headline mg-b-2\"><span style=\"color: #008080\"><em><span style=\"font-size: 20px\"><strong>\u00abEl Princip\u00edn\u00bb convi\u00e9rtese nel llibru m\u00e1s edit\u00e1u n&#8217;asturianu cola publicaci\u00f3n de la so sesta edici\u00f3n<\/strong><\/span><\/em><\/span><\/h4>\n<div class=\"date\">\n<h3 class=\"subtitle t-bld\">Ye un cuentu po\u00e9ticu que vien acompa\u00f1\u00e1u d&#8217;ilustraciones feches con acuareles pol mesmu Saint-Exup\u00e9ry<\/h3>\n<p><strong>L&#8217;Academia de la Llingua Asturiana<\/strong> public\u00f3 la sesta edici\u00f3n de<strong> \u00abEl princip\u00edn\u00bb.<\/strong> Tr\u00e1tase de la versi\u00f3n n&#8217;asturianu del cl\u00e1sicu d&#8217;Antoinde de Saint-Exup\u00e9ry, con t\u00edtulu orixinal en franc\u00e9s de \u00abLes Petit Prince\u00bb.<\/div>\n<p class=\"txt\">Asina, la traducci\u00f3n de<strong> Xos\u00e9 Lluis Garc\u00eda Arias<\/strong>, editada pela primer vez n&#8217;asturianu en 1983, convirti\u00f3se nel<strong> llibru con m\u00e1s ediciones del Surdimientu.<\/strong><\/p>\n<p class=\"txt\">\u00abEl princip\u00edn\u00bb ye un cuentu po\u00e9ticu que vien acompa\u00f1\u00e1u d&#8217;ilustraciones feches con acuareles pol mesmu Saint-Exup\u00e9ry. N\u00e9l, un pilotu at\u00f3pase perd\u00edu nel desiertu del Sahara depu\u00e9s de que&#8217;l so avi\u00f3n sufriera una aver\u00eda, pero pa la so sorpresa, ye ell\u00ed onde conoz a un pr\u00edncipe que vien d&#8217;otru planeta.\u00a0Tr\u00e1tase del llibru en franc\u00e9s m\u00e1s traduc\u00edu y edit\u00e1u de tolos tiempos y public\u00e1ronse versiones en cerca de 200 lling\u00fces.<\/p>\n<hr \/>\n<p class=\"voc-paragraph\">As\u00ed, la traducci\u00f3n de <strong>Xos\u00e9 Lluis Garc\u00eda Arias<\/strong>, editada por primera vez en asturiano en 1983, se convierte en el libro con m\u00e1s ediciones del Surdimientu.<\/p>\n<p class=\"voc-paragraph\">&#8216;El principito&#8217;, como se conoce en castellano, es un cuento po\u00e9tico que viene acompa\u00f1ado de ilustraciones hechas con acuarelas por el mismo Saint-Exup\u00e9ry. En \u00e9l, un piloto se encuentra perdido en el desierto del Sahara despu\u00e9s de que su avi\u00f3n sufriera una aver\u00eda, pero para su sorpresa, es all\u00ed donde conoce a un peque\u00f1o pr\u00edncipe proveniente de otro planeta.<\/p>\n<p class=\"voc-paragraph\">Se trata del libro en franc\u00e9s m\u00e1s traducido y editado de todos los tiempos y se han publicado versiones en cerca de 200 lenguas.<\/p>\n<div class=\"voc-adver\"><\/div>\n","protected":false},"excerpt":{"rendered":"<p>&nbsp; &nbsp; Fonte noticia: Asturies.com \/ El Comercio \/ Fonte: La Voz de Asturias<\/p>\n","protected":false},"author":117,"featured_media":0,"comment_status":"open","ping_status":"open","sticky":false,"template":"","format":"standard","meta":{"footnotes":""},"categories":[65,10],"tags":[],"class_list":["post-9196","post","type-post","status-publish","format-standard","hentry","category-alla","category-llibros-reciella"],"_links":{"self":[{"href":"https:\/\/edublog.educastur.es\/ixuxu\/wp-json\/wp\/v2\/posts\/9196","targetHints":{"allow":["GET"]}}],"collection":[{"href":"https:\/\/edublog.educastur.es\/ixuxu\/wp-json\/wp\/v2\/posts"}],"about":[{"href":"https:\/\/edublog.educastur.es\/ixuxu\/wp-json\/wp\/v2\/types\/post"}],"author":[{"embeddable":true,"href":"https:\/\/edublog.educastur.es\/ixuxu\/wp-json\/wp\/v2\/users\/117"}],"replies":[{"embeddable":true,"href":"https:\/\/edublog.educastur.es\/ixuxu\/wp-json\/wp\/v2\/comments?post=9196"}],"version-history":[{"count":6,"href":"https:\/\/edublog.educastur.es\/ixuxu\/wp-json\/wp\/v2\/posts\/9196\/revisions"}],"predecessor-version":[{"id":9318,"href":"https:\/\/edublog.educastur.es\/ixuxu\/wp-json\/wp\/v2\/posts\/9196\/revisions\/9318"}],"wp:attachment":[{"href":"https:\/\/edublog.educastur.es\/ixuxu\/wp-json\/wp\/v2\/media?parent=9196"}],"wp:term":[{"taxonomy":"category","embeddable":true,"href":"https:\/\/edublog.educastur.es\/ixuxu\/wp-json\/wp\/v2\/categories?post=9196"},{"taxonomy":"post_tag","embeddable":true,"href":"https:\/\/edublog.educastur.es\/ixuxu\/wp-json\/wp\/v2\/tags?post=9196"}],"curies":[{"name":"wp","href":"https:\/\/api.w.org\/{rel}","templated":true}]}}