{"id":9240,"date":"2021-08-24T14:44:00","date_gmt":"2021-08-24T12:44:00","guid":{"rendered":"https:\/\/edublog.educastur.es\/ixuxu\/?p=9240"},"modified":"2021-08-24T14:44:54","modified_gmt":"2021-08-24T12:44:54","slug":"la-coquina-de-blanca-fernandez-quintana","status":"publish","type":"post","link":"https:\/\/edublog.educastur.es\/ixuxu\/2021\/08\/la-coquina-de-blanca-fernandez-quintana\/","title":{"rendered":"\u00abLa coquina\u00bb, de Blanca Fern\u00e1ndez Quintana"},"content":{"rendered":"<div class=\"td-pb-row\">\n<div class=\"td-pb-span12\">\n<div class=\"td-post-header\">\n<header class=\"td-post-title\">\n<ul>\n<li class=\"entry-title\">\n<h4><a href=\"http:\/\/www.formientu.com\/formientudixital\/narrativa\/la-coquina-de-blanca-fernandez-quintana\/\">Fonte: Formientu \u00abLa coquina\u00bb, de Blanca Fern\u00e1ndez Quintana<\/a><\/h4>\n<\/li>\n<\/ul>\n<div class=\"td-module-meta-info\">\n<div class=\"td-post-author-name\">\n<div class=\"td-author-by\">Por <a href=\"http:\/\/www.formientu.com\/author\/blanca-fernandez-quintana\/\">Blanca Fern\u00e1ndez Quintana<\/a><\/div>\n<\/div>\n<\/div>\n<\/header>\n<\/div>\n<\/div>\n<\/div>\n<div class=\"td-pb-row\">\n<div class=\"td-pb-span8 td-main-content\" role=\"main\">\n<div class=\"td-ss-main-content\">\n<div class=\"td-post-content\">\n<p><strong>1er premiu del IX Concursu Lliterariu de Rellatos Curtios de la Comarca la Sidra na modalid\u00e1 A<\/strong><\/p>\n<p><em>\u00a0<\/em>Esta ye la hestoria d\u2019una aldea asturiana, La Coquina,\u00a0 na que nam\u00e1s hab\u00eda diez persones, pero\u2026 \u00a1 Vaya diez persones! Yera branu.<\/p>\n<p><!--more--><\/p>\n<p>Nel pueblu viv\u00eda Soled\u00e1, que ten\u00eda sententa a\u00f1os, y viv\u00eda cola so hermana Nana, que ten\u00eda setenta y siete a\u00f1os, y col home d\u2019esta, Til\u00edn, de setenta y ocho a\u00f1os. Taba tami\u00e9n Manol\u00edn, un vieyu cascarrabies y pes\u00e1u, y taba con \u00e9l el so \u00f1etu Xuan, que taba pasando con \u00e9l les vacaciones por suspender. Ten\u00eda 15 a\u00f1os y llev\u00e1base mui mal coles \u201ctr\u00e9s bruxes\u201d, como \u00e9l les llamaba: Pili, Anona y Concha, les bilorderes de l\u2019aldea. Y por \u00faltimo, Oli y Pablo, que vinieron de Madrid, nun pasaben de los cuarenta y yeren unos fatos.<\/p>\n<p>Pili, Anona y Concha taben pasiando y criticando pel pueblu y cuando acabaron de pasiar, Anona y Concha fueron pa so casa, mientres Pili foi al gallineru a polos g\u00fcevos, pero cuando lleg\u00f3\u2026 \u00a1Nun taben! Lo primero que fizo la paisana foi dir a matar a Xuan y d\u00edxo-y:<\/p>\n<ul>\n<li>Xuan, vas alcordate de min, agora s\u00ed, voi dicilo a to g\u00fcelu, \u00a1lladr\u00f3n!<\/li>\n<li>\u00a1Pero qu\u00e9 diz! Ust\u00e9 y\u00e1 achochia. Yo nun soi neng\u00fan lladr\u00f3n.<\/li>\n<li>Ent\u00f3s, \u00bfqu\u00e9 ye? \u00bflos mios g\u00fcevos desapaecieron por arte de maxa?<\/li>\n<li>Nun s\u00e9 de qu\u00e9 me fala, los \u00fanicos g\u00fcevos que vi son los que llevaben los madrilanos nuna cesta.<\/li>\n<li>De momentu llibres, pero como fueras tu\u2026 \u00a1m\u00e1tote!<\/li>\n<\/ul>\n<p>Y Pili march\u00f3 a garrar a los madrilanos, y cuando los vio\u2026 yera verd\u00e1, tray\u00eden g\u00fcevos, y Pili tir\u00f3se a ellos pa garralos de los pelos.<\/p>\n<ul>\n<li>Malditos madrilanos, garr\u00e1istisme los g\u00fcevos, \u00a1lladrones!<\/li>\n<li>\u00a1Ai! \u00a1Pero qu\u00e9 diz! Venimos de Parque Principado \u00bfNun ve qu\u2019estos g\u00fcevos non son como los suyos? Son compraos.<\/li>\n<li>\u00a1Ui!, perd\u00f3n, ye que Xuan d\u00edxome\u2026<\/li>\n<li>Y cre\u00edstilu . Bono, ust\u00e9\u2026 creer a\u2026<\/li>\n<li>Cuando lu pille\u2026 \u00a1M\u00e1tolu! Meyor, voi dicilo a so g\u00fcelu.<\/li>\n<\/ul>\n<p>Y la paisana march\u00f3 a conta-ylo al g\u00fcelu de Xuan.<\/p>\n<p>Mentantu en casa de Tol\u00edn y Nana\u2026<\/p>\n<ul>\n<li>Nana, amor m\u00edu, qui\u00e9rote muncho, nun m\u2019eches de casa.<\/li>\n<li>Vas velo que s\u00ed. Criticar a Soled\u00e1, la mio hermana\u2026 \u00a1Marcha! \u2013 y Nana tir\u00f3-y la ropa fuera de casa y pesll\u00f3 la puerta.<\/li>\n<\/ul>\n<p>Y Tol\u00edn foi dormir a casa la so hermana Concha.<\/p>\n<p>Cuando Xuan lleg\u00f3 a casa:<\/p>\n<ul>\n<li>Xuan, que seya la \u00faltima vegada que molestes a Pili. Tas castig\u00e1u una selmana ensin salir.<\/li>\n<\/ul>\n<p>Xuan foi pala so cuertu. Taba pensando c\u00f3mo vengase y ent\u00f3s\u2026 \u00a1Bingu! Una vegada al a\u00f1u celebr\u00e1base ell\u00ed una fiesta de los postres asturianos y ven\u00eda muncha xente de fuera. Diba facer unos tarrinos d\u2019arroz con lleche pal concursu y, como el xur\u00e1u taba form\u00e1u poles \u201ctr\u00e9s bruxes\u201d y por Nana, en tr\u00e9s de los tarros diba amestar 50 ml d\u2019un xarabe que ten\u00eda qu\u2019a la llarga daba foria y ent\u00f3s, diben ponese males y echa-y la culpa a otru. En cada tarru diba poner el nome del xur\u00e1u pa nun molestar a Nana.<\/p>\n<p>Lleg\u00f3\u2019l d\u00eda esper\u00e1u, hab\u00eda venti\u00fan concursantes y Xuan yera\u2019l n\u00famberu quince. Cuando\u2019l xur\u00e1u lleg\u00f3 a \u00e9l y probaron el so arroz con lleche\u2026<\/p>\n<p>-Humm\u2026 \u00a1qu\u00e9 bono ta! \u2013 dixo Concha.<\/p>\n<p>\u2013 Pens\u00e9 que cocinabes peor \u2013 dixo Pili.<\/p>\n<p>\u2013 Nun ta malo, tien un toque especial \u2013 dixo\u00a0 Anona.<\/p>\n<p>\u2013 Cocines perbien- dixo Nana.<\/p>\n<p>\u2013 Diez \u2013 dixeron les cuatro al mesmu tiempu.<\/p>\n<p>\u2013 Ye que como vosotres sois el xur\u00e1u prepar\u00e9lo con munchu amor \u2013 dixo Xuan.<\/p>\n<p>Finaron de prebalo too y dieron el veredictu:<\/p>\n<p>-\u00a1Xuan, el n\u00famberu quince, gan\u00f3! Como premiu, esti trof\u00e9u y cien euros.<\/p>\n<p>Dempu\u00e9s del concursu a Nana lleg\u00f3-y un ramu y en la tarxeta tray\u00eda \u201c Pal mio amor verdaderu, como\u2019l que llevaba cuando se cumpli\u00f3 el nuesu sua\u00f1u\u201d. Y Nana y Tol\u00edn amig\u00e1ronse.<\/p>\n<p>Lo meyor lleg\u00f3 al otru d\u00eda: nun se vio a les tr\u00e9s bruxes per ell\u00ed, y al d\u00eda viniente tampoco.<\/p>\n<p>Dempu\u00e9s d\u2019\u00fan a\u00f1u aquella aldea creciera n\u2019habitantes: llegaron unos primos de los madrilanos, qu\u2019agora llev\u00e1bense bien con toos; vieno la familia de Xuan y vinieron unos arxentinos familia de Tol\u00edn. Les tr\u00e9s bruxes, agobiaes poles coses rares que-yos pasaben, colaron del pueblu y naide volvi\u00f3 a veles. Am\u00e1s, el g\u00fcelu Xuan y Soled\u00e1 cas\u00e1ronse y celebr\u00f3lo tol pueblu, n\u2019especial Tol\u00edn, que se llibr\u00f3 de la so cu\u00f1ada. L\u2019aldea taba n\u2019harmon\u00eda, pero siendo aquella aldea\u2026 de momentu.<\/p>\n<\/div>\n<\/div>\n<\/div>\n<\/div>\n","protected":false},"excerpt":{"rendered":"<p>Fonte: Formientu \u00abLa coquina\u00bb, de Blanca Fern\u00e1ndez Quintana Por Blanca Fern\u00e1ndez Quintana 1er premiu del IX Concursu Lliterariu de Rellatos Curtios de la Comarca la Sidra na modalid\u00e1 A \u00a0Esta ye la hestoria d\u2019una aldea asturiana, La Coquina,\u00a0 na que nam\u00e1s hab\u00eda diez persones, pero\u2026 \u00a1 Vaya diez persones! Yera branu.<\/p>\n","protected":false},"author":117,"featured_media":0,"comment_status":"open","ping_status":"open","sticky":false,"template":"","format":"standard","meta":{"footnotes":""},"categories":[224],"tags":[],"class_list":["post-9240","post","type-post","status-publish","format-standard","hentry","category-narrativa"],"_links":{"self":[{"href":"https:\/\/edublog.educastur.es\/ixuxu\/wp-json\/wp\/v2\/posts\/9240","targetHints":{"allow":["GET"]}}],"collection":[{"href":"https:\/\/edublog.educastur.es\/ixuxu\/wp-json\/wp\/v2\/posts"}],"about":[{"href":"https:\/\/edublog.educastur.es\/ixuxu\/wp-json\/wp\/v2\/types\/post"}],"author":[{"embeddable":true,"href":"https:\/\/edublog.educastur.es\/ixuxu\/wp-json\/wp\/v2\/users\/117"}],"replies":[{"embeddable":true,"href":"https:\/\/edublog.educastur.es\/ixuxu\/wp-json\/wp\/v2\/comments?post=9240"}],"version-history":[{"count":2,"href":"https:\/\/edublog.educastur.es\/ixuxu\/wp-json\/wp\/v2\/posts\/9240\/revisions"}],"predecessor-version":[{"id":9243,"href":"https:\/\/edublog.educastur.es\/ixuxu\/wp-json\/wp\/v2\/posts\/9240\/revisions\/9243"}],"wp:attachment":[{"href":"https:\/\/edublog.educastur.es\/ixuxu\/wp-json\/wp\/v2\/media?parent=9240"}],"wp:term":[{"taxonomy":"category","embeddable":true,"href":"https:\/\/edublog.educastur.es\/ixuxu\/wp-json\/wp\/v2\/categories?post=9240"},{"taxonomy":"post_tag","embeddable":true,"href":"https:\/\/edublog.educastur.es\/ixuxu\/wp-json\/wp\/v2\/tags?post=9240"}],"curies":[{"name":"wp","href":"https:\/\/api.w.org\/{rel}","templated":true}]}}