{"id":9246,"date":"2021-07-24T14:46:09","date_gmt":"2021-07-24T12:46:09","guid":{"rendered":"https:\/\/edublog.educastur.es\/ixuxu\/?p=9246"},"modified":"2021-08-24T14:47:23","modified_gmt":"2021-08-24T12:47:23","slug":"9246","status":"publish","type":"post","link":"https:\/\/edublog.educastur.es\/ixuxu\/2021\/07\/9246\/","title":{"rendered":"\u00abEnsin T\u00edtulu\u00bb, de Xos\u00e9 B. \u00c1lvarez"},"content":{"rendered":"<div class=\"td-pb-row\">\n<div class=\"td-pb-span12\">\n<div class=\"td-post-header\">\n<header class=\"td-post-title\">\n<ul>\n<li class=\"entry-title\">\n<h4><a href=\"http:\/\/www.formientu.com\/formientudixital\/narrativa\/ensin-titulu-de-xose-b-alvarez\/\">Fonte: Formientu \u00abEnsin T\u00edtulu\u00bb, de Xos\u00e9 B. \u00c1lvarez<\/a><\/h4>\n<\/li>\n<\/ul>\n<div class=\"td-module-meta-info\">\n<div class=\"td-post-author-name\">\n<div class=\"td-author-by\">Por<a href=\"http:\/\/www.formientu.com\/author\/xose-b-alvarez\/\">Xos\u00e9 B. \u00c1lvarez<\/a><\/div>\n<\/div>\n<\/div>\n<\/header>\n<\/div>\n<\/div>\n<\/div>\n<div class=\"td-pb-row\">\n<div class=\"td-pb-span8 td-main-content\" role=\"main\">\n<div class=\"td-ss-main-content\">\n<div class=\"td-post-content\">\n<p>Les dolce la nueche. Too bien, too nel so sitiu. Deng\u00fan xuxur\u00edu, nin un alma, neng\u00fan imprevistu.<\/p>\n<p>\u201cCuatro pasos nam\u00e1i.\u201d<\/p>\n<p><!--more--><\/p>\n<p>La cai, na rodiada la ciud\u00e1, empruna y estrencha\u2026 ya inclusive\u2019l propiu llugar parez d\u2019alcuerdu col plan. Fai cutu, l\u2019aire llento y la borrina, como siempres, na nueche, nesta fastera, implacable, tapezlo too.<\/p>\n<p>\u201cCuatro pasos nam\u00e1i.\u201d<\/p>\n<p>Lladr\u00edos d\u2019un perru a lo llo\u00f1e. Rellumos d\u2019una solitaria farola metanes l\u2019acera, cola bombilla a piques de morrer, ye lo \u00fanicu que viola una escurid\u00e1 absoluta\u2026 P\u00f3ngome \u00f1erviosu. Respiro fondamente.<\/p>\n<p>\u201cCuatro pasos nam\u00e1i.\u201d<\/p>\n<p>Rep\u00f3ngome, \u00edrgome y miro al frente. Nada pue dir mal, too ta bien preparao. Per dos meses, d\u00eda tres d\u00eda, llevo preparando esta nueche. Lluna nueva, mes d\u2019iviernu, les dolce y una cai balera per onde nunca nun vien naide\u2026 Too saldr\u00e1 bien.<\/p>\n<p>\u201cCuatro pasos nam\u00e1i.\u201d<\/p>\n<p>Pongo\u2019l pasamonta\u00f1es, garro les coses y miro al mio oxetivu.<\/p>\n<p>\u2013 \u201cVamos all\u00e1.\u201d<\/p>\n<\/div>\n<\/div>\n<\/div>\n<\/div>\n<p>&nbsp;<\/p>\n","protected":false},"excerpt":{"rendered":"<p>Fonte: Formientu \u00abEnsin T\u00edtulu\u00bb, de Xos\u00e9 B. \u00c1lvarez PorXos\u00e9 B. \u00c1lvarez Les dolce la nueche. Too bien, too nel so sitiu. Deng\u00fan xuxur\u00edu, nin un alma, neng\u00fan imprevistu. \u201cCuatro pasos nam\u00e1i.\u201d<\/p>\n","protected":false},"author":117,"featured_media":0,"comment_status":"open","ping_status":"open","sticky":false,"template":"","format":"standard","meta":{"footnotes":""},"categories":[224],"tags":[],"class_list":["post-9246","post","type-post","status-publish","format-standard","hentry","category-narrativa"],"_links":{"self":[{"href":"https:\/\/edublog.educastur.es\/ixuxu\/wp-json\/wp\/v2\/posts\/9246","targetHints":{"allow":["GET"]}}],"collection":[{"href":"https:\/\/edublog.educastur.es\/ixuxu\/wp-json\/wp\/v2\/posts"}],"about":[{"href":"https:\/\/edublog.educastur.es\/ixuxu\/wp-json\/wp\/v2\/types\/post"}],"author":[{"embeddable":true,"href":"https:\/\/edublog.educastur.es\/ixuxu\/wp-json\/wp\/v2\/users\/117"}],"replies":[{"embeddable":true,"href":"https:\/\/edublog.educastur.es\/ixuxu\/wp-json\/wp\/v2\/comments?post=9246"}],"version-history":[{"count":2,"href":"https:\/\/edublog.educastur.es\/ixuxu\/wp-json\/wp\/v2\/posts\/9246\/revisions"}],"predecessor-version":[{"id":9248,"href":"https:\/\/edublog.educastur.es\/ixuxu\/wp-json\/wp\/v2\/posts\/9246\/revisions\/9248"}],"wp:attachment":[{"href":"https:\/\/edublog.educastur.es\/ixuxu\/wp-json\/wp\/v2\/media?parent=9246"}],"wp:term":[{"taxonomy":"category","embeddable":true,"href":"https:\/\/edublog.educastur.es\/ixuxu\/wp-json\/wp\/v2\/categories?post=9246"},{"taxonomy":"post_tag","embeddable":true,"href":"https:\/\/edublog.educastur.es\/ixuxu\/wp-json\/wp\/v2\/tags?post=9246"}],"curies":[{"name":"wp","href":"https:\/\/api.w.org\/{rel}","templated":true}]}}