{"id":933,"date":"2020-09-06T08:57:10","date_gmt":"2020-09-06T06:57:10","guid":{"rendered":"https:\/\/edublog.educastur.es\/ixuxu\/?p=933"},"modified":"2020-09-08T12:13:51","modified_gmt":"2020-09-08T10:13:51","slug":"los-xardinos-de-la-fonte-baixa","status":"publish","type":"post","link":"https:\/\/edublog.educastur.es\/ixuxu\/2020\/09\/los-xardinos-de-la-fonte-baixa\/","title":{"rendered":"Los xardinos de La Fonte Baixa"},"content":{"rendered":"<ul>\n<li><a href=\"https:\/\/www.rtpa.es\/noticias-asturias-ast:Un-total-de-15.000-visitantes-pasan-por-los-jardines-de-Fonte-Baxa_111599397630.html\"><span style=\"font-family: tahoma, arial, helvetica, sans-serif;font-size: 20px\">Ver noticia na TPA<\/span><\/a><\/li>\n<li><a href=\"https:\/\/luarcaasturias.com\/item\/jardines-de-la-fonte-baixa\/\">Web<\/a><\/li>\n<li><a href=\"https:\/\/paisajelibre.com\/jardines-fonte-baixa-luarca-panrico\/\">+ paisajelibre<\/a><\/li>\n<\/ul>\n<p><a href=\"https:\/\/www.hotelrural3cabos.com\/\"><img loading=\"lazy\" decoding=\"async\" class=\"alignnone size-full\" src=\"https:\/\/www.hotelrural3cabos.com\/es\/images\/jardines03.jpg?crc=62988967\" width=\"960\" height=\"540\" \/><\/a><\/p>\n<p><span style=\"font-family: tahoma, arial, helvetica, sans-serif;font-size: 20px;color: #008080\"><span style=\"color: #808080\">DATOS D&#8217;INTER\u00c9S:<\/span>\u00a0 <\/span><span style=\"font-family: tahoma, arial, helvetica, sans-serif;font-size: 20px;color: #008080\">Distancia y duraci\u00f3n averada de la visita: 3h \u2013 5km<\/span><\/p>\n<p><span style=\"font-family: tahoma, arial, helvetica, sans-serif;font-size: 20px;color: #008080\">Preciu: 3 euros adultu (de baldre hasta&#8217;l 10 de Julio 2020).<br \/>\nEsiste tami\u00e9n un bonu a\u00f1al de 10\u20ac con accesu ilimit\u00e1u para tol a\u00f1u.<\/span><\/p>\n<p><span style=\"font-family: tahoma, arial, helvetica, sans-serif;font-size: 20px;color: #008080\">Horariu de visita: De 10:30 a 19:30 (ensin llinde de permanencia).<br \/>\nNun ye necesariu acutar pal accesu llibre, solo para les visites empuestes.<br \/>\n<\/span><span style=\"font-family: tahoma, arial, helvetica, sans-serif;font-size: 20px;color: #008080\">Visites empuestes tolos d\u00edes a les 12:00 y a les 18:00.<br \/>\n<\/span><span style=\"font-family: tahoma, arial, helvetica, sans-serif;font-size: 20px;color: #008080\">Reserves para les visites empuestes en: 615148630 \u2013 678865276<\/span><\/p>\n<h4 class=\"font-size-l padding-b-20\"><span style=\"font-family: tahoma, arial, helvetica, sans-serif;font-size: 20px\">Esta xoya verde y\u00e1 ye unu de los mayores atractivos tur\u00edsticos de L.l<\/span><span style=\"font-family: tahoma, arial, helvetica, sans-serif;font-size: 20px\">uarca<\/span><\/h4>\n<h4 class=\"font-size-l padding-b-20\"><!--more--><\/h4>\n<p>&nbsp;<\/p>\n<p><a href=\"https:\/\/www.ieslamagdalena.com\/wp-content\/uploads\/2018\/04\/20180412_102358.jpg\"><img loading=\"lazy\" decoding=\"async\" class=\"alignnone \" src=\"https:\/\/www.ieslamagdalena.com\/wp-content\/uploads\/2018\/04\/20180412_102358.jpg\" width=\"1005\" height=\"565\" \/><\/a><\/p>\n<p><span style=\"font-family: tahoma, arial, helvetica, sans-serif;font-size: 20px\">El monte xard\u00edn de<strong> La Fonte Baixa<\/strong>, en L.luarca, ye una de les ayalgues meyor escond\u00edes del conceyu, propied\u00e1 de la familia fundadora de la empresa Panrico. <\/span><span style=\"font-family: tahoma, arial, helvetica, sans-serif;font-size: 20px\">Con ellos, angua\u00f1o&#8217;l Conceyu algamaba un alcuerdu d&#8217;arriendu pol qu&#8217;esti espaciu pasaba a abrir al p\u00fablicu. <\/span><span style=\"font-family: tahoma, arial, helvetica, sans-serif;font-size: 20px\">Una apuesta que, unos meses dempu\u00e9s, ci\u00e9rrase con unu de los meyores balances que se pod\u00eden imaxinar: cuasi 15.000 visitantes. Una cifra m\u00e1s sorprendente ent\u00e1, si se compara colos 11.000 habitantes colos que cunta&#8217;l conceyu.<\/span><\/p>\n<p><span style=\"font-family: tahoma, arial, helvetica, sans-serif;font-size: 20px\">Ye un espaciu \u00fanicu. Un xard\u00edn escalon\u00e1u d&#8217;ocho hect\u00e1rees, el mayor de toa Espa\u00f1a de titularid\u00e1 privada y una de les grandes ayalgues de L.luarca. <\/span><span style=\"font-family: tahoma, arial, helvetica, sans-serif;font-size: 20px\">Nos sos seis paseos escuende miles d&#8217;especies, dende camelies a felechos xigantes de Tasmania, pasando per otres aut\u00f3ctones, como los dos casta\u00f1os de 600 a\u00f1os que&#8217;l so propietariu, el fundador de la empresa Panrico, traxo dende Tin\u00e9u. <\/span><\/p>\n<p><a href=\"https:\/\/1.bp.blogspot.com\/-KV14xJXjCbw\/ULudzEQvZ4I\/AAAAAAAAQBA\/-iQjeJOqtLE\/s1600\/_IGP1385_89_Panorama.jpg\"><img loading=\"lazy\" decoding=\"async\" class=\"alignnone \" src=\"https:\/\/1.bp.blogspot.com\/-KV14xJXjCbw\/ULudzEQvZ4I\/AAAAAAAAQBA\/-iQjeJOqtLE\/s1600\/_IGP1385_89_Panorama.jpg\" width=\"990\" height=\"553\" \/><\/a><\/p>\n<p><span style=\"font-family: tahoma, arial, helvetica, sans-serif;font-size: 20px\">Inclusive en d\u00edes grises y lluviosos, son munchos los curiosos que s&#8217;averen dende tolos puntos del pa\u00eds pa conocer esti espaciu \u00fanicu. <\/span><span style=\"font-family: tahoma, arial, helvetica, sans-serif;font-size: 20px\">Pel momentu pue esfrutase malapenes la met\u00e1 del xard\u00edn. El Conceyu y\u00e1 trabaya n&#8217;adaptar el restu, con un alcuerdu d&#8217;arriendu per ocho a\u00f1os, pero col sua\u00f1u de futuru de mercar esta xoya verde que, en malapenes tres meses, y\u00e1 ye unu de los mayores atractivos tur\u00edsticos de L.luarca.<\/span><\/p>\n<ul>\n<li><a href=\"https:\/\/www.youtube.com\/watch?v=74VFVypT86M\">Ver videu<\/a><\/li>\n<\/ul>\n<p>&nbsp;<\/p>\n\n<!-- iframe plugin v.6.0 wordpress.org\/plugins\/iframe\/ -->\n<iframe loading=\"lazy\" width=\"588\" height=\"331\" src=\"https:\/\/www.youtube.com\/embed\/74VFVypT86M\" scrolling=\"yes\" class=\"iframe-class\" frameborder=\"0\"><\/iframe>\n\n<p>&nbsp;<\/p>\n\n<!-- iframe plugin v.6.0 wordpress.org\/plugins\/iframe\/ -->\n<iframe loading=\"lazy\" width=\"588\" height=\"331\" src=\"https:\/\/www.youtube.com\/embed\/ddTyeVmkv4M\" scrolling=\"yes\" class=\"iframe-class\" frameborder=\"0\"><\/iframe>\n\n","protected":false},"excerpt":{"rendered":"<p>Ver noticia na TPA Web + paisajelibre DATOS D&#8217;INTER\u00c9S:\u00a0 Distancia y duraci\u00f3n averada de la visita: 3h \u2013 5km Preciu: 3 euros adultu (de baldre hasta&#8217;l 10 de Julio 2020). Esiste tami\u00e9n un bonu a\u00f1al de 10\u20ac con accesu ilimit\u00e1u para tol a\u00f1u. Horariu de visita: De 10:30 a 19:30 (ensin llinde de permanencia). Nun [&hellip;]<\/p>\n","protected":false},"author":117,"featured_media":0,"comment_status":"closed","ping_status":"open","sticky":false,"template":"","format":"standard","meta":{"footnotes":""},"categories":[29,59],"tags":[],"class_list":["post-933","post","type-post","status-publish","format-standard","hentry","category-articulos","category-rtpa"],"_links":{"self":[{"href":"https:\/\/edublog.educastur.es\/ixuxu\/wp-json\/wp\/v2\/posts\/933","targetHints":{"allow":["GET"]}}],"collection":[{"href":"https:\/\/edublog.educastur.es\/ixuxu\/wp-json\/wp\/v2\/posts"}],"about":[{"href":"https:\/\/edublog.educastur.es\/ixuxu\/wp-json\/wp\/v2\/types\/post"}],"author":[{"embeddable":true,"href":"https:\/\/edublog.educastur.es\/ixuxu\/wp-json\/wp\/v2\/users\/117"}],"replies":[{"embeddable":true,"href":"https:\/\/edublog.educastur.es\/ixuxu\/wp-json\/wp\/v2\/comments?post=933"}],"version-history":[{"count":5,"href":"https:\/\/edublog.educastur.es\/ixuxu\/wp-json\/wp\/v2\/posts\/933\/revisions"}],"predecessor-version":[{"id":939,"href":"https:\/\/edublog.educastur.es\/ixuxu\/wp-json\/wp\/v2\/posts\/933\/revisions\/939"}],"wp:attachment":[{"href":"https:\/\/edublog.educastur.es\/ixuxu\/wp-json\/wp\/v2\/media?parent=933"}],"wp:term":[{"taxonomy":"category","embeddable":true,"href":"https:\/\/edublog.educastur.es\/ixuxu\/wp-json\/wp\/v2\/categories?post=933"},{"taxonomy":"post_tag","embeddable":true,"href":"https:\/\/edublog.educastur.es\/ixuxu\/wp-json\/wp\/v2\/tags?post=933"}],"curies":[{"name":"wp","href":"https:\/\/api.w.org\/{rel}","templated":true}]}}