{"id":9402,"date":"2021-09-03T00:30:33","date_gmt":"2021-09-02T22:30:33","guid":{"rendered":"https:\/\/edublog.educastur.es\/ixuxu\/?p=9402"},"modified":"2021-09-03T00:34:58","modified_gmt":"2021-09-02T22:34:58","slug":"innovador-y-brillosu-proyectu-la-biblioteca-humana","status":"publish","type":"post","link":"https:\/\/edublog.educastur.es\/ixuxu\/2021\/09\/innovador-y-brillosu-proyectu-la-biblioteca-humana\/","title":{"rendered":"Innovador y brillosu proyectu: \u00abLa biblioteca humana\u00bb"},"content":{"rendered":"<p style=\"text-align: center\"><a href=\"https:\/\/aws.traveler.es\/prod\/designs\/v1\/assets\/745x394\/118896.jpg\"><img loading=\"lazy\" decoding=\"async\" class=\"alignnone\" src=\"https:\/\/aws.traveler.es\/prod\/designs\/v1\/assets\/745x394\/118896.jpg\" alt=\"\" width=\"745\" height=\"394\" \/><\/a><\/p>\n<p>En Dinamarca, <strong><span style=\"color: #008080\">hai biblioteques onde puede pidise emprestada a una persona en llugar d&#8217;un llibru para escuchar la hestoria de la so vida mientres 30 minutos<\/span><\/strong>. L&#8217;oxetivu ye lluchar contra los prexuicios. Cada persona tien un t\u00edtulu: \u00abpar\u00e1u\u00bb, \u00ababelug\u00e1u\u00bb (refugiado), \u00abbipolar\u00bb, etc. &#8211; pero al escuchar la so hestoria, te das cuenta de lo muncho que nun tienes de xulgar un llibru pola so portada\u00bb. Esti innovador y brillosu proyectu ta activu en m\u00e1s de 50 pa\u00edses. Ll\u00e1mase <span style=\"color: #008080\"><strong>\u00abLa biblioteca humana\u00bb.<\/strong><\/span><\/p>\n<ul>\n<li>Fonte:<a href=\"https:\/\/www.facebook.com\/rincondecultura\/photos\/a.443508483166826\/983821989135470\/\"> El rinc\u00f3n de la cultura Facebook<\/a> \/ <a href=\"https:\/\/www.google.com\/search?q=dinamarca+biblioteca+humana&amp;client=firefox-b-d&amp;sxsrf=AOaemvIpF2WMW4egwi-9D6KZlHuenh_biw:1630621697835&amp;source=lnms&amp;tbm=isch&amp;sa=X&amp;ved=2ahUKEwi1vb-Yq-HyAhVNyxoKHe5FAOgQ_AUoAXoECAEQAw&amp;biw=1536&amp;bih=739\">semeyes<\/a> \/<\/li>\n<\/ul>\n<p><!--more--><\/p>\n<p><a href=\"https:\/\/caminantedelsur.files.wordpress.com\/2021\/06\/fb_img_1623420502915.jpg\"><img loading=\"lazy\" decoding=\"async\" class=\"alignnone\" src=\"https:\/\/caminantedelsur.files.wordpress.com\/2021\/06\/fb_img_1623420502915.jpg\" alt=\"\" width=\"1080\" height=\"722\" \/><\/a><\/p>\n<p>\u00bfy si eses lletres, eses palabres ya idees entestaes nun llibru, tresformense n&#8217;una persona real, como pudiera ser la persona que les escribe o inclusive la protagonista de la trama? D&#8217;eso precisamente traten les biblioteques humanes.<span style=\"color: #008080\"><strong> Ell\u00ed cam\u00fadase llectura pol di\u00e1logu para lluchar contra prexuicios y estereotipos.<\/strong><\/span><\/p>\n<p>El so orixe at\u00f3pase en <a href=\"https:\/\/humanlibrary.org\/\"><span style=\"color: #008080\"><strong>The Human Library Organization<\/strong><\/span><\/a>, una organizaci\u00f3n ensin \u00e1nimu d&#8217;arriquecimientu qu&#8217;acueye conversaciones ente persones pa desafiar al estigma de los estereotipos.<a href=\"https:\/\/humanlibrary.org\/\"> https:\/\/humanlibrary.org\/<\/a><\/p>\n<p style=\"text-align: center\"><a href=\"https:\/\/muhimu.es\/wp-content\/uploads\/2017\/08\/bibliotecas-humanas-muhimu.jpg\"><img loading=\"lazy\" decoding=\"async\" class=\"alignnone\" src=\"https:\/\/muhimu.es\/wp-content\/uploads\/2017\/08\/bibliotecas-humanas-muhimu.jpg\" alt=\"\" width=\"750\" height=\"500\" \/><\/a><\/p>\n<p>Nac\u00edes nel a\u00f1u 2000 en Dinamarca, les biblioteques humanes at\u00f3pense presentes cada vez en m\u00e1s pa\u00edses.<\/p>\n<p>Les biblioteques humanes dexen un aprendizaxe y un di\u00e1logu ente persones: xuna que sabe y quier esplicar, y otra que quier aprender. \u00bfY lo meyor? Les temes que s&#8217;enceten siempres t\u00e1n rellacionaos cola amenaza d&#8217;esclusi\u00f3n social y c\u00f3mo tratar d&#8217;evitalo.<\/p>\n","protected":false},"excerpt":{"rendered":"<p>En Dinamarca, hai biblioteques onde puede pidise emprestada a una persona en llugar d&#8217;un llibru para escuchar la hestoria de la so vida mientres 30 minutos. L&#8217;oxetivu ye lluchar contra los prexuicios. Cada persona tien un t\u00edtulu: \u00abpar\u00e1u\u00bb, \u00ababelug\u00e1u\u00bb (refugiado), \u00abbipolar\u00bb, etc. &#8211; pero al escuchar la so hestoria, te das cuenta de lo muncho [&hellip;]<\/p>\n","protected":false},"author":117,"featured_media":0,"comment_status":"open","ping_status":"open","sticky":false,"template":"","format":"standard","meta":{"footnotes":""},"categories":[193,25],"tags":[],"class_list":["post-9402","post","type-post","status-publish","format-standard","hentry","category-biblioteques","category-curiosidaes"],"_links":{"self":[{"href":"https:\/\/edublog.educastur.es\/ixuxu\/wp-json\/wp\/v2\/posts\/9402","targetHints":{"allow":["GET"]}}],"collection":[{"href":"https:\/\/edublog.educastur.es\/ixuxu\/wp-json\/wp\/v2\/posts"}],"about":[{"href":"https:\/\/edublog.educastur.es\/ixuxu\/wp-json\/wp\/v2\/types\/post"}],"author":[{"embeddable":true,"href":"https:\/\/edublog.educastur.es\/ixuxu\/wp-json\/wp\/v2\/users\/117"}],"replies":[{"embeddable":true,"href":"https:\/\/edublog.educastur.es\/ixuxu\/wp-json\/wp\/v2\/comments?post=9402"}],"version-history":[{"count":3,"href":"https:\/\/edublog.educastur.es\/ixuxu\/wp-json\/wp\/v2\/posts\/9402\/revisions"}],"predecessor-version":[{"id":9404,"href":"https:\/\/edublog.educastur.es\/ixuxu\/wp-json\/wp\/v2\/posts\/9402\/revisions\/9404"}],"wp:attachment":[{"href":"https:\/\/edublog.educastur.es\/ixuxu\/wp-json\/wp\/v2\/media?parent=9402"}],"wp:term":[{"taxonomy":"category","embeddable":true,"href":"https:\/\/edublog.educastur.es\/ixuxu\/wp-json\/wp\/v2\/categories?post=9402"},{"taxonomy":"post_tag","embeddable":true,"href":"https:\/\/edublog.educastur.es\/ixuxu\/wp-json\/wp\/v2\/tags?post=9402"}],"curies":[{"name":"wp","href":"https:\/\/api.w.org\/{rel}","templated":true}]}}