{"id":9422,"date":"2021-09-04T12:54:10","date_gmt":"2021-09-04T10:54:10","guid":{"rendered":"https:\/\/edublog.educastur.es\/ixuxu\/?p=9422"},"modified":"2021-09-04T13:02:25","modified_gmt":"2021-09-04T11:02:25","slug":"cantar-duvieu-de-fran-juesas","status":"publish","type":"post","link":"https:\/\/edublog.educastur.es\/ixuxu\/2021\/09\/cantar-duvieu-de-fran-juesas\/","title":{"rendered":"\u00abCantar d&#8217;Uvi\u00e9u\u00bb de Fran Juesas"},"content":{"rendered":"<p style=\"text-align: center\">\n<!-- iframe plugin v.6.0 wordpress.org\/plugins\/iframe\/ -->\n<iframe loading=\"lazy\" width=\"100%\" height=\"456\" src=\"https:\/\/www.youtube.com\/embed\/WdQS1dEggaY\" 0=\"\/iframe\" scrolling=\"yes\" class=\"iframe-class\" frameborder=\"0\"><\/iframe>\n<\/p>\n<ul>\n<li style=\"text-align: left\"><span style=\"color: #008080\"><strong>Fran Juesas<\/strong><\/span>: <a href=\"http:\/\/www.franjuesas.es\/\">web<\/a> \/ <a href=\"https:\/\/open.spotify.com\/artist\/0yfkLsmDFBkrWaae4dpeO8\">Spotify <\/a>\/ <a href=\"https:\/\/www.facebook.com\/franjuesasmusic\/\">Facebook<\/a> \/ <a href=\"https:\/\/www.youtube.com\/channel\/UCgbZ9oWm8tXZgoJGm7HDT7w\">Youtube<\/a> \/ <a href=\"https:\/\/www.instagram.com\/franjuesas\/?hl=es\">Instagram<\/a> \/<\/li>\n<\/ul>\n<p><!--more--><\/p>\n<p>Siempres quixi escribir unu cantar cola que terminar los conciertos na mio ciud\u00e1, pero falt\u00e1bame una lletra que reflexara lo que significa para mi ser uvieina. Un d\u00eda record\u00e9 la frase d&#8217;unu cantar d&#8217;Antonio Vega que dic\u00eda:<em><span style=\"color: #008080\"> \u00abnun hai nada meyor que componer ensin guitarra nin papel\u00bb<\/span><\/em>, asina que sal\u00ed a la cai y pasiando adulces atop\u00e9 esa lletra que tantu tiempu llevaba buscando. Esta ye&#8217;l mio \u00abCantar d&#8217;Uvi\u00e9u\u00bb ?<\/p>\n<p><span style=\"font-size: 14px\"><em>Realizaci\u00f3n: Titi Mu\u00f1oz \/ C\u00e1maras: Juan A.Garc\u00eda \/ Titi Mu\u00f1oz \/ Grabado y producido por Miguel Herrero en Estudio Acme<\/em><\/span><br \/>\n<span style=\"font-size: 14px\"><em>Agradecimiento a El Reloj De Porlier\/ (C) Santo Grial Producciones SL \/ Fran Juesas 2021<\/em><\/span><\/p>\n<ul>\n<li><a href=\"https:\/\/www.elcomercio.es\/planes\/ovetense-fran-juesas-laboral-20210506180656-nt.html\">El Comercio: L&#8217;uvie\u00edn Fran Juesas presenta&#8217;l so discu &#8216;Tiempu&#8217; na Llaboral<\/a><br \/>\nEl cantautor, acompa\u00f1\u00e1u d&#8217; Edgar Olivero, va interpretar composiciones propies y versiones cl\u00e1siques del pop y rock espa\u00f1ol<\/li>\n<\/ul>\n","protected":false},"excerpt":{"rendered":"<p>Fran Juesas: web \/ Spotify \/ Facebook \/ Youtube \/ Instagram \/<\/p>\n","protected":false},"author":117,"featured_media":0,"comment_status":"open","ping_status":"open","sticky":false,"template":"","format":"standard","meta":{"footnotes":""},"categories":[35],"tags":[],"class_list":["post-9422","post","type-post","status-publish","format-standard","hentry","category-musica"],"_links":{"self":[{"href":"https:\/\/edublog.educastur.es\/ixuxu\/wp-json\/wp\/v2\/posts\/9422","targetHints":{"allow":["GET"]}}],"collection":[{"href":"https:\/\/edublog.educastur.es\/ixuxu\/wp-json\/wp\/v2\/posts"}],"about":[{"href":"https:\/\/edublog.educastur.es\/ixuxu\/wp-json\/wp\/v2\/types\/post"}],"author":[{"embeddable":true,"href":"https:\/\/edublog.educastur.es\/ixuxu\/wp-json\/wp\/v2\/users\/117"}],"replies":[{"embeddable":true,"href":"https:\/\/edublog.educastur.es\/ixuxu\/wp-json\/wp\/v2\/comments?post=9422"}],"version-history":[{"count":5,"href":"https:\/\/edublog.educastur.es\/ixuxu\/wp-json\/wp\/v2\/posts\/9422\/revisions"}],"predecessor-version":[{"id":9427,"href":"https:\/\/edublog.educastur.es\/ixuxu\/wp-json\/wp\/v2\/posts\/9422\/revisions\/9427"}],"wp:attachment":[{"href":"https:\/\/edublog.educastur.es\/ixuxu\/wp-json\/wp\/v2\/media?parent=9422"}],"wp:term":[{"taxonomy":"category","embeddable":true,"href":"https:\/\/edublog.educastur.es\/ixuxu\/wp-json\/wp\/v2\/categories?post=9422"},{"taxonomy":"post_tag","embeddable":true,"href":"https:\/\/edublog.educastur.es\/ixuxu\/wp-json\/wp\/v2\/tags?post=9422"}],"curies":[{"name":"wp","href":"https:\/\/api.w.org\/{rel}","templated":true}]}}