{"id":9523,"date":"2021-09-05T18:35:07","date_gmt":"2021-09-05T16:35:07","guid":{"rendered":"https:\/\/edublog.educastur.es\/ixuxu\/?p=9523"},"modified":"2021-10-02T12:18:02","modified_gmt":"2021-10-02T10:18:02","slug":"en-xixon-festival-al-resve-del-10-al-19-de-setiembre","status":"publish","type":"post","link":"https:\/\/edublog.educastur.es\/ixuxu\/2021\/09\/en-xixon-festival-al-resve-del-10-al-19-de-setiembre\/","title":{"rendered":"En Xix\u00f3n, Festival \u00abAl Resve\u00bb del 10 al 19 de setiembre"},"content":{"rendered":"<div>\n<p style=\"text-align: center\"><a href=\"https:\/\/drupal.gijon.es\/sites\/default\/files\/styles\/imagen_cabecera_slider\/public\/2021-08\/Cabecera%20Al%20Resve_1.JPG\"><img loading=\"lazy\" decoding=\"async\" class=\"aligncenter\" src=\"https:\/\/drupal.gijon.es\/sites\/default\/files\/styles\/imagen_cabecera_slider\/public\/2021-08\/Cabecera%20Al%20Resve_1.JPG\" alt=\"\" width=\"737\" height=\"230\" \/><\/a><\/p>\n<\/div>\n<p class=\"text-align-justify\">El festival \u201cAl Resve\u201d va celebrase del 10 al 19 de setiembre pel tiempu les fiestes del barriu Cimavilla, al que-y queremos dar puxu como conceutu y espaciu cultural, al empar qu\u2019apostamos por amosar la creativid\u00e1 d\u2019Asturies nes sos estayes art\u00edstiques cabezaleres.<\/p>\n<ul>\n<li><a href=\"https:\/\/www.gijon.es\/ast\/eventos\/festival-al-resve\">Fonte noticia: Gij\u00f3n.es<\/a><\/li>\n<li><a href=\"https:\/\/www.gijon.es\/ast\/eventos\/festival-al-resve\">Programa<\/a><\/li>\n<\/ul>\n<p><!--more--><\/p>\n<p class=\"text-align-justify\">La programaci\u00f3n d\u2019esti a\u00f1u, nel que vamos perpasando\u2019l silenciu llant\u00e1u pol andanciu del Covid-19, ye integradora y participativa: cuntamos que la cultura tien de salir a la cai y vamos inxerir a los coleutivos que, con enfotos y tastos estremaos, faen posible que la nuesa forma de ver el mundiu seya, como foi davezu, activa y din\u00e1mica.<\/p>\n<p>Pa ello, fixemos un <span style=\"color: #008080\">programa nel que van atopar abellugu les artes pl\u00e1stiques y esc\u00e9niques, la llingua asturiana y la m\u00fasica tradicional: cantares pa la xentiquina, tonada, folk, bandines de romer\u00eda, instrumentos del pa\u00eds y teunolox\u00edes aplicaes a la m\u00fasica de raiga\u00f1u.<\/span> Son grandes estayes de trabayu qu\u2019atropen l\u2019esfuerciu de la moced\u00e1 creativo y ufren propuestes compromet\u00edes y anovadores.<\/p>\n<p style=\"text-align: center\">\n<!-- iframe plugin v.6.0 wordpress.org\/plugins\/iframe\/ -->\n<iframe loading=\"lazy\" src=\"https:\/\/www.facebook.com\/plugins\/video.php?height=314&#038;href=https%3A%2F%2Fwww.facebook.com%2Fofillin%2Fvideos%2F2850197648623693%2F&#038;show_text=true&#038;width=560&#038;t=0\" width=\"560\" height=\"429\" style=\"border:none;overflow:hidden\" scrolling=\"no\" frameborder=\"0\" allowfullscreen=\"true\" allow=\"autoplay; clipboard-write; encrypted-media; picture-in-picture; web-share\" 0=\"\/iframe\" class=\"iframe-class\"><\/iframe>\n<\/p>\n<p>&nbsp;<\/p>\n","protected":false},"excerpt":{"rendered":"<p>El festival \u201cAl Resve\u201d va celebrase del 10 al 19 de setiembre pel tiempu les fiestes del barriu Cimavilla, al que-y queremos dar puxu como conceutu y espaciu cultural, al empar qu\u2019apostamos por amosar la creativid\u00e1 d\u2019Asturies nes sos estayes art\u00edstiques cabezaleres. Fonte noticia: Gij\u00f3n.es Programa<\/p>\n","protected":false},"author":117,"featured_media":0,"comment_status":"open","ping_status":"open","sticky":false,"template":"","format":"standard","meta":{"footnotes":""},"categories":[204,183],"tags":[],"class_list":["post-9523","post","type-post","status-publish","format-standard","hentry","category-festivales","category-xixon"],"_links":{"self":[{"href":"https:\/\/edublog.educastur.es\/ixuxu\/wp-json\/wp\/v2\/posts\/9523","targetHints":{"allow":["GET"]}}],"collection":[{"href":"https:\/\/edublog.educastur.es\/ixuxu\/wp-json\/wp\/v2\/posts"}],"about":[{"href":"https:\/\/edublog.educastur.es\/ixuxu\/wp-json\/wp\/v2\/types\/post"}],"author":[{"embeddable":true,"href":"https:\/\/edublog.educastur.es\/ixuxu\/wp-json\/wp\/v2\/users\/117"}],"replies":[{"embeddable":true,"href":"https:\/\/edublog.educastur.es\/ixuxu\/wp-json\/wp\/v2\/comments?post=9523"}],"version-history":[{"count":3,"href":"https:\/\/edublog.educastur.es\/ixuxu\/wp-json\/wp\/v2\/posts\/9523\/revisions"}],"predecessor-version":[{"id":10111,"href":"https:\/\/edublog.educastur.es\/ixuxu\/wp-json\/wp\/v2\/posts\/9523\/revisions\/10111"}],"wp:attachment":[{"href":"https:\/\/edublog.educastur.es\/ixuxu\/wp-json\/wp\/v2\/media?parent=9523"}],"wp:term":[{"taxonomy":"category","embeddable":true,"href":"https:\/\/edublog.educastur.es\/ixuxu\/wp-json\/wp\/v2\/categories?post=9523"},{"taxonomy":"post_tag","embeddable":true,"href":"https:\/\/edublog.educastur.es\/ixuxu\/wp-json\/wp\/v2\/tags?post=9523"}],"curies":[{"name":"wp","href":"https:\/\/api.w.org\/{rel}","templated":true}]}}