{"id":959,"date":"2020-09-07T08:33:08","date_gmt":"2020-09-07T06:33:08","guid":{"rendered":"https:\/\/edublog.educastur.es\/ixuxu\/?p=959"},"modified":"2020-09-08T15:01:11","modified_gmt":"2020-09-08T13:01:11","slug":"dia-internacional-del-aire-llimpio-per-un-cielu-azul","status":"publish","type":"post","link":"https:\/\/edublog.educastur.es\/ixuxu\/2020\/09\/dia-internacional-del-aire-llimpio-per-un-cielu-azul\/","title":{"rendered":"D\u00eda Internacional del aire llimpio  per un cielu azul"},"content":{"rendered":"<p><img loading=\"lazy\" decoding=\"async\" class=\"alignnone \" src=\"https:\/\/global.unitednations.entermediadb.net\/assets\/mediadb\/services\/module\/asset\/downloads\/preset\/assets\/2019\/04\/22-04-2019_WMO_Earth-Day.jpg\/image1170x530cropped.jpg\" width=\"801\" height=\"363\" \/><\/p>\n<p>&nbsp;<\/p>\n\n<!-- iframe plugin v.6.0 wordpress.org\/plugins\/iframe\/ -->\n<iframe loading=\"lazy\" width=\"647\" height=\"364\" src=\"https:\/\/www.youtube.com\/embed\/QqaLeK22_Rc\" scrolling=\"yes\" class=\"iframe-class\" frameborder=\"0\"><\/iframe>\n\n<p><a href=\"https:\/\/www.youtube.com\/watch?v=QqaLeK22_Rc&amp;feature=youtu.be\">Videu: El aire y la necesidad de ventilar<\/a><\/p>\n<p><span style=\"font-size: 20px;font-family: tahoma, arial, helvetica, sans-serif;color: #008080\"><em>\u00abPasamos ente&#8217;l 80-90% de les nueses vides nel interior d&#8217;edificios\u00bb<\/em><\/span><\/p>\n<p><span style=\"font-family: tahoma, arial, helvetica, sans-serif;font-size: 20px\">L&#8217;aire llimpio ye importante pa la sal\u00fa y la vida cotidiana de les persones, y la contaminaci\u00f3n atmosf\u00e9rica ye&#8217;l mayor riesgu ambiental pa la sal\u00fa humana y una de les principales causes de muerte y enfermed\u00e1 en tol mundu que podr\u00eden evitase. Dicha contaminaci\u00f3n afecta de manera desproporcionada a les muyeres, los ne\u00f1os y a les persones d&#8217;ed\u00e1 avanzada y tien efectos negativos nos ecosistemes.<\/span><\/p>\n<ul>\n<li><a href=\"https:\/\/www.un.org\/es\/observances\/clean-air-day\">Web Naciones Un\u00edes<\/a><\/li>\n<li><span class=\"pdf-link\"><a href=\"https:\/\/undocs.org\/es\/A\/RES\/74\/212\">D\u00eda Internacional del Aire Limpio por un cielo azul (A\/RES\/74\/212)<\/a><\/span><\/li>\n<li><a href=\"https:\/\/news.un.org\/es\/story\/2020\/09\/1480062\">Noticies ONU<\/a><\/li>\n<\/ul>\n<p><span style=\"font-size: 20px;font-family: tahoma, arial, helvetica, sans-serif\">En septiembre de 2019, l&#8217;Asamblea Xeneral de les Naciones Xun\u00edes design\u00f3&#8217;l 7 de setiembre como&#8217;l <strong><span style=\"color: #008080\">D\u00eda internacional del aire llimpio<\/span><\/strong>. D\u00e1u&#8217;l contestu actual de la pandemia de COVID-19, el d\u00eda asume un papel ent\u00e1 m\u00e1s importante al destacar la urxencia d&#8217;encetar la contaminaci\u00f3n del aire en beneficiu de la sal\u00fa humana.<br \/>\n<\/span><\/p>\n<p><!--more--><\/p>\n<p><img loading=\"lazy\" decoding=\"async\" class=\"aligncenter  wp-image-966\" src=\"http:\/\/edublog.educastur.es\/ixuxu\/files\/2020\/09\/villa.jpg\" alt=\"\" width=\"1192\" height=\"894\" srcset=\"https:\/\/edublog.educastur.es\/ixuxu\/files\/2020\/09\/villa.jpg 1600w, https:\/\/edublog.educastur.es\/ixuxu\/files\/2020\/09\/villa-300x225.jpg 300w, https:\/\/edublog.educastur.es\/ixuxu\/files\/2020\/09\/villa-1024x768.jpg 1024w, https:\/\/edublog.educastur.es\/ixuxu\/files\/2020\/09\/villa-768x576.jpg 768w, https:\/\/edublog.educastur.es\/ixuxu\/files\/2020\/09\/villa-1536x1152.jpg 1536w, https:\/\/edublog.educastur.es\/ixuxu\/files\/2020\/09\/villa-1000x750.jpg 1000w, https:\/\/edublog.educastur.es\/ixuxu\/files\/2020\/09\/villa-400x300.jpg 400w\" sizes=\"auto, (max-width: 1192px) 100vw, 1192px\" \/><\/p>\n<p><span style=\"font-size: 20px;font-family: tahoma, arial, helvetica, sans-serif\">L&#8217;aire qu&#8217;alendamos en munchos llugares del mundu, especialmente les grandes ciudaes, ta bien llue\u00f1e de ser puru. Esisten pequenes part\u00edcules invisibles de contaminaci\u00f3n qu&#8217;enfusen nos nuesos pulmones, la nuesa sangre y los nuesos cuerpos. Estos peque\u00f1os contaminantes son los responsables d&#8217;aprosimao un terciu de les muertes por accidente cerebrovascular, enfermed\u00e1 respiratoria cr\u00f3nica y c\u00e1ncer de pulm\u00f3n, lo mesmo que de una cuarta parte de les muertes por ataque cardiacu. L&#8217;ozonu troposf\u00e9rico, produc\u00edu pola interacci\u00f3n de munchos contaminantes distintos na lluz solar, ye tami\u00e9n causante d&#8217;enfermedaes como l&#8217;asma y enfermedaes respiratories cr\u00f3niques.<\/span><\/p>\n<p><span style=\"font-size: 20px;font-family: tahoma, arial, helvetica, sans-serif\">Magar l&#8217;aire ye absolutamente vital pa la nuesa esistencia, tami\u00e9n puede ser bien nocivu pa nuesa sal\u00fa. Los contaminantes clim\u00e1ticos de curtia duraci\u00f3n at\u00f3pense ente los contaminantes m\u00e1s rellacionaos colos efectos sobro la sal\u00fa y el calentamientu del planeta al curtiu plazu. Pueden permanecer na atm\u00f3sfera por tan solu unos pocos d\u00edes o hasta delles d\u00e9cades, polo qu&#8217;amenorgalos puede tener beneficios casi inmediatos pa la sal\u00fa y el clima pa quien viven en llugares onde los niveles cayen.<\/span><\/p>\n<p><span style=\"font-family: tahoma, arial, helvetica, sans-serif;font-size: 20px\">L&#8217;aire: I<\/span><span style=\"font-family: tahoma, arial, helvetica, sans-serif;font-size: 20px\">mpactu na sal\u00fa<\/span><\/p>\n<p><span style=\"font-family: tahoma, arial, helvetica, sans-serif;font-size: 20px\">Esisten pequenes part\u00edcules invisibles de contaminaci\u00f3n qu&#8217;enfusen nos nuesos pulmones, la nuesa sangre y los nuesos cuerpos. Estos peque\u00f1os contaminantes son los responsables d&#8217;aprosimao un terciu de les muertes por accidente cerebrovascular, enfermed\u00e1 respiratoria cr\u00f3nica y c\u00e1ncer de pulm\u00f3n, lo mesmo que de una cuarta parte de les muertes por ataque cardiacu. L&#8217;ozonu troposf\u00e9rico, produc\u00edu pola interacci\u00f3n de munchos contaminantes distintos na lluz solar, ye tami\u00e9n causante d&#8217;enfermedaes como l&#8217;asma y enfermedaes respiratories cr\u00f3niques.<\/span><\/p>\n<p><span style=\"font-family: tahoma, arial, helvetica, sans-serif;font-size: 20px\">La contaminaci\u00f3n atmosf\u00e9rica ye&#8217;l mayor riesgu ambiental pa la sal\u00fa humana y xuna de les principales causes evitables de muertes y enfermedaes en tol mundu, responsable d&#8217;aprosimao 6,5 millones de muertes prematures en tol mundu (en 2016) atribuy\u00edes a la contaminaci\u00f3n atmosf\u00e9rica n&#8217;interiores y al campu. Nos pa\u00edses en desenvolvimientu, esti tipu de contaminaci\u00f3n afecta de manera desproporcionada a les muyeres, los ne\u00f1os y los vieyos.<\/span><\/p>\n<ul>\n<li><a href=\"https:\/\/www.youtube.com\/watch?time_continue=25&amp;v=vdhDnYdBDhQ&amp;feature=emb_logo\"><em><span style=\"font-family: tahoma, arial, helvetica, sans-serif;font-size: 20px\">V\u00eddeu: respira vida<\/span><\/em><\/a><\/li>\n<\/ul>\n<p><span style=\"font-family: tahoma, arial, helvetica, sans-serif;font-size: 20px\">\n<!-- iframe plugin v.6.0 wordpress.org\/plugins\/iframe\/ -->\n<iframe loading=\"lazy\" width=\"588\" height=\"331\" src=\"https:\/\/www.youtube.com\/embed\/vdhDnYdBDhQ\" scrolling=\"yes\" class=\"iframe-class\" frameborder=\"0\"><\/iframe>\n<\/span><\/p>\n<p>&nbsp;<\/p>\n","protected":false},"excerpt":{"rendered":"<p>&nbsp; Videu: El aire y la necesidad de ventilar \u00abPasamos ente&#8217;l 80-90% de les nueses vides nel interior d&#8217;edificios\u00bb L&#8217;aire llimpio ye importante pa la sal\u00fa y la vida cotidiana de les persones, y la contaminaci\u00f3n atmosf\u00e9rica ye&#8217;l mayor riesgu ambiental pa la sal\u00fa humana y una de les principales causes de muerte y enfermed\u00e1 [&hellip;]<\/p>\n","protected":false},"author":117,"featured_media":0,"comment_status":"closed","ping_status":"open","sticky":false,"template":"","format":"standard","meta":{"footnotes":""},"categories":[6,4],"tags":[],"class_list":["post-959","post","type-post","status-publish","format-standard","hentry","category-dia-de","category-natura"],"_links":{"self":[{"href":"https:\/\/edublog.educastur.es\/ixuxu\/wp-json\/wp\/v2\/posts\/959","targetHints":{"allow":["GET"]}}],"collection":[{"href":"https:\/\/edublog.educastur.es\/ixuxu\/wp-json\/wp\/v2\/posts"}],"about":[{"href":"https:\/\/edublog.educastur.es\/ixuxu\/wp-json\/wp\/v2\/types\/post"}],"author":[{"embeddable":true,"href":"https:\/\/edublog.educastur.es\/ixuxu\/wp-json\/wp\/v2\/users\/117"}],"replies":[{"embeddable":true,"href":"https:\/\/edublog.educastur.es\/ixuxu\/wp-json\/wp\/v2\/comments?post=959"}],"version-history":[{"count":5,"href":"https:\/\/edublog.educastur.es\/ixuxu\/wp-json\/wp\/v2\/posts\/959\/revisions"}],"predecessor-version":[{"id":965,"href":"https:\/\/edublog.educastur.es\/ixuxu\/wp-json\/wp\/v2\/posts\/959\/revisions\/965"}],"wp:attachment":[{"href":"https:\/\/edublog.educastur.es\/ixuxu\/wp-json\/wp\/v2\/media?parent=959"}],"wp:term":[{"taxonomy":"category","embeddable":true,"href":"https:\/\/edublog.educastur.es\/ixuxu\/wp-json\/wp\/v2\/categories?post=959"},{"taxonomy":"post_tag","embeddable":true,"href":"https:\/\/edublog.educastur.es\/ixuxu\/wp-json\/wp\/v2\/tags?post=959"}],"curies":[{"name":"wp","href":"https:\/\/api.w.org\/{rel}","templated":true}]}}