{"id":9619,"date":"2021-09-08T15:45:07","date_gmt":"2021-09-08T13:45:07","guid":{"rendered":"https:\/\/edublog.educastur.es\/ixuxu\/?p=9619"},"modified":"2021-09-08T15:47:25","modified_gmt":"2021-09-08T13:47:25","slug":"fpa-toma-la-palabra","status":"publish","type":"post","link":"https:\/\/edublog.educastur.es\/ixuxu\/2021\/09\/fpa-toma-la-palabra\/","title":{"rendered":"FPA: \u00abToma la palabra\u00bb"},"content":{"rendered":"<p style=\"text-align: center\"><img loading=\"lazy\" decoding=\"async\" class=\"alignnone \" src=\"https:\/\/www.fpa.es\/recursos\/img\/home\/2021\/toma-la-palabra-2021.jpg\" width=\"272\" height=\"358\" \/><\/p>\n<ul>\n<li><a href=\"https:\/\/www.fpa.es\/\"><strong><span style=\"color: #008080\">Fundaci\u00f3n Princesa de Asturias<\/span><\/strong><\/a> \/<a href=\"https:\/\/www.fpa.es\/es\/toma-la-palabra.html\"> Programa <strong>Toma la palabra<\/strong><\/a> \/<\/li>\n<\/ul>\n<p>La Fundaci\u00f3n Princesa d&#8217;Asturies convoc\u00f3 la sesta edici\u00f3n del programa cultural \u201cToma la palabra\u201d, dirix\u00edu a les etapes de Primaria, Secundaria, Bachilleratu y F. P. del Princip\u00e1u d&#8217;Asturies. El programa dise\u00f1\u00e1u consta de siete actividaes enfocaes a distintes edaes ya inspiraes na obra de los galardonaos en cinco categor\u00edes: <strong><span style=\"color: #008080\">Deportes<\/span><\/strong> (activid\u00e1 1), <strong><span style=\"color: #008080\">Cooperaci\u00f3n Internacional<\/span> <\/strong>(activid\u00e1 2), <span style=\"color: #008080\"><strong>Comunicaci\u00f3n y Humanidaes<\/strong><\/span> (activid\u00e1 3), <strong><span style=\"color: #008080\">Concordia<\/span><\/strong> (activid\u00e1 4 y 5) ya <strong><span style=\"color: #008080\">Investigaci\u00f3n Cient\u00edfica y T\u00e9cnica<\/span> <\/strong>(activid\u00e1 6 y 7).<\/p>\n<p><!--more--><\/p>\n<div class=\"sumario\">\n<ul class=\"tipo1\">\n<li><a class=\"externo\" title=\"undefined (Se abre en ventana nueva)\" href=\"https:\/\/www.fpa.es\/recursos\/doc\/semana-de-los-premios\/2021\/toma-la-palabra-2021.pdf\" target=\"_blank\" rel=\"external noopener\"><span class=\"externo\"><span class=\"estructura\">PROGRAMA cultural \u00abTOMA LA PALABRA\u00bb (dossier completo)<\/span><\/span><\/a><\/li>\n<li><a id=\"Submenu_425_1631010724295\" class=\"estructura\" href=\"https:\/\/www.fpa.es\/es\/toma-la-palabra-2021\/1-un-movimiento-imparable\/\"><span class=\"externo\"><span class=\"contenido\"><span class=\"estructura\">1. Un movimiento imparable<\/span><\/span><\/span><\/a><\/li>\n<li><a id=\"Submenu_426_1631009959359\" class=\"estructura\" href=\"https:\/\/www.fpa.es\/es\/toma-la-palabra-2021\/2-aprenderprosperarliderar\/\"><span class=\"externo\"><span class=\"estructura\">2. Aprender~Prosperar~Liderar<\/span><\/span><\/a><\/li>\n<li><a id=\"Submenu_427_1631009969215\" class=\"estructura\" href=\"https:\/\/www.fpa.es\/es\/toma-la-palabra-2021\/3-generaccion\/\"><span class=\"externo\"><span class=\"estructura\">3. GenerAcci\u00f3n<\/span><\/span><\/a><\/li>\n<li><a id=\"Submenu_429_1631009979533\" class=\"estructura\" href=\"https:\/\/www.fpa.es\/es\/toma-la-palabra-2021\/4-la-concordia-a-la-mesa\/\"><span class=\"externo\"><span class=\"estructura\">4. La concordia a la mesa<\/span><\/span><\/a><\/li>\n<li><a id=\"Submenu_430_1631009990657\" class=\"estructura\" href=\"https:\/\/www.fpa.es\/es\/toma-la-palabra-2021\/5-alimentar-la-humanidad\/\"><span class=\"externo\"><span class=\"estructura\">5. Alimentar la humanidad<\/span><\/span><\/a><\/li>\n<li><a id=\"Submenu_431_1631009999996\" class=\"estructura\" href=\"https:\/\/www.fpa.es\/es\/toma-la-palabra-2021\/6-los-7-magnificos-cientificos\/\"><span class=\"externo\"><span class=\"estructura\">6. Los 7 Magn\u00edficos Cient\u00edficos<\/span><\/span><\/a><\/li>\n<li><a id=\"Submenu_432_1631010017502\" class=\"estructura\" href=\"https:\/\/www.fpa.es\/es\/toma-la-palabra-2021\/7-codigo-cientifico\/\"><span class=\"externo\"><span class=\"estructura\">7. C\u00f3digo cient\u00edfico<\/span><\/span><\/a><\/li>\n<\/ul>\n<\/div>\n","protected":false},"excerpt":{"rendered":"<p>Fundaci\u00f3n Princesa de Asturias \/ Programa Toma la palabra \/ La Fundaci\u00f3n Princesa d&#8217;Asturies convoc\u00f3 la sesta edici\u00f3n del programa cultural \u201cToma la palabra\u201d, dirix\u00edu a les etapes de Primaria, Secundaria, Bachilleratu y F. P. del Princip\u00e1u d&#8217;Asturies. El programa dise\u00f1\u00e1u consta de siete actividaes enfocaes a distintes edaes ya inspiraes na obra de los [&hellip;]<\/p>\n","protected":false},"author":117,"featured_media":0,"comment_status":"open","ping_status":"open","sticky":false,"template":"","format":"standard","meta":{"footnotes":""},"categories":[28],"tags":[],"class_list":["post-9619","post","type-post","status-publish","format-standard","hentry","category-premios-princesa-da"],"_links":{"self":[{"href":"https:\/\/edublog.educastur.es\/ixuxu\/wp-json\/wp\/v2\/posts\/9619","targetHints":{"allow":["GET"]}}],"collection":[{"href":"https:\/\/edublog.educastur.es\/ixuxu\/wp-json\/wp\/v2\/posts"}],"about":[{"href":"https:\/\/edublog.educastur.es\/ixuxu\/wp-json\/wp\/v2\/types\/post"}],"author":[{"embeddable":true,"href":"https:\/\/edublog.educastur.es\/ixuxu\/wp-json\/wp\/v2\/users\/117"}],"replies":[{"embeddable":true,"href":"https:\/\/edublog.educastur.es\/ixuxu\/wp-json\/wp\/v2\/comments?post=9619"}],"version-history":[{"count":4,"href":"https:\/\/edublog.educastur.es\/ixuxu\/wp-json\/wp\/v2\/posts\/9619\/revisions"}],"predecessor-version":[{"id":9623,"href":"https:\/\/edublog.educastur.es\/ixuxu\/wp-json\/wp\/v2\/posts\/9619\/revisions\/9623"}],"wp:attachment":[{"href":"https:\/\/edublog.educastur.es\/ixuxu\/wp-json\/wp\/v2\/media?parent=9619"}],"wp:term":[{"taxonomy":"category","embeddable":true,"href":"https:\/\/edublog.educastur.es\/ixuxu\/wp-json\/wp\/v2\/categories?post=9619"},{"taxonomy":"post_tag","embeddable":true,"href":"https:\/\/edublog.educastur.es\/ixuxu\/wp-json\/wp\/v2\/tags?post=9619"}],"curies":[{"name":"wp","href":"https:\/\/api.w.org\/{rel}","templated":true}]}}