{"id":9624,"date":"2021-09-05T15:00:29","date_gmt":"2021-09-05T13:00:29","guid":{"rendered":"https:\/\/edublog.educastur.es\/ixuxu\/?p=9624"},"modified":"2021-09-08T15:56:05","modified_gmt":"2021-09-08T13:56:05","slug":"el-valtu-quier-convertise-en-modalida-federativa-con-llicencia-propia","status":"publish","type":"post","link":"https:\/\/edublog.educastur.es\/ixuxu\/2021\/09\/el-valtu-quier-convertise-en-modalida-federativa-con-llicencia-propia\/","title":{"rendered":"El &#8216;valtu&#8217; quier convertise en modalid\u00e1 federativa con llicencia propia"},"content":{"rendered":"<p>&nbsp;<\/p>\n<p style=\"text-align: center\"><a href=\"https:\/\/estaticos-cdn.prensaiberica.es\/clip\/41f31001-c29c-4985-ba2b-5d167bc7bd9b_16-9-aspect-ratio_default_0.jpg\"><img loading=\"lazy\" decoding=\"async\" class=\"alignnone\" src=\"https:\/\/estaticos-cdn.prensaiberica.es\/clip\/41f31001-c29c-4985-ba2b-5d167bc7bd9b_16-9-aspect-ratio_default_0.jpg\" alt=\"\" width=\"670\" height=\"377\" \/><\/a><\/p>\n<p>El &#8216;valtu&#8217;, la llucha \u00e1stur d&#8217;orixe celta, quier convertise nuna modalid\u00e1 federativa con llicencia propia reconocida pola Federaci\u00f3n Espa\u00f1ola de Llucha y pol Conseyu Superior de Deportes.<\/p>\n<ul>\n<li><a href=\"https:\/\/www.lne.es\/asturias\/n-asturianu\/2021\/09\/05\/valtu-quier-convertise-modalida-federativa-56917532.html\">Fonte noticia: LNE<\/a><\/li>\n<\/ul>\n<div class=\"article-body \">\n<p class=\"article-body__text article-body__text--entry article-body__text-middle\"><!--more--><\/p>\n<p class=\"article-body__text \"><strong>Esti domingu, 5 de setiembre, a les 10.00 hores nel Polideportivu de Santuyano, va facese en Bimenes una homologaci\u00f3n de monitor de valtu<\/strong> pa t\u00e9cnicos de la Federaci\u00f3n de Llucha Ol\u00edmpica y Deportes Asociaos d&#8217;Asturies y, depu\u00e9s, va ofrecese una muestra de presentaci\u00f3n d&#8217;esta disciplina<\/p>\n<p class=\"article-body__text \">Los oxetivos pa esti deporte nos meses vinientes son el fomentu de la pr\u00e1ctica del valtu nes escueles asturianes como activid\u00e1 extraescolar y al trav\u00e9s d&#8217;unidaes did\u00e1utiques, y la promoci\u00f3n y espardimientu del valtu al travi\u00e9s d&#8217;eventos y exhibiciones.<\/p>\n<p class=\"article-body__text \">Per otru llau, <strong>va promovese la formaci\u00f3n pa deportistes, entrenadores y \u00e1rbitros con titulaci\u00f3n oficial de la Federaci\u00f3n de Llucha Ol\u00edmpica y Disciplines Asociaes del Princip\u00e1u d&#8217;Asturies<\/strong>, am\u00e1s del fomentu de la participaci\u00f3n en torneos de lluches aut\u00f3ctones como&#8217;l Festival Interc\u00e9lticu de Lorient (Breta\u00f1a), seg\u00fan informa EUROPA PRESS.<\/p>\n<\/div>\n<p>&nbsp;<\/p>\n","protected":false},"excerpt":{"rendered":"<p>&nbsp; El &#8216;valtu&#8217;, la llucha \u00e1stur d&#8217;orixe celta, quier convertise nuna modalid\u00e1 federativa con llicencia propia reconocida pola Federaci\u00f3n Espa\u00f1ola de Llucha y pol Conseyu Superior de Deportes. Fonte noticia: LNE<\/p>\n","protected":false},"author":117,"featured_media":0,"comment_status":"open","ping_status":"open","sticky":false,"template":"","format":"standard","meta":{"footnotes":""},"categories":[133],"tags":[],"class_list":["post-9624","post","type-post","status-publish","format-standard","hentry","category-deportes"],"_links":{"self":[{"href":"https:\/\/edublog.educastur.es\/ixuxu\/wp-json\/wp\/v2\/posts\/9624","targetHints":{"allow":["GET"]}}],"collection":[{"href":"https:\/\/edublog.educastur.es\/ixuxu\/wp-json\/wp\/v2\/posts"}],"about":[{"href":"https:\/\/edublog.educastur.es\/ixuxu\/wp-json\/wp\/v2\/types\/post"}],"author":[{"embeddable":true,"href":"https:\/\/edublog.educastur.es\/ixuxu\/wp-json\/wp\/v2\/users\/117"}],"replies":[{"embeddable":true,"href":"https:\/\/edublog.educastur.es\/ixuxu\/wp-json\/wp\/v2\/comments?post=9624"}],"version-history":[{"count":2,"href":"https:\/\/edublog.educastur.es\/ixuxu\/wp-json\/wp\/v2\/posts\/9624\/revisions"}],"predecessor-version":[{"id":9626,"href":"https:\/\/edublog.educastur.es\/ixuxu\/wp-json\/wp\/v2\/posts\/9624\/revisions\/9626"}],"wp:attachment":[{"href":"https:\/\/edublog.educastur.es\/ixuxu\/wp-json\/wp\/v2\/media?parent=9624"}],"wp:term":[{"taxonomy":"category","embeddable":true,"href":"https:\/\/edublog.educastur.es\/ixuxu\/wp-json\/wp\/v2\/categories?post=9624"},{"taxonomy":"post_tag","embeddable":true,"href":"https:\/\/edublog.educastur.es\/ixuxu\/wp-json\/wp\/v2\/tags?post=9624"}],"curies":[{"name":"wp","href":"https:\/\/api.w.org\/{rel}","templated":true}]}}