{"id":9745,"date":"2021-09-21T11:00:12","date_gmt":"2021-09-21T09:00:12","guid":{"rendered":"https:\/\/edublog.educastur.es\/ixuxu\/?p=9745"},"modified":"2021-09-21T21:16:48","modified_gmt":"2021-09-21T19:16:48","slug":"volcan-na-isla-de-la-palma","status":"publish","type":"post","link":"https:\/\/edublog.educastur.es\/ixuxu\/2021\/09\/volcan-na-isla-de-la-palma\/","title":{"rendered":"Volc\u00e1n na Isla de La Palma"},"content":{"rendered":"<p><a href=\"https:\/\/dondeviajar.republica.com\/files\/2021\/09\/volcano-4813837_1920-680x339.jpg\"><img loading=\"lazy\" decoding=\"async\" class=\"aligncenter\" src=\"https:\/\/dondeviajar.republica.com\/files\/2021\/09\/volcano-4813837_1920-680x339.jpg\" alt=\"\" width=\"680\" height=\"339\" \/><\/a><\/p>\n<ul>\n<li>MAPA <a href=\"https:\/\/viagallica.com\/canaries\/lang_es\/carte_ile_palma.htm\">La Palma<\/a> \/<a href=\"https:\/\/earth.google.com\/web\/search\/volcan+la+palma\/@28.57277735,-17.8375,1857.26680198a,4829.53601909d,35y,0h,45t,0r\/data=CnkaTxJJCiQweGM2YjkyYjhmZGM5YzY4MToweGM4ODk1ZWRhZWNkMWQ0ZDEZ9N_ekKGSPEAhZmZmZmbWMcAqD3ZvbGNhbiBsYSBwYWxtYRgCIAEiJgokCTRKCYtIiDRAETVKCYtIiDTAGaEuhymPw0NAIX9-FMH9VU_AKAI\"> Visita G. Earth<\/a> \/<a href=\"https:\/\/www.google.com\/search?q=volcan+cumbre+vieja&amp;tbm=isch&amp;ved=2ahUKEwiG-K3R2o_zAhVE4oUKHfh1ChEQ2-cCegQIABAA&amp;oq=volcan+cumbre+vieja&amp;gs_lcp=CgNpbWcQAzIECAAQAzIECAAQAzIECAAQAzIECAAQGDIECAAQGDIECAAQGDIECAAQGDIECAAQGDoKCAAQsQMQgwEQQzoECAAQQzoLCAAQgAQQsQMQgwE6BQgAEIAEOgYIABAIEB46BAgAEB5Qve8ZWML9GWDe_xloAHAAeACAAYMBiAGWCJIBBDEyLjGYAQCgAQGqAQtnd3Mtd2l6LWltZ8ABAQ&amp;sclient=img&amp;ei=xZ9JYcaBH8TElwT466mIAQ&amp;bih=739&amp;biw=1536&amp;client=firefox-b-d\"> Im\u00e1xenes<\/a> \/ <a href=\"https:\/\/fotografias.antena3.com\/clipping\/cmsimages02\/2021\/09\/17\/9BE0A46F-7FD0-4156-BD1C-123812378D4A\/98.jpg?crop=1600,900,x0,y0&amp;width=1900&amp;height=1069&amp;optimize=low&amp;format=webply\">Asina ser\u00e1<\/a> \/ <a href=\"https:\/\/www.youtube.com\/embed\/5zqP57hulbY\">Directo A3<\/a> \/<\/li>\n<\/ul>\n<p style=\"text-align: center\"><a href=\"https:\/\/canariasnoticias.es\/sites\/default\/files\/2021\/09\/cabecera-desktop-parque-natural-de-cumbre-vieja_1.jpg\"><img loading=\"lazy\" decoding=\"async\" class=\"alignnone\" src=\"https:\/\/canariasnoticias.es\/sites\/default\/files\/2021\/09\/cabecera-desktop-parque-natural-de-cumbre-vieja_1.jpg\" alt=\"\" width=\"690\" height=\"388\" \/><\/a><\/p>\n<p style=\"text-align: center\">Cumbre Vieja. La Palma\/ CanariasNoticias.es<\/p>\n<p>La serie de pequenos movimientos s\u00edsmicos qu&#8217;empez\u00f3 a detectase va una selmana en La Palma atropa y\u00e1 m\u00e1s de 20.650 terremotos, seg\u00fan inform\u00f3 esti vienres l&#8217;<a href=\"http:\/\/www.involcan.org\/\"><span style=\"color: #008080\"><strong>Institutu Volcanol\u00f3gico de Canaries (Involcan).<\/strong><\/span><\/a><\/p>\n<p><!--more--><\/p>\n<p style=\"text-align: center\">\n<!-- iframe plugin v.6.0 wordpress.org\/plugins\/iframe\/ -->\n<iframe loading=\"lazy\" src=\"https:\/\/www.facebook.com\/plugins\/video.php?height=314&#038;href=https%3A%2F%2Fwww.facebook.com%2Fskylivetv%2Fvideos%2F264604892065170%2F&#038;show_text=true&#038;width=560&#038;t=0\" width=\"560\" height=\"429\" style=\"border:none;overflow:hidden\" scrolling=\"no\" frameborder=\"0\" allowfullscreen=\"true\" allow=\"autoplay; clipboard-write; encrypted-media; picture-in-picture; web-share\" 0=\"\/iframe\" class=\"iframe-class\"><\/iframe>\n<\/p>\n<p style=\"text-align: center\"><a href=\"https:\/\/cnnespanol.cnn.com\/wp-content\/uploads\/2021\/09\/Mapa-Volcan-Cumbre-Vieja-Canarias-Espana.jpg?quality=100&amp;strip=info\"><img loading=\"lazy\" decoding=\"async\" class=\"alignnone\" src=\"https:\/\/cnnespanol.cnn.com\/wp-content\/uploads\/2021\/09\/Mapa-Volcan-Cumbre-Vieja-Canarias-Espana.jpg?quality=100&amp;strip=info\" alt=\"\" width=\"1050\" height=\"771\" \/><\/a><\/p>\n<p>&nbsp;<\/p>\n<p><a href=\"https:\/\/fotografias.antena3.com\/clipping\/cmsimages02\/2021\/09\/17\/9BE0A46F-7FD0-4156-BD1C-123812378D4A\/98.jpg?crop=1600,900,x0,y0&amp;width=1900&amp;height=1069&amp;optimize=low&amp;format=webply\"><img loading=\"lazy\" decoding=\"async\" class=\"alignnone\" src=\"https:\/\/fotografias.antena3.com\/clipping\/cmsimages02\/2021\/09\/17\/9BE0A46F-7FD0-4156-BD1C-123812378D4A\/98.jpg?crop=1600,900,x0,y0&amp;width=1900&amp;height=1069&amp;optimize=low&amp;format=webply\" alt=\"\" width=\"1900\" height=\"1069\" \/><\/a><\/p>\n<p style=\"text-align: center\">\n<!-- iframe plugin v.6.0 wordpress.org\/plugins\/iframe\/ -->\n<iframe loading=\"lazy\" width=\"100%\" height=\"523\" src=\"https:\/\/www.youtube.com\/embed\/5zqP57hulbY\" 0=\"\/iframe\" scrolling=\"yes\" class=\"iframe-class\" frameborder=\"0\"><\/iframe>\n<\/p>\n<p><a href=\"https:\/\/album.mediaset.es\/eimg\/10000\/2021\/03\/24\/clipping_hs8sdk_d172.jpg?w=1200&amp;h=900\"><img loading=\"lazy\" decoding=\"async\" class=\"alignnone\" src=\"https:\/\/album.mediaset.es\/eimg\/10000\/2021\/03\/24\/clipping_hs8sdk_d172.jpg?w=1200&amp;h=900\" alt=\"\" width=\"1200\" height=\"900\" \/><\/a><\/p>\n<p style=\"text-align: center\"><a href=\"https:\/\/aristeguinoticias.com\/editorial\/wp-content\/uploads\/2021\/09\/volcan-cumbre-vieja-canarias2.jpg\"><img loading=\"lazy\" decoding=\"async\" class=\"alignnone\" src=\"https:\/\/aristeguinoticias.com\/editorial\/wp-content\/uploads\/2021\/09\/volcan-cumbre-vieja-canarias2.jpg\" alt=\"\" width=\"1200\" height=\"750\" \/><\/a><\/p>\n<p style=\"text-align: center\">\n<!-- iframe plugin v.6.0 wordpress.org\/plugins\/iframe\/ -->\n<iframe loading=\"lazy\" width=\"100%\" height=\"345\" src=\"https:\/\/www.youtube.com\/embed\/xnM8ZyaFU_A\" 0=\"\/iframe\" scrolling=\"yes\" class=\"iframe-class\" frameborder=\"0\"><\/iframe>\n<\/p>\n<p style=\"text-align: center\"><a href=\"https:\/\/www.vistaalmar.es\/images\/stories\/fotos3102\/deslizamientos-tierra-La-Palma.jpg\">https:\/\/www.vistaalmar.es\/images\/stories\/fotos3102\/deslizamientos-tierra-La-Palma.jpg<\/a><\/p>\n<p>&nbsp;<\/p>\n","protected":false},"excerpt":{"rendered":"<p>MAPA La Palma \/ Visita G. Earth \/ Im\u00e1xenes \/ Asina ser\u00e1 \/ Directo A3 \/ Cumbre Vieja. La Palma\/ CanariasNoticias.es La serie de pequenos movimientos s\u00edsmicos qu&#8217;empez\u00f3 a detectase va una selmana en La Palma atropa y\u00e1 m\u00e1s de 20.650 terremotos, seg\u00fan inform\u00f3 esti vienres l&#8217;Institutu Volcanol\u00f3gico de Canaries (Involcan).<\/p>\n","protected":false},"author":117,"featured_media":0,"comment_status":"open","ping_status":"open","sticky":false,"template":"","format":"standard","meta":{"footnotes":""},"categories":[231],"tags":[],"class_list":["post-9745","post","type-post","status-publish","format-standard","hentry","category-volcanes"],"_links":{"self":[{"href":"https:\/\/edublog.educastur.es\/ixuxu\/wp-json\/wp\/v2\/posts\/9745","targetHints":{"allow":["GET"]}}],"collection":[{"href":"https:\/\/edublog.educastur.es\/ixuxu\/wp-json\/wp\/v2\/posts"}],"about":[{"href":"https:\/\/edublog.educastur.es\/ixuxu\/wp-json\/wp\/v2\/types\/post"}],"author":[{"embeddable":true,"href":"https:\/\/edublog.educastur.es\/ixuxu\/wp-json\/wp\/v2\/users\/117"}],"replies":[{"embeddable":true,"href":"https:\/\/edublog.educastur.es\/ixuxu\/wp-json\/wp\/v2\/comments?post=9745"}],"version-history":[{"count":10,"href":"https:\/\/edublog.educastur.es\/ixuxu\/wp-json\/wp\/v2\/posts\/9745\/revisions"}],"predecessor-version":[{"id":9904,"href":"https:\/\/edublog.educastur.es\/ixuxu\/wp-json\/wp\/v2\/posts\/9745\/revisions\/9904"}],"wp:attachment":[{"href":"https:\/\/edublog.educastur.es\/ixuxu\/wp-json\/wp\/v2\/media?parent=9745"}],"wp:term":[{"taxonomy":"category","embeddable":true,"href":"https:\/\/edublog.educastur.es\/ixuxu\/wp-json\/wp\/v2\/categories?post=9745"},{"taxonomy":"post_tag","embeddable":true,"href":"https:\/\/edublog.educastur.es\/ixuxu\/wp-json\/wp\/v2\/tags?post=9745"}],"curies":[{"name":"wp","href":"https:\/\/api.w.org\/{rel}","templated":true}]}}