{"id":9752,"date":"2021-09-17T11:00:42","date_gmt":"2021-09-17T09:00:42","guid":{"rendered":"https:\/\/edublog.educastur.es\/ixuxu\/?p=9752"},"modified":"2021-09-21T21:49:11","modified_gmt":"2021-09-21T19:49:11","slug":"el-camin-primitivu-les-mazcaraes-diviernu-y-montesin-en-forma-de-mural","status":"publish","type":"post","link":"https:\/\/edublog.educastur.es\/ixuxu\/2021\/09\/el-camin-primitivu-les-mazcaraes-diviernu-y-montesin-en-forma-de-mural\/","title":{"rendered":"El Cam\u00edn Primitivu, les mazcaraes d&#8217;iviernu y &#8216;Montes\u00edn&#8217; en forma de mural en \u00abParees V edici\u00f3n\u00bb"},"content":{"rendered":"<p style=\"text-align: center\"><a href=\"https:\/\/www.odiseacultural.com\/wp-content\/uploads\/2021\/08\/Parees-2021-1024x724.jpg\"><img loading=\"lazy\" decoding=\"async\" class=\"alignnone\" src=\"https:\/\/www.odiseacultural.com\/wp-content\/uploads\/2021\/08\/Parees-2021-1024x724.jpg\" alt=\"\" width=\"622\" height=\"440\" \/><\/a><\/p>\n<p>Un llustru lleva&#8217;l festival Parees enllenando de murales les medianeres d&#8217;Uvi\u00e9u. En total, trenta ilustraciones a les qu&#8217;esta selmana a\u00f1edir\u00e1n cuatro m\u00e1s. Estos d\u00edes, en plenu San Mateo y hasta el domingu, los sos autores dan rienda suelta a la so creativid\u00e1 cola que rinden un homenaxe a la cultura asturiana.<\/p>\n<ul>\n<li><a href=\"https:\/\/www.elcomercio.es\/oviedo\/san-mateo\/camino-primitivo-mascaradas-20210917000645-ntvo.html\">Fonte noticia: El Comercio<\/a><\/li>\n<li><a href=\"https:\/\/www.odiseacultural.com\/2021\/09\/10\/parees-2021-v-edicion-del-festival-de-intervencion-mural-de-oviedo-del-13-al-19-de-septiembre\/\"><strong>Noticia: OdiseaCultural<\/strong> <\/a>\/<\/li>\n<li><a href=\"https:\/\/twitter.com\/hashtag\/pareesfest?src=hashtag_click\">Twitter: #pareesfest<\/a> \/<a href=\"http:\/\/paredesfest.net\/\"> WEB<\/a> \/<a href=\"http:\/\/paredesfest.net\/\"><em><span style=\"color: #008080\"><strong> Del 13 -19 setiembre<\/strong><\/span><\/em><\/a> \/<a href=\"https:\/\/www.facebook.com\/pareesfest\/\"> Facebook<\/a> \/<\/li>\n<li>2021: <a href=\"https:\/\/twitter.com\/Sidru10\/status\/1439690190537334789\/photo\/1\">Mural Sidros<\/a> \/<\/li>\n<\/ul>\n<p><!--more--><\/p>\n<p>Per primer vegada na hestoria del festival, unu de los murales va tar dientro d&#8217;un edificiu. Tr\u00e1tase de la biblioteca de la Granxa, onde l&#8217;asturianu <a href=\"https:\/\/foniardao.cargo.site\/\"><strong><span style=\"color: #008080\">Foni Ardao<\/span><\/strong> <\/a>afigura &#8216;Montes\u00edn&#8217;, el \u00abfamosu ya intemporal llibru para ne\u00f1os de Mar\u00eda Xosefa Canellada\u00bb, espliquen dende la organizaci\u00f3n.<\/p>\n<p>Pela so parte, la estadounidense <a href=\"https:\/\/www.emilyeldridge.com\/\"><span style=\"color: #008080\"><strong>Emily Eldrige<\/strong> <\/span><\/a>robla un mural dedic\u00e1u al Cam\u00edn Primitivu na cai Favila.<\/p>\n<p>L&#8217;italianu <a href=\"https:\/\/www.instagram.com\/luogo_comune_\/?hl=es\"><span style=\"color: #008080\"><strong>Lougo Comune<\/strong><\/span><\/a> realiza un homenaxe a Uvi\u00e9u na cai Torrelavega; y finalmente, la catalana <a href=\"https:\/\/www.instagram.com\/albfs\/?hl=es\"><strong><span style=\"color: #008080\">Alba Fabr\u00e9<\/span> <\/strong><\/a>da color a les mazcaraes d&#8217;iviernu nun edificiu na confluencia de les cais Joaqu\u00edn Mari\u00f1a y \u00c1ngel Ca\u00f1edo. <a href=\"https:\/\/pbs.twimg.com\/media\/E_gLSmyXIAETkW9?format=jpg&amp;name=large\">Imaxe.<\/a><\/p>\n<p style=\"text-align: center\"><a href=\"https:\/\/pbs.twimg.com\/media\/E_gLSmyXIAETkW9?format=jpg&amp;name=large\"><img loading=\"lazy\" decoding=\"async\" class=\"alignnone\" src=\"https:\/\/pbs.twimg.com\/media\/E_gLSmyXIAETkW9?format=jpg&amp;name=large\" alt=\"\" width=\"2048\" height=\"1365\" \/><\/a><\/p>\n<p>Entam\u00e1u pola Fundaci\u00f3n Municipal de Cultura d&#8217;Uvi\u00e9u, <strong><span style=\"color: #008080\">Parees Fest<\/span> <\/strong>va sumar estos nuevos murales a los m\u00e1s de 25 trabayos realizaos mientres los a\u00f1os anteriores, que camudaron el paisaxe del conceyu con obres d&#8217;artistes de reconoc\u00edu prest\u00edu. D&#8217;esta forma, los murios (o parees, n&#8217;asturianu) van siguir narrando la hestoria de les sos ciudaes y construyendo la identid\u00e1 simb\u00f3lica de los sos habitantes.<\/p>\n<p style=\"text-align: center\">\n<!-- iframe plugin v.6.0 wordpress.org\/plugins\/iframe\/ -->\n<iframe loading=\"lazy\" src=\"https:\/\/www.facebook.com\/plugins\/video.php?height=314&#038;href=https%3A%2F%2Fwww.facebook.com%2FOviedoParticipa%2Fvideos%2F344184230779356%2F&#038;show_text=true&#038;width=560&#038;t=0\" width=\"560\" height=\"429\" style=\"border:none;overflow:hidden\" scrolling=\"no\" frameborder=\"0\" allowfullscreen=\"true\" allow=\"autoplay; clipboard-write; encrypted-media; picture-in-picture; web-share\" 0=\"\/iframe\" class=\"iframe-class\"><\/iframe>\n<\/p>\n","protected":false},"excerpt":{"rendered":"<p>Un llustru lleva&#8217;l festival Parees enllenando de murales les medianeres d&#8217;Uvi\u00e9u. En total, trenta ilustraciones a les qu&#8217;esta selmana a\u00f1edir\u00e1n cuatro m\u00e1s. Estos d\u00edes, en plenu San Mateo y hasta el domingu, los sos autores dan rienda suelta a la so creativid\u00e1 cola que rinden un homenaxe a la cultura asturiana. Fonte noticia: El Comercio [&hellip;]<\/p>\n","protected":false},"author":117,"featured_media":0,"comment_status":"open","ping_status":"open","sticky":false,"template":"","format":"standard","meta":{"footnotes":""},"categories":[89,154,33],"tags":[],"class_list":["post-9752","post","type-post","status-publish","format-standard","hentry","category-arte","category-parees","category-uvieu"],"_links":{"self":[{"href":"https:\/\/edublog.educastur.es\/ixuxu\/wp-json\/wp\/v2\/posts\/9752","targetHints":{"allow":["GET"]}}],"collection":[{"href":"https:\/\/edublog.educastur.es\/ixuxu\/wp-json\/wp\/v2\/posts"}],"about":[{"href":"https:\/\/edublog.educastur.es\/ixuxu\/wp-json\/wp\/v2\/types\/post"}],"author":[{"embeddable":true,"href":"https:\/\/edublog.educastur.es\/ixuxu\/wp-json\/wp\/v2\/users\/117"}],"replies":[{"embeddable":true,"href":"https:\/\/edublog.educastur.es\/ixuxu\/wp-json\/wp\/v2\/comments?post=9752"}],"version-history":[{"count":6,"href":"https:\/\/edublog.educastur.es\/ixuxu\/wp-json\/wp\/v2\/posts\/9752\/revisions"}],"predecessor-version":[{"id":9754,"href":"https:\/\/edublog.educastur.es\/ixuxu\/wp-json\/wp\/v2\/posts\/9752\/revisions\/9754"}],"wp:attachment":[{"href":"https:\/\/edublog.educastur.es\/ixuxu\/wp-json\/wp\/v2\/media?parent=9752"}],"wp:term":[{"taxonomy":"category","embeddable":true,"href":"https:\/\/edublog.educastur.es\/ixuxu\/wp-json\/wp\/v2\/categories?post=9752"},{"taxonomy":"post_tag","embeddable":true,"href":"https:\/\/edublog.educastur.es\/ixuxu\/wp-json\/wp\/v2\/tags?post=9752"}],"curies":[{"name":"wp","href":"https:\/\/api.w.org\/{rel}","templated":true}]}}