{"id":9758,"date":"2021-09-18T11:00:37","date_gmt":"2021-09-18T09:00:37","guid":{"rendered":"https:\/\/edublog.educastur.es\/ixuxu\/?p=9758"},"modified":"2021-09-21T21:45:07","modified_gmt":"2021-09-21T19:45:07","slug":"selmana-europea-de-la-movilida-del-16-22-de-setiembre","status":"publish","type":"post","link":"https:\/\/edublog.educastur.es\/ixuxu\/2021\/09\/selmana-europea-de-la-movilida-del-16-22-de-setiembre\/","title":{"rendered":"Selmana Europea de la Movilid\u00e1, del 16-22 de setiembre"},"content":{"rendered":"<div class=\"css-1dbjc4n\">\n<div class=\"css-1dbjc4n r-1s2bzr4\">\n<div dir=\"auto\" lang=\"es\" style=\"text-align: center\"><a href=\"https:\/\/tinypix.top\/images\/2021\/09\/20\/vAZNA.jpg\"><img loading=\"lazy\" decoding=\"async\" class=\"alignnone\" src=\"https:\/\/tinypix.top\/images\/2021\/09\/20\/vAZNA.jpg\" alt=\"\" width=\"504\" height=\"719\" \/><\/a><\/div>\n<div dir=\"auto\" lang=\"es\"><\/div>\n<div id=\"id__px3p24l0tl\" class=\"css-901oao r-18jsvk2 r-1qd0xha r-1blvdjr r-16dba41 r-vrz42v r-bcqeeo r-bnwqim r-qvutc0\" dir=\"auto\" lang=\"es\"><span class=\"css-901oao css-16my406 r-poiln3 r-bcqeeo r-qvutc0\">Tamos na <span style=\"color: #008080\"><strong>Selmana Europea de la Movilid\u00e1<\/strong><\/span>. Pola to sal\u00fa, mu\u00e9vite de forma sostenible. <\/span><span class=\"r-18u37iz\"><a class=\"css-4rbku5 css-18t94o4 css-901oao css-16my406 r-1n1174f r-1loqt21 r-poiln3 r-bcqeeo r-qvutc0\" role=\"link\" href=\"https:\/\/twitter.com\/hashtag\/MobilityWeek?src=hashtag_click\">#MobilityWeek<\/a><\/span><\/div>\n<blockquote>\n<div dir=\"auto\" lang=\"es\"><strong><span style=\"color: #008080\"><em> \u00abPola to sal\u00fa, mu\u00e9vite de forma sostenible\u00bb.<\/em><\/span><\/strong><\/div>\n<\/blockquote>\n<ul>\n<li><a href=\"https:\/\/www.miteco.gob.es\/es\/calidad-y-evaluacion-ambiental\/temas\/medio-ambiente-urbano\/movilidad\/sem_2021.aspx\">Web Ministeriu<\/a> \/ <a href=\"https:\/\/www.facebook.com\/Semana-Europea-de-la-Movilidad-2051067345218798\/\">SEM: Facebook<\/a> \/\u00a0 <a href=\"https:\/\/www.facebook.com\/Semana-Europea-de-la-Movilidad-2051067345218798\/\">Twitter<\/a> \/ <a href=\"https:\/\/www.facebook.com\/Semana-Europea-de-la-Movilidad-2051067345218798\/\">Instagram<\/a> \/\n<ul>\n<li style=\"list-style-type: none\"><\/li>\n<\/ul>\n<\/li>\n<\/ul>\n<p><!--more--><\/p>\n<\/div>\n<ul>\n<li><a href=\"https:\/\/www.miteco.gob.es\/es\/calidad-y-evaluacion-ambiental\/temas\/medio-ambiente-urbano\/agendajornadaportusaludmuevetedeformasostenible_tcm30-529588.pdf\">Agenda Jornada \u201cPor tu salud, mu\u00e9vete de forma sostenible\u201d<\/a><\/li>\n<\/ul>\n<p>Movilid\u00e1 Sostenible, saludable y segura<\/p>\n<p>La tema escoyida pola Comisi\u00f3n Europea para la campa\u00f1a d&#8217;angua\u00f1o 2021 ye <strong><span style=\"color: #008080\">\u201cMovilid\u00e1 sostenible, saludable y segura\u201d<\/span><\/strong> y&#8217;l lema de la campa\u00f1a ye<em><strong><span style=\"color: #008080\"> \u00abPola to sal\u00fa, mu\u00e9vite de forma sostenible\u00bb.<\/span><\/strong><\/em><\/p>\n<p>La Comisi\u00f3n Europea quixo poner el focu na sal\u00fa, tantu f\u00edsica como mental, venceyada coles formes de movese de forma sostenible polos nuesos conceyos. Para tratar esta tema, el Ministeriu celebr\u00f3 una xornada en formatu webinar el d\u00eda 16 de setiembre y na que, am\u00e1s, apurri\u00e9ronse los Premios Selmana Espa\u00f1ola de la Movilid\u00e1 Sostenible (Premios SEMS 2020 y 2021).<\/p>\n<p><em><span style=\"text-decoration: underline\">La Xornada estremar en cuatro bloques:<\/span><\/em><\/p>\n<p><em>BLOQUE I: Pol\u00edtiques sectoriales en materia de movilid\u00e1<\/em><br \/>\n<em>BLOQUE II: Plan de Recuperaci\u00f3n, Transici\u00f3n y Resiliencia<\/em><br \/>\n<em>BLOQUE III: La socied\u00e1 civil: movilid\u00e1 ya infancia<\/em><br \/>\n<em>BLOQUE IV: Esperiencies esitoses<\/em><\/p>\n<\/div>\n<hr \/>\n<ul>\n<li><a href=\"https:\/\/www.oviedo.es\/mobilityweek?fbclid=IwAR2BNCgzsuNWIkj7-Zxu1XgSMcCg01Wt2-5qK0GP-o05ivc8Cgh3XUr_eLw\">Ayuntamientu d&#8217;Uvi\u00e9u<\/a><\/li>\n<\/ul>\n<p>La Selmana Europea de la Movilid\u00e1 ye una campa\u00f1a de concienciaci\u00f3n empobinada a sensibilizar a tola socied\u00e1 sobro les consecuencies negatives que tien l&#8217;usu irracional del coche na ciud\u00e1, tantu pa la sal\u00fa p\u00fablica como pal mediu ambiente, y los beneficios del usu de maneres de tresporte m\u00e1s sostenibles como&#8217;l tresporte p\u00fablicu, la bicicleta, los viaxes a cuerpu, los sistemes de coche compart\u00edu, etc. <a href=\"https:\/\/mobilityweek.eu\/fileadmin\/user_upload\/materials\/participation_resources\/2021\/Videos_EU_languages\/Updated_EU_languages_-_July\/EMW_ES.mp4\"><strong>Videu<\/strong><\/a><\/p>\n<div style=\"width: 640px;\" class=\"wp-video\"><video class=\"wp-video-shortcode\" id=\"video-9758-1\" width=\"640\" height=\"360\" preload=\"metadata\" controls=\"controls\"><source type=\"video\/mp4\" src=\"https:\/\/mobilityweek.eu\/fileadmin\/user_upload\/materials\/participation_resources\/2021\/Videos_EU_languages\/Updated_EU_languages_-_July\/EMW_ES.mp4?_=1\" \/><a href=\"https:\/\/mobilityweek.eu\/fileadmin\/user_upload\/materials\/participation_resources\/2021\/Videos_EU_languages\/Updated_EU_languages_-_July\/EMW_ES.mp4\">https:\/\/mobilityweek.eu\/fileadmin\/user_upload\/materials\/participation_resources\/2021\/Videos_EU_languages\/Updated_EU_languages_-_July\/EMW_ES.mp4<\/a><\/video><\/div>\n<p>El Conceyu d&#8217;Uvi\u00e9u, al travi\u00e9s de la Escuela Municipal de Sostenibilid\u00e1 dependiente de la Conceyal\u00eda d&#8217;Urbanismos y Mediu Ambiente, s\u00famase un a\u00f1u m\u00e1s a esti eventu europ\u00e9u con un programa d&#8217;actividaes pa tolos p\u00fablicos, en distintos formatos y localizaciones, compatibilizando&#8217;l so desenvolvimientu coles mid\u00edes de segurid\u00e1 sanitaria derivaes de la crisis del COVID19, coles mires de siguir apostando por un modelu de ciud\u00e1 m\u00e1s habitable y con maneres de desplazamientos m\u00e1s sostenibles. La Selmana Europea de la Movilid\u00e1 empieza tolos a\u00f1os el 16 de setiembre.<\/p>\n<div class=\"portlet-borderless-container\">\n<div class=\"portlet-body \">\n<div class=\"journal-content-article\">\n<h4 class=\"pagesubsubtitle\">M\u00e1s informaci\u00f3n<\/h4>\n<ul>\n<li>E-mail:\u00a0<a href=\"mailto:escuelasostenible@oviedo.es\">escuelasostenible@oviedo.es <\/a><\/li>\n<li>Tel\u00e9fonu: 985 74 37 30<\/li>\n<\/ul>\n<\/div>\n<\/div>\n<\/div>\n<p><a href=\"https:\/\/www.oviedo.es\/documents\/25041\/696269\/oviedo.semana.movilidad.FLYER+web.jpg\/a2c5b4bb-ac1a-445b-8817-d14a83974df8?t=1631529446097\"><img loading=\"lazy\" decoding=\"async\" class=\"aligncenter\" src=\"https:\/\/www.oviedo.es\/documents\/25041\/696269\/oviedo.semana.movilidad.FLYER+web.jpg\/a2c5b4bb-ac1a-445b-8817-d14a83974df8?t=1631529446097\" alt=\"\" width=\"582\" height=\"826\" \/><\/a><\/p>\n","protected":false},"excerpt":{"rendered":"<p>Tamos na Selmana Europea de la Movilid\u00e1. Pola to sal\u00fa, mu\u00e9vite de forma sostenible. #MobilityWeek \u00abPola to sal\u00fa, mu\u00e9vite de forma sostenible\u00bb. Web Ministeriu \/ SEM: Facebook \/\u00a0 Twitter \/ Instagram \/<\/p>\n","protected":false},"author":117,"featured_media":0,"comment_status":"open","ping_status":"open","sticky":false,"template":"","format":"standard","meta":{"footnotes":""},"categories":[6,144],"tags":[],"class_list":["post-9758","post","type-post","status-publish","format-standard","hentry","category-dia-de","category-semana-de"],"_links":{"self":[{"href":"https:\/\/edublog.educastur.es\/ixuxu\/wp-json\/wp\/v2\/posts\/9758","targetHints":{"allow":["GET"]}}],"collection":[{"href":"https:\/\/edublog.educastur.es\/ixuxu\/wp-json\/wp\/v2\/posts"}],"about":[{"href":"https:\/\/edublog.educastur.es\/ixuxu\/wp-json\/wp\/v2\/types\/post"}],"author":[{"embeddable":true,"href":"https:\/\/edublog.educastur.es\/ixuxu\/wp-json\/wp\/v2\/users\/117"}],"replies":[{"embeddable":true,"href":"https:\/\/edublog.educastur.es\/ixuxu\/wp-json\/wp\/v2\/comments?post=9758"}],"version-history":[{"count":6,"href":"https:\/\/edublog.educastur.es\/ixuxu\/wp-json\/wp\/v2\/posts\/9758\/revisions"}],"predecessor-version":[{"id":9908,"href":"https:\/\/edublog.educastur.es\/ixuxu\/wp-json\/wp\/v2\/posts\/9758\/revisions\/9908"}],"wp:attachment":[{"href":"https:\/\/edublog.educastur.es\/ixuxu\/wp-json\/wp\/v2\/media?parent=9758"}],"wp:term":[{"taxonomy":"category","embeddable":true,"href":"https:\/\/edublog.educastur.es\/ixuxu\/wp-json\/wp\/v2\/categories?post=9758"},{"taxonomy":"post_tag","embeddable":true,"href":"https:\/\/edublog.educastur.es\/ixuxu\/wp-json\/wp\/v2\/tags?post=9758"}],"curies":[{"name":"wp","href":"https:\/\/api.w.org\/{rel}","templated":true}]}}