{"id":9782,"date":"2021-09-16T10:00:39","date_gmt":"2021-09-16T08:00:39","guid":{"rendered":"https:\/\/edublog.educastur.es\/ixuxu\/?p=9782"},"modified":"2021-09-20T20:13:59","modified_gmt":"2021-09-20T18:13:59","slug":"lasturianu-sal-con-nos-el-cantar-de-xaime-martinez-pal-dia-de-la-reciella","status":"publish","type":"post","link":"https:\/\/edublog.educastur.es\/ixuxu\/2021\/09\/lasturianu-sal-con-nos-el-cantar-de-xaime-martinez-pal-dia-de-la-reciella\/","title":{"rendered":"\u201cL\u2019asturianu sal con n\u00f3s\u201d, el cantar de Xaime Mart\u00ednez pal D\u00eda de la Reciella"},"content":{"rendered":"<p style=\"text-align: center\">\n<!-- iframe plugin v.6.0 wordpress.org\/plugins\/iframe\/ -->\n<iframe loading=\"lazy\" width=\"100%\" height=\"430\" src=\"https:\/\/www.youtube.com\/embed\/uMMCl_1tfdg\" 0=\"\/iframe\" scrolling=\"yes\" class=\"iframe-class\" frameborder=\"0\"><\/iframe>\n<\/p>\n<ul>\n<li>Fonte noticia: <a href=\"https:\/\/musicasturiana.com\/estrenamos-lasturianu-sal-con-nos-el-cantar-de-xaime-martinez-pal-dia-de-la-reciella\/\">M\u00fasicAsturiana.com<\/a> \/ <a href=\"https:\/\/asturies.com\/noticies\/cuando-salimos-lasturianu-sal-con-nos-lletra-del-cantar-de-xaime-martinez-pal-viii-dia-de\">Asturies.com<\/a> \/ <a href=\"https:\/\/promo.theorchard.com\/HSLRK2FWz9XRUlkrHKTv\">Promo<\/a> \/<\/li>\n<li><a href=\"https:\/\/www.facebook.com\/reciella.asturies\">Reciella families pol Asturianu<\/a> \/ <a href=\"https:\/\/asturies.com\/sites\/default\/files\/cartelu_viii_dia_de_la_reciella.jpg\">Cartelu<\/a> \/<br \/>\n<table class=\"sticky-enabled tableheader-processed sticky-table\" style=\"height: 5px\" width=\"56\">\n<tbody>\n<tr class=\"odd\">\n<td style=\"width: 20.35px\"><\/td>\n<td style=\"width: 20.35px\"><\/td>\n<\/tr>\n<\/tbody>\n<\/table>\n<p>\/<a href=\"https:\/\/open.spotify.com\/track\/5Tq0ASJY8kTSENpzJxOEsx\"> Isa \ud83d\ude09<\/a><\/li>\n<li><a href=\"https:\/\/twitter.com\/fatalmartinez\">Xaime Mart\u00ednez<\/a> \/<\/li>\n<\/ul>\n<h2 class=\"entry-title qode-post-title\"><span style=\"font-size: 16px\"><em><span style=\"color: #008080\">Estrenamos \u201cL\u2019asturianu sal con n\u00f3s\u201d, el cantar de Xaime Mart\u00ednez pal D\u00eda de la Reciella<\/span><\/em><\/span><\/h2>\n<p><!--more--><\/p>\n<p>El <strong>s\u00e1badu 2 d\u2019ochobre <\/strong>de 11h a 19h va cellebrase nel<strong> Mus\u00e9u del Pueblu d\u2019Asturies<\/strong> de Xix\u00f3n el <strong>VIII D\u00eda de la Reciella<\/strong>, \u00abuna xornada d\u2019ociu, deporte y actividaes pa tola familia que tienen en com\u00fan l\u2019asturianu como llingua vehicular\u00bb, como define l\u2019asociaci\u00f3n que lu entama, <strong><a href=\"https:\/\/www.facebook.com\/reciella.asturies\" target=\"_blank\" rel=\"noreferrer noopener\">Reciella Families Pol Asturianu<\/a><\/strong>. Dende va unos a\u00f1os, <strong>un cantar pon-y banda sonora<\/strong> a esti d\u00eda tan especial y necesariu pa la cultura asturiana.<\/p>\n<table class=\"sticky-enabled tableheader-processed sticky-table\">\n<tbody>\n<tr class=\"odd\">\n<td><span class=\"file\"><a title=\"cartelu_viii_dia_de_la_reciella.jpg\" href=\"https:\/\/asturies.com\/sites\/default\/files\/cartelu_viii_dia_de_la_reciella.jpg\">Cartelu VIII D\u00eda de la Reciella, obra de Marco Recuero<\/a><\/span><\/td>\n<td>50.69 KB<\/td>\n<\/tr>\n<\/tbody>\n<\/table>\n<p>Y\u00e1 participaron <strong>Skama la Rede<\/strong> con \u201c<a href=\"https:\/\/youtu.be\/-PMzLSpy2Xg\" target=\"_blank\" rel=\"noreferrer noopener\">Enta\u00edna<\/a>\u201c, <strong>David Varela<\/strong> con \u201c<a href=\"https:\/\/youtu.be\/Loaja715NJk\" target=\"_blank\" rel=\"noreferrer noopener\">N\u2019asturianu, sumes<\/a>\u201c,<strong> Pop Piqui\u00f1\u00edn<\/strong> con \u201c<a href=\"https:\/\/youtu.be\/iRNlTpE56Fc\" target=\"_blank\" rel=\"noreferrer noopener\">Espoxiga<\/a>\u201c, <strong>Alicia \u00c1lvarez<\/strong> con \u201c<a href=\"https:\/\/youtu.be\/_q6_NtRyZ58\" target=\"_blank\" rel=\"noreferrer noopener\">Pr\u00e9stame pola vida<\/a>\u201c; y esti 2021 l\u2019encarg\u00e1u de facer el cantar son <strong>Xaime Mart\u00ednez<\/strong> <strong>y La Familia Tradicional<\/strong> con \u201c<a href=\"https:\/\/promo.theorchard.com\/HSLRK2FWz9XRUlkrHKTv\" target=\"_blank\" rel=\"noreferrer noopener\">L\u2019asturianu sal con n\u00f3s<\/a>\u201c.<\/p>\n<p>\u00abComo ten\u00edemos la idea orixinal de que l\u2019asturianu sal con n\u00f3s (del confinamientu, pero tami\u00e9n de casa en xeneral), pensemos en m\u00e1s coses que salen, faciendo por xunir dellos campos a priori contradictorios\u00bb, comenta\u2019l <strong>m\u00fasicu y escritor uvied\u00edn<\/strong> alredor d\u2019esti cantar \u00abcon una producci\u00f3n <strong>punk-pop<\/strong>\u00bb y un son\u00edu propiu compuesto por \u00e9l xunto a la so banda, La Familia Tradicional. El tema <strong>estr\u00e9nase g\u00fcei n\u2019esclusiva musicasturiana.com<\/strong> -entid\u00e1 collaboradora col D\u00eda de La Reciella xunto a otres asociaciones, empreses y instituciones p\u00fabliques como l\u2019Ayuntamientu de Xix\u00f3n-, y va asoleyar esti <strong>vienres 17 en toles plataformes dixitales<\/strong>. El videuclip, realiz\u00e1u por<strong> Pablo A. Quiroga Prendes<\/strong> y <strong>Juan Tiz\u00f3n<\/strong>, va salir nos pr\u00f3ximos d\u00edes.<\/p>\n<p>l 2 d\u2019ochobre, de s\u00e1badu, vuelve\u2019l D\u00eda de la Reciella. El Mus\u00e9u del Pueblu d\u2019Asturies, llueu d\u2019un a\u00f1u de par\u00f3n oblig\u00e1u, torna a acoyer esta xornada de celebraci\u00f3n familiar n\u2019asturianu dafechu, qu\u2019esti a\u00f1u va tener como banda sonora\u2019l cantar \u2018L\u2019asturianu sal con n\u00f3s\u2019, con lletra de Xaime Mart\u00ednez y Estela \u00c1lvarez Blanco.<\/p>\n<p>\u201cAgora tu, al salir de casa \/ pon fociquera \/ y llama to g\u00fcela \/ pa glayar xuntes \/ esta canci\u00f3n: \/ cuando salimos, l&#8217;asturianu sal con n\u00f3s\u201d, diz l\u2019estribillu de la canci\u00f3n qu\u2019interpreta\u2019l tami\u00e9n poeta xunto cola so banda, La Familia Tradicional. Ye la primer vez que\u2019l tema promocional del D\u00eda de la Reciella nun lu comp\u00f3n David Guardado, lletrista de \u2018Enta\u00edna\u2019, music\u00e1u por Skama la Rede; de \u2018N\u2019asturianu sumes\u2019, por David Varela; de \u2018\u00a1Espoxiga!\u2019, por Pop Piqui\u00f1\u00edn; y de \u2018\u00a1Pr\u00e9stame pola vida!\u2019, pol d\u00fau Muga, que formen Alicia Varela y el propiu Guardado, y el Cor\u00edn de Reciella nos a\u00f1os previos pa esta folixa qu&#8217;entama &#8216;Reciella. Families pol Asturianu&#8217;.<\/p>\n<p>Cuatro cantares que y\u00e1 son aut\u00e9nticos himnos pa les ne\u00f1es y ne\u00f1os asturianos al que se suma agora <strong><span style=\"color: #008080\">\u2018L\u2019asturianu sal con n\u00f3s\u2019.<\/span><\/strong> \u00c9sta ye la lletra completa d\u2019esti cantar y\u00e1 disponible nes principales plataformes dixitales, que bien pronto va contar tami\u00e9n con videoclip:<\/p>\n<p><span style=\"color: #008080\"><strong><em>Cuando llueve y ye de nueche<\/em><\/strong><\/span><br \/>\n<span style=\"color: #008080\"><strong><em>salen a andar<\/em><\/strong><\/span><br \/>\n<span style=\"color: #008080\"><strong><em>les sacaveres,<\/em><\/strong><\/span><br \/>\n<span style=\"color: #008080\"><strong><em>mentes la flor<\/em><\/strong><\/span><br \/>\n<span style=\"color: #008080\"><strong><em>del baobab<\/em><\/strong><\/span><br \/>\n<span style=\"color: #008080\"><strong><em>xorrez cada cincuenta a\u00f1os o m\u00e1s.<\/em><\/strong><\/span><\/p>\n<p><span style=\"color: #008080\"><strong><em>Cuando ta la lluna encesa<\/em><\/strong><\/span><br \/>\n<span style=\"color: #008080\"><strong><em>sal l&#8217;home llobu<\/em><\/strong><\/span><br \/>\n<span style=\"color: #008080\"><strong><em>por una presa,<\/em><\/strong><\/span><br \/>\n<span style=\"color: #008080\"><strong><em>y a la fin d&#8217;a\u00f1u,<\/em><\/strong><\/span><br \/>\n<span style=\"color: #008080\"><strong><em>llueu de cenar,<\/em><\/strong><\/span><br \/>\n<span style=\"color: #008080\"><strong><em>el corchu sal de la botella de xamp\u00e1n.<\/em><\/strong><\/span><\/p>\n<p><span style=\"color: #008080\"><strong><em>Agora tu, al salir de casa,<\/em><\/strong><\/span><br \/>\n<span style=\"color: #008080\"><strong><em>pon fociquera<\/em><\/strong><\/span><br \/>\n<span style=\"color: #008080\"><strong><em>y llama to g\u00fcela<\/em><\/strong><\/span><br \/>\n<span style=\"color: #008080\"><strong><em>pa glayar xuntes<\/em><\/strong><\/span><br \/>\n<span style=\"color: #008080\"><strong><em>esta canci\u00f3n:<\/em><\/strong><\/span><br \/>\n<span style=\"color: #008080\"><strong><em>cuando salimos, l&#8217;asturianu sal con n\u00f3s.<\/em><\/strong><\/span><\/p>\n<p><span style=\"color: #008080\"><strong><em>Cuando&#8217;l sol apreta fuerte<\/em><\/strong><\/span><br \/>\n<span style=\"color: #008080\"><strong><em>al ne\u00f1u roxu<\/em><\/strong><\/span><br \/>\n<span style=\"color: #008080\"><strong><em>s\u00e1len-y penques,<\/em><\/strong><\/span><br \/>\n<span style=\"color: #008080\"><strong><em>y a la qu&#8217;entama<\/em><\/strong><\/span><br \/>\n<span style=\"color: #008080\"><strong><em>a dexelar<\/em><\/strong><\/span><br \/>\n<span style=\"color: #008080\"><strong><em>la osa sal de la so cueva d&#8217;ivernar.<\/em><\/strong><\/span><\/p>\n<p><span style=\"color: #008080\"><strong><em>Cuando ye la nueche escura<\/em><\/strong><\/span><br \/>\n<span style=\"color: #008080\"><strong><em>sal un vampiru<\/em><\/strong><\/span><br \/>\n<span style=\"color: #008080\"><strong><em>que ye mui finu,<\/em><\/strong><\/span><br \/>\n<span style=\"color: #008080\"><strong><em>y como nun<\/em><\/strong><\/span><br \/>\n<span style=\"color: #008080\"><strong><em>se quier manchar<\/em><\/strong><\/span><br \/>\n<span style=\"color: #008080\"><strong><em>a la so v\u00edctima nun ye a taraga\u00f1ar.<\/em><\/strong><\/span><\/p>\n<p><span style=\"color: #008080\"><strong><em>Agora tu, al salir de casa,<\/em><\/strong><\/span><br \/>\n<span style=\"color: #008080\"><strong><em>pon fociquera<\/em><\/strong><\/span><br \/>\n<span style=\"color: #008080\"><strong><em>y llama to g\u00fcela<\/em><\/strong><\/span><br \/>\n<span style=\"color: #008080\"><strong><em>pa glayar xuntes<\/em><\/strong><\/span><br \/>\n<span style=\"color: #008080\"><strong><em>esta canci\u00f3n:<\/em><\/strong><\/span><br \/>\n<span style=\"color: #008080\"><strong><em>cuando salimos, l&#8217;asturianu sal con n\u00f3s.<\/em><\/strong><\/span><\/p>\n<p style=\"text-align: center\">\n<!-- iframe plugin v.6.0 wordpress.org\/plugins\/iframe\/ -->\n<iframe loading=\"lazy\" width=\"100%\" height=\"430\" src=\"https:\/\/www.youtube.com\/embed\/uMMCl_1tfdg\" 0=\"\/iframe\" scrolling=\"yes\" class=\"iframe-class\" frameborder=\"0\"><\/iframe>\n<\/p>\n<div class=\"wp-block-spacer\" aria-hidden=\"true\"><\/div>\n","protected":false},"excerpt":{"rendered":"<p>Fonte noticia: M\u00fasicAsturiana.com \/ Asturies.com \/ Promo \/ Reciella families pol Asturianu \/ Cartelu \/ \/ Isa \ud83d\ude09 Xaime Mart\u00ednez \/ Estrenamos \u201cL\u2019asturianu sal con n\u00f3s\u201d, el cantar de Xaime Mart\u00ednez pal D\u00eda de la Reciella<\/p>\n","protected":false},"author":117,"featured_media":0,"comment_status":"open","ping_status":"open","sticky":false,"template":"","format":"standard","meta":{"footnotes":""},"categories":[6,35,230],"tags":[],"class_list":["post-9782","post","type-post","status-publish","format-standard","hentry","category-dia-de","category-musica","category-reciella"],"_links":{"self":[{"href":"https:\/\/edublog.educastur.es\/ixuxu\/wp-json\/wp\/v2\/posts\/9782","targetHints":{"allow":["GET"]}}],"collection":[{"href":"https:\/\/edublog.educastur.es\/ixuxu\/wp-json\/wp\/v2\/posts"}],"about":[{"href":"https:\/\/edublog.educastur.es\/ixuxu\/wp-json\/wp\/v2\/types\/post"}],"author":[{"embeddable":true,"href":"https:\/\/edublog.educastur.es\/ixuxu\/wp-json\/wp\/v2\/users\/117"}],"replies":[{"embeddable":true,"href":"https:\/\/edublog.educastur.es\/ixuxu\/wp-json\/wp\/v2\/comments?post=9782"}],"version-history":[{"count":7,"href":"https:\/\/edublog.educastur.es\/ixuxu\/wp-json\/wp\/v2\/posts\/9782\/revisions"}],"predecessor-version":[{"id":9790,"href":"https:\/\/edublog.educastur.es\/ixuxu\/wp-json\/wp\/v2\/posts\/9782\/revisions\/9790"}],"wp:attachment":[{"href":"https:\/\/edublog.educastur.es\/ixuxu\/wp-json\/wp\/v2\/media?parent=9782"}],"wp:term":[{"taxonomy":"category","embeddable":true,"href":"https:\/\/edublog.educastur.es\/ixuxu\/wp-json\/wp\/v2\/categories?post=9782"},{"taxonomy":"post_tag","embeddable":true,"href":"https:\/\/edublog.educastur.es\/ixuxu\/wp-json\/wp\/v2\/tags?post=9782"}],"curies":[{"name":"wp","href":"https:\/\/api.w.org\/{rel}","templated":true}]}}