{"id":9817,"date":"2021-09-19T11:00:41","date_gmt":"2021-09-19T09:00:41","guid":{"rendered":"https:\/\/edublog.educastur.es\/ixuxu\/?p=9817"},"modified":"2021-09-21T11:29:04","modified_gmt":"2021-09-21T09:29:04","slug":"alfareria-de-faro-patrimonio-duvieu","status":"publish","type":"post","link":"https:\/\/edublog.educastur.es\/ixuxu\/2021\/09\/alfareria-de-faro-patrimonio-duvieu\/","title":{"rendered":"Alfarer\u00eda de Faro. Patrimonio d\u2019Uvi\u00e9u"},"content":{"rendered":"<div class=\"td_block_wrap tdb_title tdi_65 tdb-single-title td-pb-border-top td_block_template_1\" data-td-block-uid=\"tdi_65\">\n<div class=\"tdb-block-inner td-fix-index\">\n<div style=\"text-align: center\"><em><a href=\"https:\/\/www.nortes.me\/wp-content\/uploads\/2021\/09\/Selito-trabajando-en-su-taller-1536x1020.jpg\"><img loading=\"lazy\" decoding=\"async\" class=\"alignnone\" src=\"https:\/\/www.nortes.me\/wp-content\/uploads\/2021\/09\/Selito-trabajando-en-su-taller-1536x1020.jpg\" alt=\"\" width=\"1536\" height=\"1020\" \/><\/a><\/em><\/div>\n<div style=\"text-align: center\"><em>L&#8217;artesanu Selito trabayando nel so taller de Faru. Semeya: To\u00f1o Huerta.<\/em><\/div>\n<\/div>\n<\/div>\n<div class=\"td_block_wrap tdb_single_subtitle tdi_66 td-pb-border-top td_block_template_1\" data-td-block-uid=\"tdi_66\">\n<div class=\"tdb-block-inner td-fix-index\">\n<p>El xe\u00f3grafu To\u00f1o Huerta reivindica esta artesan\u00eda local, que&#8217;l s\u00e1badu celebr\u00f3&#8217;l so d\u00eda grande cola entrega del so premiu naual, el Barb\u00f3n, al antrop\u00f3logu Juaco L\u00f3pez.<\/p>\n<\/div>\n<\/div>\n<ul>\n<li><a href=\"https:\/\/www.nortes.me\/2021\/09\/19\/alfareria-de-faro-patrimonio-duvieu\/?fbclid=IwAR1712hLU6iraKVEK5Byzno_9k-CDU1TMOkGrkqR993Nrl1mi5PunPOR31E\">Fonte noticia: Nortes.me, To\u00f1o Huerta<\/a><\/li>\n<\/ul>\n<p><!--more--><\/p>\n<p><span style=\"color: #008080\"><em>\u201c\u2026un activid\u00e1 que, dende les instituciones p\u00fabliques, nun podemos dexar qu&#8217;apeligre o que los sos art\u00edfices atopen ensin medios para la ense\u00f1anza y espardimientu d&#8217;un arte arrogante\u201d.<\/em><\/span> Corr\u00eda l&#8217;a\u00f1u 1995 cuando se celebraba la esposici\u00f3n Faru. Mil a\u00f1os de producci\u00f3n alfarera, y l&#8217;alcalde Gabino de Lorenzo dedicaba estes palabres nel pr\u00f3logu del volume que s&#8217;edit\u00f3. Pasaron 26 a\u00f1os, cuatro alcaldes y delles corporaciones y tou sigue igual. O inclusive peor pos, \u00bfcu\u00e1nta xente d&#8217;Uvi\u00e9u conoz la hestoria d&#8217;esta alfarer\u00eda o tan siquier la so esistencia?<\/p>\n<p style=\"text-align: center\"><a href=\"https:\/\/www.nortes.me\/wp-content\/uploads\/2021\/09\/Botia-pieza-tradicional-de-Faro-768x1365.jpg\"><img loading=\"lazy\" decoding=\"async\" class=\"alignnone\" src=\"https:\/\/www.nortes.me\/wp-content\/uploads\/2021\/09\/Botia-pieza-tradicional-de-Faro-768x1365.jpg\" alt=\"\" width=\"768\" height=\"1365\" \/><\/a><\/p>\n<p style=\"text-align: center\"><em>Botia, pieza tradicional de Faro. Semeya: To\u00f1o Huerta<\/em><\/p>\n<p>L&#8217;activid\u00e1 alfarera de Faru, siquier, ta constatada dende&#8217;l sieglu XI na so aguada negra, una caracter\u00edstica que la fai \u00fanica. Ser\u00eda a partir del sieglu XIII cuando apaeciera la cer\u00e1mica esmaltada, n&#8217;una dualid\u00e1 qu&#8217;hai pervivido hasta los nuesos d\u00edes<span style=\"color: #008080\">. La so d\u00f3mina gloriosa, siquier dende&#8217;l puntu de vista cuantitativu, podemos afitala a mediaos del sieglu XVIII cuando esist\u00eden m\u00e1s de setenta talleres alfareros.<\/span> A partir d&#8217;ende un progresivu cayente apin\u00e1u pola llegada de la industria locera fadr\u00eda que, y\u00e1<strong><span style=\"color: #008080\"> dende la segunda met\u00e1 del sieglu XX tan solo perviviera el taller de Fornaxe de la mano de Lito y el so f\u00edu Selito.<\/span><\/strong> Una saga que termina pero que, por fortuna, gracies a el llabor d&#8217;Orlando Mor\u00e1n, arque\u00f3logu y aprendiz d&#8217;alfareru, l&#8217;oficiu va tener continuid\u00e1.<\/p>\n<p>Faer qu&#8217;esti llabor ancestral sobreviva tendr\u00eda de ser una obligaci\u00f3n de la socied\u00e1 reflexada nun compromisu institucional. All\u00e1 pel a\u00f1u 2014, siendo alcalde Agust\u00edn Caunedo y gracies al alcuerdu presupuestariu con Izquierda Xunida daba un pasu importante, la ellaboraci\u00f3n d&#8217;un proyectu para la creaci\u00f3n del <strong><span style=\"color: #008080\">Centru d&#8217;Alfarer\u00eda de Faru<\/span><\/strong>, redact\u00e1u por quien suscribe esti art\u00edculu \u2013a partir d&#8217;ese trabayo, la mio relaci\u00f3n con Faru, la so alfarer\u00eda y, sobremanera, la so xente, pas\u00f3 de ser profesional a una amist\u00e1 y compromisu que va creciendo col tiempu\u2013. Sicas\u00ed, col proyectu redact\u00e1u, la siguiente corporaci\u00f3n foi incapaz de materializar ese centro a pesar de los compromisos, l&#8217;asignaci\u00f3n a\u00f1u tres d&#8217;a\u00f1u d&#8217;una cantid\u00e1 nos presupuestos municipales y les promeses.<\/p>\n<p>S\u00ed llogr\u00f3 la firma d&#8217;un conveniu de collaboraci\u00f3n cola<span style=\"color: #008080\"><strong> Asociaci\u00f3n d&#8217;Amigos de l&#8217;Alfarer\u00eda de Faru<\/strong> <\/span>a la qu&#8217;a\u00f1almente se -y otorga una subvenci\u00f3n dende la Fundaci\u00f3n Municipal de Cultura del Conceyu d&#8217;Uvi\u00e9u para realizar el so llabor d&#8217;estudiu, protecci\u00f3n y divulgaci\u00f3n de la cer\u00e1mica faruca; cola mesma hanse realiz\u00e1u diversos estudios, edit\u00f3se un cat\u00e1logu, un documental o realiz\u00e1u unes xornaes hist\u00f3riques y patrimoniales, por citar tan solo dalgunu, anque ye la otorgaci\u00f3n del Premiu Barb\u00f3n de Faru, del que depu\u00e9s vamos falar, l&#8217;activid\u00e1 m\u00e1s entra\u00f1able, tollo ensin perder de vista l&#8217;oxetivu de ver realiz\u00e1u un Centru d&#8217;Alfarer\u00eda que dexe dar continuid\u00e1 a esti llabor, centru que tar\u00eda sofit\u00e1u en cuatro pilastres b\u00e1siques: siguir siendo un taller d&#8217;alfarer\u00eda, cuntar con actividaes de formaci\u00f3n a tolos niveles, siguir col estudiu hist\u00f3rico y arqueol\u00f3xico de l&#8217;alfarer\u00eda y sopelexar la so hestoria al travi\u00e9s d&#8217;un discursu museogr\u00e1ficu. Am\u00e1s de nun perder una activid\u00e1 \u00fanica, convertirase nun centru dinamizador d&#8217;esta zona rural, un recursu end\u00f3xenu llenu de nueves oportunidaes.<\/p>\n<p style=\"text-align: center\"><a href=\"https:\/\/www.nortes.me\/wp-content\/uploads\/2021\/09\/baronDefaro-scaled.jpg\"><img loading=\"lazy\" decoding=\"async\" class=\"alignnone\" src=\"https:\/\/www.nortes.me\/wp-content\/uploads\/2021\/09\/baronDefaro-scaled.jpg\" alt=\"\" width=\"1200\" height=\"900\" \/><\/a><\/p>\n<p style=\"text-align: center\"><em><strong>Entrega del Barb\u00f3n de Faru a Juaco L\u00f3pez<\/strong><\/em><\/p>\n<p>M\u00e1s de 25 a\u00f1os dempu\u00e9s de les palabres de De Lorenzo, l&#8217;actual alcalde, Alfredo Canteli, manifest\u00f3 en delles ocasiones el so compromisu para llevar a cabu&#8217;l proyectu de Centru d&#8217;Alfarer\u00eda; esperemos que les mesmes veanse ratificaes nos presupuestos del pr\u00f3ximu exerciciu. Entr\u00edn y non, y frutu tami\u00e9n del trabayu de l&#8217;Asociaci\u00f3n d&#8217;Amigos de l&#8217;Alfarer\u00eda de Faru, dende la Direcci\u00f3n Xeneral de Patrimoniu Cultural del Princip\u00e1u d&#8217;Asturies tase a puntu d&#8217;incoar espediente de protecci\u00f3n de los elementos, materiales ya inmateriales, amestaos a esti oficiu y qu&#8217;ent\u00e1 perduren en Faru en forma de fornos, casqueros y tradici\u00f3n; tan solo falta que dende la conceyal\u00eda de cultura contesten a los requerimientos de los t\u00e9cnicos del Princip\u00e1u.<\/p>\n<p>Dic\u00eda primero que xuno de los eventos m\u00e1s quer\u00edos ye la concesi\u00f3n del Premiu Barb\u00f3n de Faru \u2013el barb\u00f3n ye una de les pieces m\u00e1s emblem\u00e1tiques de Faru; un xarr\u00f3n de tr\u00e9s rustes que se fabrica tantu na so aguada negra como esmaltada\u2013. Esta reconocencia sirve para valorar el trabayu que diverses persones o entidaes faen na defensa de la cultura tradicional asturiana polo xeneral y de l&#8217;alfarer\u00eda de Faru en particular.<\/p>\n<p>En 2021 cel\u00e9brase la so s\u00e9ptima edici\u00f3n y el galardon\u00e1u angua\u00f1o foi Juaco L\u00f3pez, director del Museu del Pueblu *d\u2019Asturies. Como cada a\u00f1u, l&#8217;actu d&#8217;entrega del Barb\u00f3n ye un d\u00eda de celebraci\u00f3n onde siguimos dando a conocer l&#8217;alfarer\u00eda faruca, regalando a los asistentes, como y\u00e1 ye costume, una reproducci\u00f3n de dalguna de les pieces tradicionales de Faru. Pero tami\u00e9n, y ser\u00eda imperdonable que nun fora asina, ye un d\u00eda de reivindicaci\u00f3n, porque toca recordar a les autoridaes presentes el so compromisu y la falta de fechos; la necesaria urxencia de materializar un Centru d&#8217;Alfarer\u00eda \u00e9nte&#8217;l peligru real de qu&#8217;esti llabor suma.<\/p>\n<p>Mientres escribo estes ll\u00ednees, n&#8217;Uvi\u00e9u, na urbe, cel\u00e9brase San Mateo y ente les actividaes infantiles hai un taller d&#8217;alfarer\u00eda. S\u00eda por desconocimientu o por descoordinaci\u00f3n de la conceyal\u00eda responsable y los sos t\u00e9cnicos el casu ye que Faru qued\u00f3 de llau nesi llabor tan necesariu pa sopelexar la nuesa cultura ente los m\u00e1s pequenos. Posiblemente pueda iguase nun futuru, pero nun dexa de ser llamativu qu&#8217;esista xuna collaboraci\u00f3n cola Fundaci\u00f3n Municipal de Cultura, que tengamos un alcalde compromet\u00edu de palabra, inclusive que&#8217;l regalu institucional de les bodes civiles celebraes nel Conceyu s\u00eda xuna xarra de sidra de Faru y que, sicas\u00ed, la so alfarer\u00eda qu\u00e9dese fuera de la programaci\u00f3n mateina. A lo \u00faltimo, l&#8217;alfarer\u00eda de Faru ye tami\u00e9n la d&#8217;Uvi\u00e9u, \u00bfcu\u00e1ntos conceyos podr\u00eden presumir de tener un oficiu con m\u00e1s de mil a\u00f1os d&#8217;hestoria?<\/p>\n<p>Como suel asoceder en tantes ocasiones y con tantos elementos patrimoniales, l&#8217;alfarer\u00eda de Faru ye m\u00e1s conocida y valorada fora de les nueses fronteres. Dende l&#8217;a\u00f1u pas\u00e1u, a falta d&#8217;una decisi\u00f3n del Conceyu d&#8217;Uvi\u00e9u pa formar parte de l&#8217;Asociaci\u00f3n Espa\u00f1ola de Ciudaes de la Cer\u00e1mica, qu&#8217;esperemos tome llueu, l&#8217;Asociaci\u00f3n d&#8217;Amigos de l&#8217;Alfarer\u00eda de Faru integr\u00f3se nesa rede de conceyos l&#8217;a\u00f1u pas\u00e1u, de manera escepcional y como reconocencia a la so hestoria, lo que de la mesma implica tar dientro de la Rede Europea de Ciudaes Alfareres. Un pasu m\u00e1s d&#8217;esti modestu grupu de xente que se niega a ver sumir una tradici\u00f3n milenaria \u00e9nte la desidia institucional, onde primen les bones palabres frente a los fechos.<\/p>\n<p>Esperemos que la misteriosa p\u00e1xara que tantos caciplos decora siga volando \u00e9nte toos n\u00f3s, que nun s\u00eda solamente una alcordanza. Como socied\u00e1 tenemos la obligaci\u00f3n moral de caltener el nuesu leg\u00e1u, que ye lo mesmo que dicir la nuesa memoria. El Centru d&#8217;Alfarer\u00eda de Faru vendr\u00e1 llograr esos oxetivos; llevamos munchos a\u00f1os percorr\u00edos y toi seguro, nun puede ser d&#8217;otra forma, que vamos ver realiz\u00e1u esti sua\u00f1u. Faru y la so alfarer\u00eda nun pueden morrer.<\/p>\n","protected":false},"excerpt":{"rendered":"<p>L&#8217;artesanu Selito trabayando nel so taller de Faru. Semeya: To\u00f1o Huerta. El xe\u00f3grafu To\u00f1o Huerta reivindica esta artesan\u00eda local, que&#8217;l s\u00e1badu celebr\u00f3&#8217;l so d\u00eda grande cola entrega del so premiu naual, el Barb\u00f3n, al antrop\u00f3logu Juaco L\u00f3pez. Fonte noticia: Nortes.me, To\u00f1o Huerta<\/p>\n","protected":false},"author":117,"featured_media":0,"comment_status":"open","ping_status":"open","sticky":false,"template":"","format":"standard","meta":{"footnotes":""},"categories":[89],"tags":[],"class_list":["post-9817","post","type-post","status-publish","format-standard","hentry","category-arte"],"_links":{"self":[{"href":"https:\/\/edublog.educastur.es\/ixuxu\/wp-json\/wp\/v2\/posts\/9817","targetHints":{"allow":["GET"]}}],"collection":[{"href":"https:\/\/edublog.educastur.es\/ixuxu\/wp-json\/wp\/v2\/posts"}],"about":[{"href":"https:\/\/edublog.educastur.es\/ixuxu\/wp-json\/wp\/v2\/types\/post"}],"author":[{"embeddable":true,"href":"https:\/\/edublog.educastur.es\/ixuxu\/wp-json\/wp\/v2\/users\/117"}],"replies":[{"embeddable":true,"href":"https:\/\/edublog.educastur.es\/ixuxu\/wp-json\/wp\/v2\/comments?post=9817"}],"version-history":[{"count":3,"href":"https:\/\/edublog.educastur.es\/ixuxu\/wp-json\/wp\/v2\/posts\/9817\/revisions"}],"predecessor-version":[{"id":9819,"href":"https:\/\/edublog.educastur.es\/ixuxu\/wp-json\/wp\/v2\/posts\/9817\/revisions\/9819"}],"wp:attachment":[{"href":"https:\/\/edublog.educastur.es\/ixuxu\/wp-json\/wp\/v2\/media?parent=9817"}],"wp:term":[{"taxonomy":"category","embeddable":true,"href":"https:\/\/edublog.educastur.es\/ixuxu\/wp-json\/wp\/v2\/categories?post=9817"},{"taxonomy":"post_tag","embeddable":true,"href":"https:\/\/edublog.educastur.es\/ixuxu\/wp-json\/wp\/v2\/tags?post=9817"}],"curies":[{"name":"wp","href":"https:\/\/api.w.org\/{rel}","templated":true}]}}