{"id":9834,"date":"2021-09-20T09:00:43","date_gmt":"2021-09-20T07:00:43","guid":{"rendered":"https:\/\/edublog.educastur.es\/ixuxu\/?p=9834"},"modified":"2021-09-21T13:32:00","modified_gmt":"2021-09-21T11:32:00","slug":"dia-mundial-de-la-paella","status":"publish","type":"post","link":"https:\/\/edublog.educastur.es\/ixuxu\/2021\/09\/dia-mundial-de-la-paella\/","title":{"rendered":"D\u00eda Mundial de la Paella"},"content":{"rendered":"<p style=\"text-align: center\"><a href=\"https:\/\/worldpaelladay.org\/wp-content\/uploads\/2019\/09\/wpd_img_previa_fbook-1.jpg\"><img loading=\"lazy\" decoding=\"async\" class=\"alignnone\" src=\"https:\/\/worldpaelladay.org\/wp-content\/uploads\/2019\/09\/wpd_img_previa_fbook-1.jpg\" alt=\"\" width=\"609\" height=\"320\" \/><\/a><\/p>\n<p>Esti 20 de setiembre celebra&#8217;l D\u00eda Mundial de la Paella. En Valencia, cuna d&#8217;esti reconoc\u00edu platu espa\u00f1ol, chefs de too el mundu compitieron pol t\u00edtulu al meyor paelleru na <span style=\"color: #008080\"><strong><a href=\"https:\/\/worldpaelladay.org\/\">World Paella Day Cup<\/a>.<\/strong><\/span><\/p>\n<p style=\"text-align: center\"><a href=\"https:\/\/cnnespanol.cnn.com\/wp-content\/uploads\/2021\/09\/WhatsApp-Image-2021-09-20-at-11.59.37.jpeg?quality=100&amp;strip=info&amp;w=940&amp;h=530&amp;crop=1\"><img loading=\"lazy\" decoding=\"async\" class=\"alignnone\" src=\"https:\/\/cnnespanol.cnn.com\/wp-content\/uploads\/2021\/09\/WhatsApp-Image-2021-09-20-at-11.59.37.jpeg?quality=100&amp;strip=info&amp;w=940&amp;h=530&amp;crop=1\" alt=\"\" width=\"505\" height=\"285\" \/><\/a><\/p>\n<p><!--more--><\/p>\n<p>El D\u00eda Internacional de la Paella ye una reconocencia al platu m\u00e1s universal de la gastronom\u00eda de Valencia. Un d\u00eda nel que los valencianos compartimos el nuesu gran platu col restu del mundu para celebrar, m\u00e1s all\u00e1 de recetes ya ingredientes, la internacionalid\u00e1 de la paella. Una comida d&#8217;humilde orixe valencianu que trespas\u00f3 toles fronteres. <strong><span style=\"color: #008080\">Con ocho millones de busques a\u00f1ales n&#8217;internet, que lo converten nel cuartu platu m\u00e1s importante del planeta.<\/span><\/strong><\/p>\n<p style=\"text-align: center\">\n<!-- iframe plugin v.6.0 wordpress.org\/plugins\/iframe\/ -->\n<iframe loading=\"lazy\" width=\"100%\" height=\"523\" src=\"https:\/\/www.youtube.com\/embed\/_r2Os7xM8rg\" 0=\"\/iframe\" scrolling=\"yes\" class=\"iframe-class\" frameborder=\"0\"><\/iframe>\n<\/p>\n<p>El llunes na ma\u00f1ana, los chefs semifinalistes prep\u00e1rense para la competencia pola meyor paella.<\/p>\n<p style=\"text-align: center\"><a href=\"https:\/\/cnnespanol.cnn.com\/wp-content\/uploads\/2021\/09\/WhatsApp-Image-2021-09-20-at-11.10.13.jpeg?resize=1536,1152\"><img loading=\"lazy\" decoding=\"async\" class=\"alignnone\" src=\"https:\/\/cnnespanol.cnn.com\/wp-content\/uploads\/2021\/09\/WhatsApp-Image-2021-09-20-at-11.10.13.jpeg?resize=1536,1152\" alt=\"\" width=\"1536\" height=\"1152\" \/><\/a><\/p>\n<p style=\"text-align: center\"><em>Semeya: Pau Mosquera\/CNN Espa\u00f1ol<\/em><\/p>\n<p>Noelia Pascual, d&#8217;Espa\u00f1a, llev\u00f3se&#8217;l t\u00edtulu por tr\u00e9s puntos de diferencia frente a Estaos Xun\u00edos. Chefs d&#8217;Estaos Xun\u00edos, B\u00e9lxica, Uruguai, Per\u00fa, China, Corea del Sur, Mari\u00f1a Rica, Irlanda, Rep\u00fablica Checa y Espa\u00f1a compitieron nes semifinales.<\/p>\n<p>Pasaron a la final Vicente Aguilar, de Mari\u00f1a Rica; Javier Pi\u00f1eiro, d&#8217;Uruguai; Natalie Curie, d&#8217;EE.XX., Binhui Jiang, de China, y Noelia Pascual, d&#8217;Espa\u00f1a.<\/p>\n<p>Estes son les semeyes de los finalistes. Los aspirantes optaron por usar ingredientes m\u00e1s paec\u00edos a los que s&#8217;usen na paella valenciana.<\/p>\n<p style=\"text-align: center\"><a href=\"https:\/\/cnnespanol.cnn.com\/wp-content\/uploads\/2021\/09\/WhatsApp-Image-2021-09-20-at-7.46.30-AM.jpeg?resize=1536,1152\"><img loading=\"lazy\" decoding=\"async\" class=\"alignnone\" src=\"https:\/\/cnnespanol.cnn.com\/wp-content\/uploads\/2021\/09\/WhatsApp-Image-2021-09-20-at-7.46.30-AM.jpeg?resize=1536,1152\" alt=\"\" width=\"1536\" height=\"1152\" \/><\/a><\/p>\n<p style=\"text-align: center\"><a href=\"https:\/\/cnnespanol.cnn.com\/wp-content\/uploads\/2021\/09\/WhatsApp-Image-2021-09-20-at-7.46.32-AM.jpeg?resize=1536,1152\"><img loading=\"lazy\" decoding=\"async\" class=\"alignnone\" src=\"https:\/\/cnnespanol.cnn.com\/wp-content\/uploads\/2021\/09\/WhatsApp-Image-2021-09-20-at-7.46.32-AM.jpeg?resize=1536,1152\" alt=\"\" width=\"1536\" height=\"1152\" \/><\/a><\/p>\n<p style=\"text-align: center\"><a href=\"https:\/\/cnnespanol.cnn.com\/wp-content\/uploads\/2021\/09\/WhatsApp-Image-2021-09-20-at-7.46.29-AM-1.jpeg?resize=1536,1152\"><img loading=\"lazy\" decoding=\"async\" class=\"alignnone\" src=\"https:\/\/cnnespanol.cnn.com\/wp-content\/uploads\/2021\/09\/WhatsApp-Image-2021-09-20-at-7.46.29-AM-1.jpeg?resize=1536,1152\" alt=\"\" width=\"1536\" height=\"1152\" \/><\/a><\/p>\n<p style=\"text-align: center\"><a href=\"https:\/\/cnnespanol.cnn.com\/wp-content\/uploads\/2021\/09\/WhatsApp-Image-2021-09-20-at-7.46.29-AM.jpeg?resize=1536,1152\"><img loading=\"lazy\" decoding=\"async\" class=\"alignnone\" src=\"https:\/\/cnnespanol.cnn.com\/wp-content\/uploads\/2021\/09\/WhatsApp-Image-2021-09-20-at-7.46.29-AM.jpeg?resize=1536,1152\" alt=\"\" width=\"1536\" height=\"1152\" \/><\/a><\/p>\n<p style=\"text-align: center\"><a href=\"https:\/\/cnnespanol.cnn.com\/wp-content\/uploads\/2021\/09\/WhatsApp-Image-2021-09-20-at-7.46.28-AM.jpeg?resize=1536,1152\"><img loading=\"lazy\" decoding=\"async\" class=\"alignnone\" src=\"https:\/\/cnnespanol.cnn.com\/wp-content\/uploads\/2021\/09\/WhatsApp-Image-2021-09-20-at-7.46.28-AM.jpeg?resize=1536,1152\" alt=\"\" width=\"1536\" height=\"1152\" \/><\/a><\/p>\n<ul>\n<li><a href=\"https:\/\/cnnespanol.cnn.com\/2021\/09\/20\/dia-mundial-de-la-paella-2021-valencia-orix\/\"><span style=\"color: #008080\"><strong>D\u00eda Mundial de la Paella 2021:<\/strong><\/span> Noelia Pascual d&#8217;Espa\u00f1a gana&#8217;l t\u00edtulu de meyor paellera<\/a><\/li>\n<\/ul>\n<p style=\"text-align: center\"><a href=\"https:\/\/album.mediaset.es\/eimg\/10000\/2021\/09\/20\/clipping_p52lVb_aaeb.jpg?w=480\"><img loading=\"lazy\" decoding=\"async\" class=\"alignnone\" src=\"https:\/\/album.mediaset.es\/eimg\/10000\/2021\/09\/20\/clipping_p52lVb_aaeb.jpg?w=480\" alt=\"\" width=\"480\" height=\"270\" \/><\/a><\/p>\n<p style=\"text-align: left\">La <strong><span style=\"color: #008080\">chef Noelia Pascual, en representaci\u00f3n d&#8217;Espa\u00f1a, foi la vencedora de la World Paella Day Cup 2021,<\/span><\/strong> una competici\u00f3n na que diez chefs de distintos pa\u00edses llucharon nos fogones por alzase col t\u00edtulu a la meyor paella del mundu, cada unu cola so propia receta y la so propia interpretaci\u00f3n del platu.<\/p>\n<p style=\"text-align: center\"><a href=\"https:\/\/worldpaelladay.org\/wp-content\/uploads\/2021\/09\/noelia_pascual.png\"><img loading=\"lazy\" decoding=\"async\" class=\"alignnone\" src=\"https:\/\/worldpaelladay.org\/wp-content\/uploads\/2021\/09\/noelia_pascual.png\" alt=\"\" width=\"542\" height=\"540\" \/><\/a><\/p>\n","protected":false},"excerpt":{"rendered":"<p>Esti 20 de setiembre celebra&#8217;l D\u00eda Mundial de la Paella. En Valencia, cuna d&#8217;esti reconoc\u00edu platu espa\u00f1ol, chefs de too el mundu compitieron pol t\u00edtulu al meyor paelleru na World Paella Day Cup.<\/p>\n","protected":false},"author":117,"featured_media":0,"comment_status":"open","ping_status":"open","sticky":false,"template":"","format":"standard","meta":{"footnotes":""},"categories":[6,1],"tags":[],"class_list":["post-9834","post","type-post","status-publish","format-standard","hentry","category-dia-de","category-sin-categoria"],"_links":{"self":[{"href":"https:\/\/edublog.educastur.es\/ixuxu\/wp-json\/wp\/v2\/posts\/9834","targetHints":{"allow":["GET"]}}],"collection":[{"href":"https:\/\/edublog.educastur.es\/ixuxu\/wp-json\/wp\/v2\/posts"}],"about":[{"href":"https:\/\/edublog.educastur.es\/ixuxu\/wp-json\/wp\/v2\/types\/post"}],"author":[{"embeddable":true,"href":"https:\/\/edublog.educastur.es\/ixuxu\/wp-json\/wp\/v2\/users\/117"}],"replies":[{"embeddable":true,"href":"https:\/\/edublog.educastur.es\/ixuxu\/wp-json\/wp\/v2\/comments?post=9834"}],"version-history":[{"count":4,"href":"https:\/\/edublog.educastur.es\/ixuxu\/wp-json\/wp\/v2\/posts\/9834\/revisions"}],"predecessor-version":[{"id":9838,"href":"https:\/\/edublog.educastur.es\/ixuxu\/wp-json\/wp\/v2\/posts\/9834\/revisions\/9838"}],"wp:attachment":[{"href":"https:\/\/edublog.educastur.es\/ixuxu\/wp-json\/wp\/v2\/media?parent=9834"}],"wp:term":[{"taxonomy":"category","embeddable":true,"href":"https:\/\/edublog.educastur.es\/ixuxu\/wp-json\/wp\/v2\/categories?post=9834"},{"taxonomy":"post_tag","embeddable":true,"href":"https:\/\/edublog.educastur.es\/ixuxu\/wp-json\/wp\/v2\/tags?post=9834"}],"curies":[{"name":"wp","href":"https:\/\/api.w.org\/{rel}","templated":true}]}}