{"id":9861,"date":"2021-09-21T20:00:22","date_gmt":"2021-09-21T18:00:22","guid":{"rendered":"https:\/\/edublog.educastur.es\/ixuxu\/?p=9861"},"modified":"2021-09-21T20:00:51","modified_gmt":"2021-09-21T18:00:51","slug":"cuelebre-una-de-les-criatures-mas-conocies-de-la-mitoloxia-asturiana","status":"publish","type":"post","link":"https:\/\/edublog.educastur.es\/ixuxu\/2021\/09\/cuelebre-una-de-les-criatures-mas-conocies-de-la-mitoloxia-asturiana\/","title":{"rendered":"Cu\u00e9lebre, una de les criatures m\u00e1s conoc\u00edes de la mitolox\u00eda asturiana"},"content":{"rendered":"<div class=\"et_post_meta_wrapper\">\n<ul>\n<li class=\"entry-title\"><a href=\"http:\/\/serasturianu.com\/2020\/03\/leyendas-asturianas-el-cuelebre-de-gijon-xixon\/?fbclid=IwAR2qFuIlf1pKQ4WPtE-go0ypYXYnClNfKi-yguARSn9sMG_CWxLmR6HaA9c\"><span style=\"font-size: 14px\">Leyendas asturianas: El Cu\u00e9lebre de Gij\u00f3n\/Xix\u00f3n<\/span><\/a><\/li>\n<\/ul>\n<\/div>\n<div class=\"entry-content\">\n<h3 style=\"text-align: center\"><span style=\"font-size: 14px\"><em>Pocos conocen la lleenda qu&#8217;envuelve a la Sablera de San Llorienzo y que, am\u00e1s, da-y nome.<\/em><\/span><\/h3>\n<p style=\"text-align: center\"><a href=\"https:\/\/secureservercdn.net\/160.153.138.219\/j1j.3b5.myftpupload.com\/wp-content\/uploads\/2020\/03\/xx2-1024x684.png\"><img loading=\"lazy\" decoding=\"async\" class=\"alignnone\" src=\"https:\/\/secureservercdn.net\/160.153.138.219\/j1j.3b5.myftpupload.com\/wp-content\/uploads\/2020\/03\/xx2-1024x684.png\" alt=\"\" width=\"545\" height=\"364\" \/><\/a><\/p>\n<\/div>\n<p><!--more--><\/p>\n<p>El Cu\u00e9lebre, el llam\u00e1u <strong><span style=\"color: #008080\">\u00abDrag\u00f3n Asturianu\u00bb<\/span><\/strong>, ye una de les criatures m\u00e1s conoc\u00edes de la mitolox\u00eda asturiana. La mayor\u00eda de los testimonios coinciden en que se trata d&#8217;un machu de culiebra que sigue creciendo mientres sieglos hasta algamar un tama\u00f1u xigantescu y esplegar nales d&#8217;esperteyu.<\/p>\n<p>Pero esti ser monstruosu cubiertu d&#8217;escames con una durez mayor que la del fierro sent\u00eda atracci\u00f3n pol oru y los oxetos brillosos, guardando los sos ayalgues nel interior de ciertes cueves. Asina, la so presencia ye bono de rastrexar n&#8217;ensame de llugares n&#8217;Asturies y Lli\u00f3n, como La Cabeza\u2019l Cu\u00e9lebre (Llena), La Vuelta\u2019l Cu\u00e9lebre (Colunga), Valdecu\u00e9labre (Somiedu) o El Pozu\u2019l Cu\u00e9lebre (Cangues d\u2019On\u00eds). <a href=\"https:\/\/www.youtube.com\/watch?v=nS8LuN_Jpdw\"><span style=\"color: #008080\"><strong>Inclusive Victor Manuel dedicar\u00edalu una de los sos cantares.<\/strong><\/span><\/a><\/p>\n<p>Asina, l&#8217;etn\u00f3grafu y dibuxante Bertu \u00c1lvarez Pe\u00f1a recueye nel so llibru Mitos de Xix\u00f3n la lleenda tresmitida por Man\u00edn de Selmo al folcklorista Luis Arg\u00fcelles na d\u00e9cada de 1940. Man\u00edn, un xixon\u00e9s que y\u00e1 rondaba los noventa y tantos a\u00f1os, cunt\u00f3-y esta vieya hestoria sobro&#8217;l cu\u00e9lebre qu&#8217;habitaba a la fin de la sablera de San Llorienzo. Conocemos m\u00e1s relatos sobro esta criatura nel conceyu de Xix\u00f3n, pero la de Man\u00edn ye l&#8217;\u00fanicu que fai referencia al arenal.<\/p>\n<p><span style=\"color: #008080\"><em>Va munchos a\u00f1os, un Cu\u00e9lebre que viv\u00eda nuna cueva del cabu de San Llorienzo, frente a La Isla de la Fontica (llamada modernamente La Isla la Tort\u00faa, pola forma), ten\u00eda apavoriaos a los pescadores de Cimavilla. Desesperaos por ver c\u00f3mo la sierpe destruy\u00eda de cutio les sos llanches y apareyos colos que ganaben el sustentu pidieron ayuda a Gor\u00edn, un ermita\u00f1u que moraba nel Picu\u2019l Sol. \u00c9sti ufiert\u00f3se pa dar muerte a la bestia, pero, a camb\u00e9u, los playos ten\u00eden d&#8217;alimentalo lo que-y quedara de vida.<\/em><\/span><\/p>\n<p><em><span style=\"color: #008080\">Gor\u00edn escoy\u00f3 a Xuana, xuna moza de quince a\u00f1os, f\u00eda de madre soltera, por que lo acompa\u00f1ara hasta la cueva del Cu\u00e9lebre. Una vegada na entrada Gor\u00edn llam\u00f3 a la bestia y, cuando sintieron que s&#8217;averaba, l&#8217;ermita\u00f1u quit\u00f3 la faxa que cinx\u00eda la cintura de la nueva y refundiara a la cabeza del reptil nam\u00e1s apaecer, quedando amans\u00e1u y dondu. Darr\u00e9u, l&#8217;ermita\u00f1u enfus\u00f3 nel cubil de la bisarma onde atop\u00f3 un llor\u00e9u\u00a0 d&#8217;oru, l&#8217;ayalga que&#8217;l drag\u00f3n taba curiando. Gor\u00edn llanz\u00f3&#8217;l llor\u00e9u al mar y orden\u00f3 al Cu\u00e9lebre que fora tres \u00e9l, sumiendo pa siempres so les enfarrucaes foles del cantil.<\/span><\/em><\/p>\n<p><em><span style=\"color: #008080\">L&#8217;ermita\u00f1u pas\u00f3 a vivir ent\u00f3s a la cueva del Cu\u00e9lebre, mientres los pescadores cumpl\u00eden col tratu tou les selmanes llev\u00e1ndo-y alimentu. Sicas\u00ed, si dalguna vegada escaec\u00eden faelo, un cuervu posa nel llugar qu&#8217;angua\u00f1o se conocemos como La Llomba\u2019l Cuervu y colos sos gazn\u00edos recordaba a los playos la so obligaci\u00f3n.<\/span><\/em><\/p>\n<p style=\"text-align: center\"><a href=\"https:\/\/secureservercdn.net\/160.153.138.219\/j1j.3b5.myftpupload.com\/wp-content\/uploads\/2020\/03\/Colina-del-Cuervo-Gij%C3%B3n-Volando-en-parapente-sobre-la-costa-de-Gij%C3%B3n-Asturias-by-machbel.jpg\"><img loading=\"lazy\" decoding=\"async\" class=\"alignnone\" src=\"https:\/\/secureservercdn.net\/160.153.138.219\/j1j.3b5.myftpupload.com\/wp-content\/uploads\/2020\/03\/Colina-del-Cuervo-Gij%C3%B3n-Volando-en-parapente-sobre-la-costa-de-Gij%C3%B3n-Asturias-by-machbel.jpg\" alt=\"\" width=\"800\" height=\"533\" \/><\/a><\/p>\n<p style=\"text-align: center\"><em>La Colina\u2019l Cuervu (Fotograf\u00eda: MACHBEL)<\/em><\/p>\n<p><span style=\"color: #008080\">\u00a0<\/span><\/p>\n<p>Col tiempu, enriba de la cueva del llor\u00e9u foi edificada la capiya de San Llorienzo de Mar, bautizando tami\u00e9n al cabu y al inmensu arenal que lo abarganara: la sablera de San Llorienzo. Lo cierto ye qu&#8217;esa capiya esisti\u00f3, y de fechu Jovellanos trescribir\u00eda delles coples y cantares populares que fa\u00eden referencia a les ancestrales procesiones marineres ente la capiya de San Llorienzo de Tierra (abargana del Conceyu) y la de San Llorienzo de Mar. Como aquella que diz:<\/p>\n<blockquote>\n<p style=\"text-align: center\"><em><span style=\"font-size: 20px\"><strong>\u00abVengo de San Llorienzo de la Tierra,<\/strong><\/span><\/em><br \/>\n<em><span style=\"font-size: 20px\"><strong>voi pa San Llorienzo de la mar,<\/strong><\/span><\/em><br \/>\n<em><span style=\"font-size: 20px\"><strong>enguedeyar, enguedeyar, enguedeyeme,<\/strong><\/span><\/em><br \/>\n<em><span style=\"font-size: 20px\"><strong>nunca me pudi desenguedeyar\u2026\u00bb<\/strong><\/span><\/em><\/p>\n<\/blockquote>\n","protected":false},"excerpt":{"rendered":"<p>Leyendas asturianas: El Cu\u00e9lebre de Gij\u00f3n\/Xix\u00f3n Pocos conocen la lleenda qu&#8217;envuelve a la Sablera de San Llorienzo y que, am\u00e1s, da-y nome.<\/p>\n","protected":false},"author":117,"featured_media":0,"comment_status":"open","ping_status":"open","sticky":false,"template":"","format":"standard","meta":{"footnotes":""},"categories":[226],"tags":[],"class_list":["post-9861","post","type-post","status-publish","format-standard","hentry","category-mitoloxia"],"_links":{"self":[{"href":"https:\/\/edublog.educastur.es\/ixuxu\/wp-json\/wp\/v2\/posts\/9861","targetHints":{"allow":["GET"]}}],"collection":[{"href":"https:\/\/edublog.educastur.es\/ixuxu\/wp-json\/wp\/v2\/posts"}],"about":[{"href":"https:\/\/edublog.educastur.es\/ixuxu\/wp-json\/wp\/v2\/types\/post"}],"author":[{"embeddable":true,"href":"https:\/\/edublog.educastur.es\/ixuxu\/wp-json\/wp\/v2\/users\/117"}],"replies":[{"embeddable":true,"href":"https:\/\/edublog.educastur.es\/ixuxu\/wp-json\/wp\/v2\/comments?post=9861"}],"version-history":[{"count":3,"href":"https:\/\/edublog.educastur.es\/ixuxu\/wp-json\/wp\/v2\/posts\/9861\/revisions"}],"predecessor-version":[{"id":9865,"href":"https:\/\/edublog.educastur.es\/ixuxu\/wp-json\/wp\/v2\/posts\/9861\/revisions\/9865"}],"wp:attachment":[{"href":"https:\/\/edublog.educastur.es\/ixuxu\/wp-json\/wp\/v2\/media?parent=9861"}],"wp:term":[{"taxonomy":"category","embeddable":true,"href":"https:\/\/edublog.educastur.es\/ixuxu\/wp-json\/wp\/v2\/categories?post=9861"},{"taxonomy":"post_tag","embeddable":true,"href":"https:\/\/edublog.educastur.es\/ixuxu\/wp-json\/wp\/v2\/tags?post=9861"}],"curies":[{"name":"wp","href":"https:\/\/api.w.org\/{rel}","templated":true}]}}