{"id":9866,"date":"2021-09-20T20:00:45","date_gmt":"2021-09-20T18:00:45","guid":{"rendered":"https:\/\/edublog.educastur.es\/ixuxu\/?p=9866"},"modified":"2021-09-21T20:10:49","modified_gmt":"2021-09-21T18:10:49","slug":"primer-pasu-dun-tren-pela-variante-de-payares-que-va-tar-en-pruebes-hasta-lo-ultimo-del-2022","status":"publish","type":"post","link":"https:\/\/edublog.educastur.es\/ixuxu\/2021\/09\/primer-pasu-dun-tren-pela-variante-de-payares-que-va-tar-en-pruebes-hasta-lo-ultimo-del-2022\/","title":{"rendered":"Primer pasu d\u2019un tren pela variante de Payares, que va tar en pruebes \u201chasta lo \u00faltimo del 2022\u201d"},"content":{"rendered":"<div class=\"region region-content\">\n<div id=\"block-system-main\" class=\"block block-system\">\n<div class=\"block-inner\">\n<div class=\"content\">\n<div id=\"node-52300\" class=\"node node-noticies node-promoted clearfix\">\n<div class=\"node-inner\">\n<div class=\"full-node\">\n<ul class=\"links inline\">\n<li class=\"comment_forbidden last\"><a href=\"https:\/\/asturies.com\/noticies\/primer-pasu-dun-tren-pela-variante-de-payares-que-va-tar-en-pruebes-hasta-lo-ultimo-del?fbclid=IwAR0UK5OWIRY_On4Ty8dVF-oANUGjIWfzt4eiFfgnzOA2qZxO6OPnbHdagaU\">Fonte noticia: Asturies.com<\/a><\/li>\n<\/ul>\n<div class=\"content clearfix\">\n<div class=\"field field-name-field-semeya2 field-type-image field-label-hidden\">\n<div class=\"field-items\">\n<div class=\"field-item even\"><img loading=\"lazy\" decoding=\"async\" class=\"aligncenter\" title=\"Tren llaboratoriu d'Adif prueba variante de Payares\" src=\"https:\/\/asturies.com\/sites\/default\/files\/styles\/large\/public\/tren_llaboratoriu_dadif_prueba_variante_de_payares.jpg?itok=1qZKT9Yt\" alt=\"Tren llaboratoriu d'Adif prueba variante de Payares\" width=\"458\" height=\"305\" \/><\/div>\n<\/div>\n<\/div>\n<div class=\"field field-name-body field-type-text-with-summary field-label-hidden\">\n<div class=\"field-items\">\n<div class=\"field-item even\">\n<p><em>Na semeya, les autoridaes pol\u00edtiques posen en La Robla xunto al primer tren que percorrer\u00eda la variante de Payares<\/em><\/p>\n<p><!--more--><\/p>\n<p>Diecisiete a\u00f1os depu\u00e9s del entamu de les obres, un tren pas\u00f3 pela variante de Payares. Una xornada calificada como \u201chist\u00f3rica\u201d poles autoridaes pol\u00edtiques, pero que nun dexa una fecha concreta pa la so apertura al tr\u00e1ficu, con pruebes previstes \u201chasta lo \u00faltimo del 2022\u201d, seg\u00fan confirm\u00f3 la ministra Raquel S\u00e1nchez Jim\u00e9nez.<\/p>\n<p>A les 10.22 tomaba la salida el tren llaboratoriu d\u2019Adif de La Robla. Xunto a la responsable de Tresporte, Movilid\u00e1 y Axenda Urbana, el presidente Adri\u00e1n Barb\u00f3n y el de Castilla y Lle\u00f3n, Alfonso Fernando Fern\u00e1ndez Ma\u00f1ueco.<\/p>\n<p>Per delantre 49 quil\u00f3metros hasta Campumanes, onde la llocomota aport\u00f3 media hora depu\u00e9s. Na poblaci\u00f3n \u1e37\u1e37eniza tuvu llugar l\u2019actu institucional, nel que los representantes pol\u00edticos coincidieron no hist\u00f3rico de la xornada y na importancia d\u2019una infraestructura na que s\u2019invirti\u00f3 m\u00e1s de 3.700 millones d\u2019euros.<\/p>\n<p>S\u00e1nchez Jim\u00e9nez nun punxo fecha a la so apertura, confirmando que diban siguir les pruebes \u201chasta lo \u00faltimo del 2022\u201d. Una afirmaci\u00f3n que convida a pensar nel 2023 como l\u2019a\u00f1u nel podr\u00eda tar operativu l\u2019AVE ente Madrid y Asturies.<\/p>\n<p><em>\u00a0<\/em><\/p>\n<\/div>\n<\/div>\n<\/div>\n<\/div>\n<\/div>\n<\/div>\n<\/div>\n<\/div>\n<\/div>\n<\/div>\n<\/div>\n<p>&nbsp;<\/p>\n","protected":false},"excerpt":{"rendered":"<p>Fonte noticia: Asturies.com Na semeya, les autoridaes pol\u00edtiques posen en La Robla xunto al primer tren que percorrer\u00eda la variante de Payares<\/p>\n","protected":false},"author":117,"featured_media":0,"comment_status":"open","ping_status":"open","sticky":false,"template":"","format":"standard","meta":{"footnotes":""},"categories":[232],"tags":[],"class_list":["post-9866","post","type-post","status-publish","format-standard","hentry","category-tresportes"],"_links":{"self":[{"href":"https:\/\/edublog.educastur.es\/ixuxu\/wp-json\/wp\/v2\/posts\/9866","targetHints":{"allow":["GET"]}}],"collection":[{"href":"https:\/\/edublog.educastur.es\/ixuxu\/wp-json\/wp\/v2\/posts"}],"about":[{"href":"https:\/\/edublog.educastur.es\/ixuxu\/wp-json\/wp\/v2\/types\/post"}],"author":[{"embeddable":true,"href":"https:\/\/edublog.educastur.es\/ixuxu\/wp-json\/wp\/v2\/users\/117"}],"replies":[{"embeddable":true,"href":"https:\/\/edublog.educastur.es\/ixuxu\/wp-json\/wp\/v2\/comments?post=9866"}],"version-history":[{"count":1,"href":"https:\/\/edublog.educastur.es\/ixuxu\/wp-json\/wp\/v2\/posts\/9866\/revisions"}],"predecessor-version":[{"id":9867,"href":"https:\/\/edublog.educastur.es\/ixuxu\/wp-json\/wp\/v2\/posts\/9866\/revisions\/9867"}],"wp:attachment":[{"href":"https:\/\/edublog.educastur.es\/ixuxu\/wp-json\/wp\/v2\/media?parent=9866"}],"wp:term":[{"taxonomy":"category","embeddable":true,"href":"https:\/\/edublog.educastur.es\/ixuxu\/wp-json\/wp\/v2\/categories?post=9866"},{"taxonomy":"post_tag","embeddable":true,"href":"https:\/\/edublog.educastur.es\/ixuxu\/wp-json\/wp\/v2\/tags?post=9866"}],"curies":[{"name":"wp","href":"https:\/\/api.w.org\/{rel}","templated":true}]}}